{"id":6589,"date":"2019-12-01T23:57:30","date_gmt":"2019-12-01T21:57:30","guid":{"rendered":"https:\/\/blog.ilgiornale.it\/spirli\/?p=6589"},"modified":"2019-12-02T00:23:37","modified_gmt":"2019-12-01T22:23:37","slug":"callipo-candidato-allolio-doliva","status":"publish","type":"post","link":"https:\/\/blog.ilgiornale.it\/spirli\/2019\/12\/01\/callipo-candidato-allolio-doliva\/","title":{"rendered":"Callipo, candidato all&#8217;olio d&#8217;oliva"},"content":{"rendered":"<p><em><strong>Luned\u00ec, 2 dicembre 2019, Santa Bibiana &#8211; da Casa Spirl\u00ec, in Calabria<\/strong><\/em><\/p>\n<p><a href=\"https:\/\/blog.ilgiornale.it\/spirli\/files\/2019\/12\/callipo2.jpg\"><img loading=\"lazy\" class=\"alignnone size-medium wp-image-6590\" src=\"https:\/\/blog.ilgiornale.it\/spirli\/files\/2019\/12\/callipo2-300x169.jpg\" alt=\"callipo2\" width=\"300\" height=\"169\" srcset=\"https:\/\/blog.ilgiornale.it\/spirli\/files\/2019\/12\/callipo2-300x169.jpg 300w, https:\/\/blog.ilgiornale.it\/spirli\/files\/2019\/12\/callipo2.jpg 800w\" sizes=\"(max-width: 300px) 100vw, 300px\" \/><\/a><\/p>\n<p><strong>Certo che, di olio d&#8217;oliva buono, di quello che conserva, che unge, che agevola il passaggio, il Pippo regionale se ne deve proprio intendere.<\/strong> Almeno quanto ne sa di tonno lesso e tartufo gelato. Eh, s\u00ec! A giudicare dalla velocit\u00e0 con cui slitta da una parte all&#8217;altra dell&#8217;arco costituzionale, il <strong>Commendator Callipo<\/strong> di lubrificante naturale sembra essere proprio ottimo conoscitore.<\/p>\n<p><strong>Sguisciamo un po&#8217; con lui per partiti e coalizioni&#8230;<\/strong><\/p>\n<p><a href=\"https:\/\/blog.ilgiornale.it\/spirli\/files\/2019\/12\/PHOTO-2019-12-01-10-19-22.jpg\"><img loading=\"lazy\" class=\"alignnone size-medium wp-image-6593\" src=\"https:\/\/blog.ilgiornale.it\/spirli\/files\/2019\/12\/PHOTO-2019-12-01-10-19-22-300x146.jpg\" alt=\"PHOTO-2019-12-01-10-19-22\" width=\"300\" height=\"146\" srcset=\"https:\/\/blog.ilgiornale.it\/spirli\/files\/2019\/12\/PHOTO-2019-12-01-10-19-22-300x146.jpg 300w, https:\/\/blog.ilgiornale.it\/spirli\/files\/2019\/12\/PHOTO-2019-12-01-10-19-22-1024x498.jpg 1024w, https:\/\/blog.ilgiornale.it\/spirli\/files\/2019\/12\/PHOTO-2019-12-01-10-19-22.jpg 1600w\" sizes=\"(max-width: 300px) 100vw, 300px\" \/><\/a><\/p>\n<p><strong>Al tempo della stravittoria di Scopelliti, il conservatore ittico di Pizzo era il candidato alle regionali per L&#8217;Italia dei Valori:<\/strong> al circa sessanta per cento del governatore reggino, rispose con un risicato dieci per cento, <strong>somma \u00a0dei voti personali (1,99%),<\/strong> di quelli dell&#8217;IdV e della lista Pannella Bonino. <strong>Alle elezioni successive, eccolo abbarbicato al CentroDestra di Wanda.<\/strong><\/p>\n<p><strong>Fianco a fianco con Rampelli e Santelli, Toti e Ferro.<\/strong><\/p>\n<p>Una campagna elettorale che, ricordo, lo vide protagonista dell&#8217;appoggio convinto alla mia amica catanzarese, nella sua sfortunata corsa per tentare di arginare\u00a0il pericolo rossosilano. Non ci riuscirono. Non ci riuscimmo. Non ci riusc\u00ec manco Callipo.<\/p>\n<p><a href=\"https:\/\/blog.ilgiornale.it\/spirli\/files\/2019\/12\/callipo.jpg\"><img loading=\"lazy\" class=\"alignnone size-medium wp-image-6592\" src=\"https:\/\/blog.ilgiornale.it\/spirli\/files\/2019\/12\/callipo-300x169.jpg\" alt=\"callipo\" width=\"300\" height=\"169\" srcset=\"https:\/\/blog.ilgiornale.it\/spirli\/files\/2019\/12\/callipo-300x169.jpg 300w, https:\/\/blog.ilgiornale.it\/spirli\/files\/2019\/12\/callipo.jpg 800w\" sizes=\"(max-width: 300px) 100vw, 300px\" \/><\/a><\/p>\n<p><strong>Noi siamo ancora qui. Lui, no!<\/strong><\/p>\n<p><a href=\"https:\/\/blog.ilgiornale.it\/spirli\/files\/2019\/12\/Schermata-2019-12-01-alle-22.43.04.png\"><img loading=\"lazy\" class=\"alignnone size-medium wp-image-6595\" src=\"https:\/\/blog.ilgiornale.it\/spirli\/files\/2019\/12\/Schermata-2019-12-01-alle-22.43.04-300x105.png\" alt=\"Schermata 2019-12-01 alle 22.43.04\" width=\"300\" height=\"105\" srcset=\"https:\/\/blog.ilgiornale.it\/spirli\/files\/2019\/12\/Schermata-2019-12-01-alle-22.43.04-300x105.png 300w, https:\/\/blog.ilgiornale.it\/spirli\/files\/2019\/12\/Schermata-2019-12-01-alle-22.43.04.png 843w\" sizes=\"(max-width: 300px) 100vw, 300px\" \/><\/a><\/p>\n<p><strong>Callipo, dopo aver passato notti insonni ad ascoltare le serenate grilline, che lo hanno scaricato per un prof con villa chiacchierata, \u00e8 fuggito oltrecortina.<\/strong> Nelle tundre aride e abbandonate di quel pidd\u00ec che tanto gli faceva schifo cinque anni fa. Consegnato mani, scatolette e piedi alla campagna elettorale pi\u00f9 sbrindellata per la sinistra pi\u00f9 squartata di ogni tempo, dal 1921 in avanti.<\/p>\n<p><strong>Ma Pippo, Pippo, non lo sa, che quando passa ride tutta la citt\u00e0&#8230;<\/strong><\/p>\n<p>Quando sei un Sovrano (e lui, nella sua professione, lo \u00e8), non ti puoi permettere di indossare le vesti del tuo giullare: nel gioco delle parti, a ciascuno il suo!<\/p>\n<p><strong>Ripensaci, Pippo! A volte, le antipatie politiche sono cos\u00ec amare, che anche la ventresca pi\u00f9 prelibata diventa fiele&#8230;<\/strong><\/p>\n<p><strong>E, comunque, i calabresi, stavolta, un altro voltagabbana NON SE LO MERITANO, NO!<\/strong><\/p>\n<p>&nbsp;<\/p>\n<p>&nbsp;<\/p>\n","protected":false},"excerpt":{"rendered":"<p><p>Luned\u00ec, 2 dicembre 2019, Santa Bibiana &#8211; da Casa Spirl\u00ec, in Calabria Certo che, di olio d&#8217;oliva buono, di quello che conserva, che unge, che agevola il passaggio, il Pippo regionale se ne deve proprio intendere. Almeno quanto ne sa di tonno lesso e tartufo gelato. Eh, s\u00ec! A giudicare dalla velocit\u00e0 con cui slitta da una parte all&#8217;altra dell&#8217;arco costituzionale, il Commendator Callipo di lubrificante naturale sembra essere proprio ottimo conoscitore. Sguisciamo un po&#8217; con lui per partiti e coalizioni&#8230; Al tempo della stravittoria di Scopelliti, il conservatore ittico di Pizzo era il candidato alle regionali per L&#8217;Italia dei [&hellip;]<\/p>\n&nbsp;&nbsp;<div class=\"readmore\"><a href=\"https:\/\/blog.ilgiornale.it\/spirli\/2019\/12\/01\/callipo-candidato-allolio-doliva\/\">Continua a leggere...<\/a><\/div><\/p>","protected":false},"author":1022,"featured_media":6592,"comment_status":"open","ping_status":"closed","sticky":false,"template":"","format":"standard","meta":[],"categories":[34304,87,34319,64],"tags":[347763,347762,347761,347759,347760],"_links":{"self":[{"href":"https:\/\/blog.ilgiornale.it\/spirli\/wp-json\/wp\/v2\/posts\/6589"}],"collection":[{"href":"https:\/\/blog.ilgiornale.it\/spirli\/wp-json\/wp\/v2\/posts"}],"about":[{"href":"https:\/\/blog.ilgiornale.it\/spirli\/wp-json\/wp\/v2\/types\/post"}],"author":[{"embeddable":true,"href":"https:\/\/blog.ilgiornale.it\/spirli\/wp-json\/wp\/v2\/users\/1022"}],"replies":[{"embeddable":true,"href":"https:\/\/blog.ilgiornale.it\/spirli\/wp-json\/wp\/v2\/comments?post=6589"}],"version-history":[{"count":8,"href":"https:\/\/blog.ilgiornale.it\/spirli\/wp-json\/wp\/v2\/posts\/6589\/revisions"}],"predecessor-version":[{"id":6601,"href":"https:\/\/blog.ilgiornale.it\/spirli\/wp-json\/wp\/v2\/posts\/6589\/revisions\/6601"}],"wp:featuredmedia":[{"embeddable":true,"href":"https:\/\/blog.ilgiornale.it\/spirli\/wp-json\/wp\/v2\/media\/6592"}],"wp:attachment":[{"href":"https:\/\/blog.ilgiornale.it\/spirli\/wp-json\/wp\/v2\/media?parent=6589"}],"wp:term":[{"taxonomy":"category","embeddable":true,"href":"https:\/\/blog.ilgiornale.it\/spirli\/wp-json\/wp\/v2\/categories?post=6589"},{"taxonomy":"post_tag","embeddable":true,"href":"https:\/\/blog.ilgiornale.it\/spirli\/wp-json\/wp\/v2\/tags?post=6589"}],"curies":[{"name":"wp","href":"https:\/\/api.w.org\/{rel}","templated":true}]}}