{"id":6719,"date":"2022-08-14T15:10:01","date_gmt":"2022-08-14T13:10:01","guid":{"rendered":"https:\/\/blog.ilgiornale.it\/spirli\/?p=6719"},"modified":"2022-08-14T19:35:29","modified_gmt":"2022-08-14T17:35:29","slug":"quando-non-ti-incolli-alla-poltrona","status":"publish","type":"post","link":"https:\/\/blog.ilgiornale.it\/spirli\/2022\/08\/14\/quando-non-ti-incolli-alla-poltrona\/","title":{"rendered":"Quando non ti incolli alla poltrona"},"content":{"rendered":"<p><a href=\"https:\/\/blog.ilgiornale.it\/spirli\/files\/2020\/03\/NINO-E-MAMMA.jpg\"><img loading=\"lazy\" class=\"alignnone size-medium wp-image-6678 aligncenter\" src=\"https:\/\/blog.ilgiornale.it\/spirli\/files\/2020\/03\/NINO-E-MAMMA-300x225.jpg\" alt=\"\" width=\"300\" height=\"225\" srcset=\"https:\/\/blog.ilgiornale.it\/spirli\/files\/2020\/03\/NINO-E-MAMMA-300x225.jpg 300w, https:\/\/blog.ilgiornale.it\/spirli\/files\/2020\/03\/NINO-E-MAMMA.jpg 600w\" sizes=\"(max-width: 300px) 100vw, 300px\" \/><\/a><\/p>\n<p>Domenica, 14 agosto 2022 &#8211; San Massimiliano Kolbe &#8211; Casa Spirl\u00ec, a Taurianova<\/p>\n<p>\u2026 non \u00e8 sempre facile spiegare e convincere, ma io sono caparbio e non mi scoraggio\u2026<\/p>\n<p><em>16 marzo 2020\u00a0<\/em>Capita, nella vita, che mentre sei a casa, chiuso forzatamente per l\u2019arrivo della tempesta sanitaria perfetta, e stai riempiendo il tempo sfaccendando con tua Madre, arrivi la telefonata di un amico, che, non casualmente, \u00e8 segretario federale di un partito politico.<br \/>\nNeanche la telefonata \u00e8 casuale: chiede consiglio per la nomina del primo assessore regionale del suo partito \u00a0in Calabria: io, inebetito, gli suggerisco dei nomi di persone che ritengo valide e oneste.<br \/>\nDa l\u00ec a qualche minuto, richiama. Non li rinomina nemmeno e mi comunica che, a ricoprire quel ruolo, ci andr\u00f2 io. Mi elenca una serie di \u201cdeleghe\u201d e mi augura un fraterno inboccallupo\u2026 \u00a0Penso, attonito e muto, che sia finita l\u00ec. Invece no! Dopo un\u2019oretta mi chiama il commissario regionale del partito, un rude bergamasco di buon cuore, e mi appiccica un altro postit: sei anche vicepresidente! Pi\u00f9 che contento, mi sento in una trottola da scherzo telefonico. E, ancora, invece no! Perch\u00e9 la successiva telefonata \u00e8 di Jole Santelli, la neoeletta Presidente della Giunta Regionale della Calabria. Praticamente, una sorella, seppur non di sangue. Ci conoscevamo, gi\u00e0 all\u2019epoca, da oltre vent\u2019anni; di tanto in tanto, ci assestavamo qualche sberla dialettica, ma ci amavamo alla follia! Io stravedevo per la sua bellezza, per la spontaneit\u00e0, il garbo, l\u2019eterna fanciullezza, l\u2019amore per la famiglia, l\u2019onest\u00e0\u2026 Lei mi adorava per la follia creativa, i miei amori spudorati e sconfinati, la mia fedelt\u00e0, l\u2019identico amore per la famiglia, la tenacia e il coraggio\u2026 insomma, insieme eravamo lava in corsa\u2026 Jole \u00e8 raggiante per la scelta di Salvini, caduta su di me. \u201cVieni subito in cittadella!\u201d E io, solito bambacione in queste circostanze: \u201cE come faccio? \u00c8 vietato uscire di casa\u2026\u201d Una risata e una prima presa per i fondelli \u201cNino, sei il vicepresidente della Regione\u2026\u201d<\/p>\n<p>Sono stati mesi duri. Seminavamo per gli anni futuri, su un terreno avvelenato dal virus. Ma noi eravamo ottimisti e temerari come sempre. A ottobre dello stesso anno, Jole ferma i passi terreni. Ed io, vedovo della mia Amica e Sorella, mi ritrovo in mano le redini di una regione in ginocchio. Circondato da quei satrapi della politicazza locale, arroganti e assetati di territorio come varani. Gi\u00e0 dalle prime ore, qualcuno (qualcuno????) tentava l\u2019assalto alla valigetta dei bottoni, senza fare i conti con quel \u201cgranfigliodiputtana\u201d (come ebbe a definirmi il pi\u00f9 satrapo fra i satrapi) del ff, che non era certo l\u2019ultimo arrivato in politica. In realt\u00e0, avevo la netta sensazione di essere un quadro d\u2019autore sulla parete centrale di una sala, nella quale molti fra loro non potevano accedere nemmeno con l\u2019incarico da portaombrelli. Una sensazione diventata certezza in poche ore: quelle che sono bastate per vestirmi delle necessit\u00e0 della mia Gente e non di quelle di coloro che l\u2019avevano e ci avevano preso per i fondelli per decenni! Con questa certezza, ho amministrato per un lungo e travagliato anno. Da solo. Accompagnato dalla Giunta. Ma senza poter (e voler) contare su altri e altro.<br \/>\nPer non farla lunga, ho riconsegnato un ticket elettorale, che prevedeva senza contraddittorio, la mia riconferma come vicepresidente del nuovo presidente: come avrei potuto mettere in piedi la scabrosa condizione attuale di due papi nello stesso Vaticano? Non ho voluto nemmeno partecipare alle elezioni da consigliere: perch\u00e9 far dubitare la mia Gente sul fatto che utilizzassi il ruolo attivo da presidente, per far campagna elettorale? \u00a0E, ora, in questi ultimi giorni, ho consegnato pubblicamente al segretario, amico, del partito la mia indisponibilit\u00e0 a \u201ccandidarmi\u201d al parlamento. Io, di mio, sono gi\u00e0 candido! Ecco: esiste, di tanto in tanto, un culo che non si attacca alla poltrona!<br \/>\nQuesto dovevo ai Calabresi, che, ad ogni uscita da Casa Spirl\u00ec, mi riscaldano con il loro affetto e la loro riconoscenza. Oggi, da vicepresidente della Fondazione MUSABA, mi occupo felicemente di Arte: del ricco patrimonio consegnato all\u2019Umanit\u00e0 da Nik Spatari. Lo faccio a fianco di Hiske Maas, sua compagna di una vita e temeraria e potente difensora di questa enorme Repubblica di MUSABA: sette ettari di Libert\u00e0!<\/p>\n<p>\u00c8 qui che Vi aspetto!<\/p>\n<p><a href=\"https:\/\/drive.google.com\/file\/d\/12Fs2aTTYjNj4FowLPbAALo4p13TqwaT6\/view?usp=sharing\">https:\/\/drive.google.com\/file\/d\/12Fs2aTTYjNj4FowLPbAALo4p13TqwaT6\/view?usp=sharing<\/a><\/p>\n","protected":false},"excerpt":{"rendered":"<p><p>Domenica, 14 agosto 2022 &#8211; San Massimiliano Kolbe &#8211; Casa Spirl\u00ec, a Taurianova \u2026 non \u00e8 sempre facile spiegare e convincere, ma io sono caparbio e non mi scoraggio\u2026 16 marzo 2020\u00a0Capita, nella vita, che mentre sei a casa, chiuso forzatamente per l\u2019arrivo della tempesta sanitaria perfetta, e stai riempiendo il tempo sfaccendando con tua Madre, arrivi la telefonata di un amico, che, non casualmente, \u00e8 segretario federale di un partito politico. Neanche la telefonata \u00e8 casuale: chiede consiglio per la nomina del primo assessore regionale del suo partito \u00a0in Calabria: io, inebetito, gli suggerisco dei nomi di persone che [&hellip;]<\/p>\n&nbsp;&nbsp;<div class=\"readmore\"><a href=\"https:\/\/blog.ilgiornale.it\/spirli\/2022\/08\/14\/quando-non-ti-incolli-alla-poltrona\/\">Continua a leggere...<\/a><\/div><\/p>","protected":false},"author":1022,"featured_media":0,"comment_status":"open","ping_status":"closed","sticky":false,"template":"","format":"standard","meta":[],"categories":[34304,87,34319,64,7981],"tags":[13580,83637,391541,34372,40865,391542],"_links":{"self":[{"href":"https:\/\/blog.ilgiornale.it\/spirli\/wp-json\/wp\/v2\/posts\/6719"}],"collection":[{"href":"https:\/\/blog.ilgiornale.it\/spirli\/wp-json\/wp\/v2\/posts"}],"about":[{"href":"https:\/\/blog.ilgiornale.it\/spirli\/wp-json\/wp\/v2\/types\/post"}],"author":[{"embeddable":true,"href":"https:\/\/blog.ilgiornale.it\/spirli\/wp-json\/wp\/v2\/users\/1022"}],"replies":[{"embeddable":true,"href":"https:\/\/blog.ilgiornale.it\/spirli\/wp-json\/wp\/v2\/comments?post=6719"}],"version-history":[{"count":6,"href":"https:\/\/blog.ilgiornale.it\/spirli\/wp-json\/wp\/v2\/posts\/6719\/revisions"}],"predecessor-version":[{"id":6725,"href":"https:\/\/blog.ilgiornale.it\/spirli\/wp-json\/wp\/v2\/posts\/6719\/revisions\/6725"}],"wp:attachment":[{"href":"https:\/\/blog.ilgiornale.it\/spirli\/wp-json\/wp\/v2\/media?parent=6719"}],"wp:term":[{"taxonomy":"category","embeddable":true,"href":"https:\/\/blog.ilgiornale.it\/spirli\/wp-json\/wp\/v2\/categories?post=6719"},{"taxonomy":"post_tag","embeddable":true,"href":"https:\/\/blog.ilgiornale.it\/spirli\/wp-json\/wp\/v2\/tags?post=6719"}],"curies":[{"name":"wp","href":"https:\/\/api.w.org\/{rel}","templated":true}]}}