{"id":6739,"date":"2022-09-03T12:06:50","date_gmt":"2022-09-03T10:06:50","guid":{"rendered":"https:\/\/blog.ilgiornale.it\/spirli\/?p=6739"},"modified":"2022-09-03T12:06:50","modified_gmt":"2022-09-03T10:06:50","slug":"vita-e-morte-ai-tempi-di-omicron","status":"publish","type":"post","link":"https:\/\/blog.ilgiornale.it\/spirli\/2022\/09\/03\/vita-e-morte-ai-tempi-di-omicron\/","title":{"rendered":"Vita (e morte?) ai tempi di Omicron"},"content":{"rendered":"<p>Sabato, 3 settembre 2022 &#8211; San Gregorio Magno &#8211; da Casa Spirl\u00ec, a Taurianova<\/p>\n<p><a href=\"https:\/\/blog.ilgiornale.it\/spirli\/files\/2019\/07\/Ceri-a-Lourdes.jpg\"><img loading=\"lazy\" class=\"alignnone size-medium wp-image-6475\" src=\"https:\/\/blog.ilgiornale.it\/spirli\/files\/2019\/07\/Ceri-a-Lourdes-225x300.jpg\" alt=\"\" width=\"225\" height=\"300\" srcset=\"https:\/\/blog.ilgiornale.it\/spirli\/files\/2019\/07\/Ceri-a-Lourdes-225x300.jpg 225w, https:\/\/blog.ilgiornale.it\/spirli\/files\/2019\/07\/Ceri-a-Lourdes.jpg 720w\" sizes=\"(max-width: 225px) 100vw, 225px\" \/><\/a><\/p>\n<p><strong>&#8230; e sono passati oltre due anni da quel primo orrido lockdown per covid! E siamo ancora qui!<\/strong><\/p>\n<p><strong>Con le stesse ansie, lo stesso senso di inadeguatezza, di insicurezza, di ignoranza, di deficienza.<\/strong> Non sappiamo come sia nata, questa porcheria. Non sappiamo a che punto siano, effettivamente, le ricerche e le scoperte. Chiamiamo vaccini quelli che sono, probabilmente, degli &#8220;aggiustamenti di tiro&#8221; di questa mastodontica macchinazione. S\u00ec, \u00e8 vero, forse ci salvano da morte per polmonite bilaterale, ma con quanta diffidenza da parte nostra&#8230;<\/p>\n<p><strong>Chi pu\u00f2, ci si inzuppa il biscotto:<\/strong> politici di dubbia pasta, scienziati a soggetto, blablaisti della tivv\u00f9, pennatori della carta stampata, pichidellamirandola dei social&#8230; Un&#8217;armata di \u00a0&#8220;certissimi&#8221; che sguazza nell&#8217;improvvisazione, a danno di chi &#8211; NOI &#8211; non pu\u00f2 fare altro che imboccare qualsiasi pappone venga somministrato quotidianamente.<\/p>\n<p><strong>Vita e morte &#8211; non necessariamente fisiche &#8211;<\/strong> vengono consegnate ad uno stato d&#8217;animo in eterna attesa di risposta, conferma, soluzione. Paura, nei casi estremi, o, per molte ore della giornata, preoccupazione ansiosa, comunemente e democraticamente distribuita. E la miscela diventa esplosiva. C&#8217;\u00e8, pertanto, chi reagisce in maniera scomposta, violenta e bulla, aggredendo verbalmente sia nella vita reale che in quella virtuale; c&#8217;\u00e8 chi, contati mille respiri, cerca di pesare la propria presenza e centellina parole e concetti. Tutti, in ogni caso, avvolti nella nebbia del mistero che avvolge questa fastidiosa pandemia che non ha gemelli nella storia dell&#8217;Umanit\u00e0 e dell&#8217;umanit\u00e0.<\/p>\n<p><strong>Da qualche giorno sono a casa, contagiato fra le preghiere alla Grotta di Massabielle, a Lourdes.<\/strong> Non avrei potuto chiedere di meglio, che di essere &#8220;battezzato&#8221; nel luogo che considero la mia seconda casa. Ho ricevuto la notizia della positivit\u00e0 a Omicron con una serenit\u00e0 infinita: come se, sopra a tutte queste miserie umane, ci sia (e ne sono convinto!) la mano protettrice dell&#8217;Immacolata. E, cos\u00ec, io, con la mia &#8220;fissazione&#8221; per la Fede, l&#8217;ho trasformato in un &#8220;fatto religioso&#8221;. \u00c8 la mia cura. Mi fa star bene. Non \u00e8 detto che serva per tutti.<\/p>\n<p><strong>Mentre scrivo, mi chiedo: Perch\u00e9 vita e morte?!\u00a0<\/strong>Beh, forse, non \u00e8 morte, questa follia di estremi? C&#8217;\u00e8 chi si tumula in casa, evitando la vita; chi, invece, si sparpaglia in ordine sparso e caotico, senza precauzioni per s\u00e9 e per gli altri, per le strade del mondo; chi, ancora, vaga, imitando sicumera, come se fosse &#8220;solo un raffreddore&#8221;&#8230; <strong>Direi, vita e morte, a interpretazione personale e personalizzata.<\/strong><\/p>\n<p><strong>Ognuno ha la propria giustificazione, il proprio &#8220;motivo&#8221;,<\/strong> e, come direbbero a Roma, non &#8220;schioda&#8221; da quello. Anzi, ti guarda con quell&#8217;aria di superiorit\u00e0 che ti dovrebbe far sentire un imbecille. O, al contrario, ti spinge al giudizio su di lui\/lei, e, nei casi estremi, al pregiudizio. Io, armato di questa mia \u00a0liberatoria autoironia e ironia ereditaria, guardo con occhio sornione il mondo impazzito. <strong>&#8220;S\u00ec, infatti&#8230;&#8221;,<\/strong> rispondo scemamente, a chi cerca di convincermi; e, anche, con un \u00a0<strong>&#8220;d&#8217;altronde&#8230;&#8221;<\/strong>, che mi svincola senza dire&#8230;<\/p>\n<p><strong>Ecco, io scelgo di vivere.<\/strong> Di non consegnarmi, quale che sia il sentiero da percorrere, alla paura della paura. Lo faccio adesso, da comune mortale, ma l&#8217;ho fatto anche da <strong>Presidente della Regione Calabria,<\/strong> in quell&#8217;anno in cui il Cielo mi ha voluto responsabile della mia Gente. Anzi, in quell&#8217;occasione, ho scelto di vivere e anche di FAR vivere, nonostante le grandi difficolt\u00e0 di una terra che viene saccheggiata da millenni e, soprattutto, dal dopoguerra in poi. Qui, in queste contrade, infatti, gli affari si son fatti sulla vita e sulla morte dei Calabresi.<strong> Trattando le sofferenze, sociali e sanitarie, come le arance, i limoni, i bergamotti che imperano nelle campagne: frutti da succo!!!<\/strong><\/p>\n<p><strong>Un Calabrese malato, va spremuto!!! Assieme al contenuto del paniere (la Famiglia) che gli sta intorno: tutti da passare fra i rulli, per ricavarne spiriti, succhi e finali pastoni per le bestie (poverette)!!!\u00a0<\/strong>E, cos\u00ec, anche Omicron e tutto il cucuzzaro Covid diventano un&#8217;industria danarosissima che non pu\u00f2 essere consegnata al popolo.<\/p>\n<p><strong>Questo, in quell&#8217;anno, \u00e8 stato impedito. Eccome!<\/strong> E l&#8217;attuale Presidente Occhiuto continua l&#8217;opera, migliorandola con poteri aggiuntivi!<\/p>\n<p>Ora, tocca a ciascuno di noi,<strong> in Calabria e su tutto il suolo Italiano,<\/strong> \u00a0decidere se Vivere o Morire. Se essere attivi nella lotta, o consegnarci ai pupari del Potere. Se spaventarci o recuperare la temerariet\u00e0 del Popolo Italiano.<\/p>\n<p>Le cure, le dobbiamo pretendere; i clisteri di fregature e prese per i fondelli vanno, invece, rispediti, ai mittenti. Con Vitale Coraggio! E il campo di battaglia pi\u00f9 vicino si chiama Seggio Elettorale. E l&#8217;arma pi\u00f9 efficace \u00e8 la matita copiativa!!! Riflettiamoci insieme&#8230;<\/p>\n<p>&nbsp;<\/p>\n<p>&nbsp;<\/p>\n","protected":false},"excerpt":{"rendered":"<p><p>Sabato, 3 settembre 2022 &#8211; San Gregorio Magno &#8211; da Casa Spirl\u00ec, a Taurianova &#8230; e sono passati oltre due anni da quel primo orrido lockdown per covid! E siamo ancora qui! Con le stesse ansie, lo stesso senso di inadeguatezza, di insicurezza, di ignoranza, di deficienza. Non sappiamo come sia nata, questa porcheria. Non sappiamo a che punto siano, effettivamente, le ricerche e le scoperte. Chiamiamo vaccini quelli che sono, probabilmente, degli &#8220;aggiustamenti di tiro&#8221; di questa mastodontica macchinazione. S\u00ec, \u00e8 vero, forse ci salvano da morte per polmonite bilaterale, ma con quanta diffidenza da parte nostra&#8230; Chi pu\u00f2, [&hellip;]<\/p>\n&nbsp;&nbsp;<div class=\"readmore\"><a href=\"https:\/\/blog.ilgiornale.it\/spirli\/2022\/09\/03\/vita-e-morte-ai-tempi-di-omicron\/\">Continua a leggere...<\/a><\/div><\/p>","protected":false},"author":1022,"featured_media":0,"comment_status":"open","ping_status":"closed","sticky":false,"template":"","format":"standard","meta":[],"categories":[34304,87,34319,64,7981],"tags":[391230,34372,462141,62870,49740,391540],"_links":{"self":[{"href":"https:\/\/blog.ilgiornale.it\/spirli\/wp-json\/wp\/v2\/posts\/6739"}],"collection":[{"href":"https:\/\/blog.ilgiornale.it\/spirli\/wp-json\/wp\/v2\/posts"}],"about":[{"href":"https:\/\/blog.ilgiornale.it\/spirli\/wp-json\/wp\/v2\/types\/post"}],"author":[{"embeddable":true,"href":"https:\/\/blog.ilgiornale.it\/spirli\/wp-json\/wp\/v2\/users\/1022"}],"replies":[{"embeddable":true,"href":"https:\/\/blog.ilgiornale.it\/spirli\/wp-json\/wp\/v2\/comments?post=6739"}],"version-history":[{"count":8,"href":"https:\/\/blog.ilgiornale.it\/spirli\/wp-json\/wp\/v2\/posts\/6739\/revisions"}],"predecessor-version":[{"id":6748,"href":"https:\/\/blog.ilgiornale.it\/spirli\/wp-json\/wp\/v2\/posts\/6739\/revisions\/6748"}],"wp:attachment":[{"href":"https:\/\/blog.ilgiornale.it\/spirli\/wp-json\/wp\/v2\/media?parent=6739"}],"wp:term":[{"taxonomy":"category","embeddable":true,"href":"https:\/\/blog.ilgiornale.it\/spirli\/wp-json\/wp\/v2\/categories?post=6739"},{"taxonomy":"post_tag","embeddable":true,"href":"https:\/\/blog.ilgiornale.it\/spirli\/wp-json\/wp\/v2\/tags?post=6739"}],"curies":[{"name":"wp","href":"https:\/\/api.w.org\/{rel}","templated":true}]}}