{"id":6755,"date":"2022-10-05T00:31:51","date_gmt":"2022-10-04T22:31:51","guid":{"rendered":"https:\/\/blog.ilgiornale.it\/spirli\/?p=6755"},"modified":"2022-10-05T00:31:51","modified_gmt":"2022-10-04T22:31:51","slug":"cose-poi-la-fede","status":"publish","type":"post","link":"https:\/\/blog.ilgiornale.it\/spirli\/2022\/10\/05\/cose-poi-la-fede\/","title":{"rendered":"Cos&#8217;\u00e8, poi, la Fede?"},"content":{"rendered":"<p><strong>Marted\u00ec, 4 ottobre 2022, h23.38 &#8211; San Francesco d&#8217;Assisi &#8211; da Casa Spirl\u00ec<\/strong><\/p>\n<p><a href=\"https:\/\/blog.ilgiornale.it\/spirli\/files\/2022\/10\/2A3E48C7-839E-4169-9CAE-EB7F82295BC4.jpeg\"><img loading=\"lazy\" class=\"alignnone size-medium wp-image-6758\" src=\"https:\/\/blog.ilgiornale.it\/spirli\/files\/2022\/10\/2A3E48C7-839E-4169-9CAE-EB7F82295BC4-300x300.jpeg\" alt=\"\" width=\"300\" height=\"300\" srcset=\"https:\/\/blog.ilgiornale.it\/spirli\/files\/2022\/10\/2A3E48C7-839E-4169-9CAE-EB7F82295BC4-300x300.jpeg 300w, https:\/\/blog.ilgiornale.it\/spirli\/files\/2022\/10\/2A3E48C7-839E-4169-9CAE-EB7F82295BC4-150x150.jpeg 150w, https:\/\/blog.ilgiornale.it\/spirli\/files\/2022\/10\/2A3E48C7-839E-4169-9CAE-EB7F82295BC4-768x768.jpeg 768w, https:\/\/blog.ilgiornale.it\/spirli\/files\/2022\/10\/2A3E48C7-839E-4169-9CAE-EB7F82295BC4.jpeg 960w\" sizes=\"(max-width: 300px) 100vw, 300px\" \/><\/a> <a href=\"https:\/\/blog.ilgiornale.it\/spirli\/files\/2022\/10\/7C78C5D5-0FC3-4966-B9C5-04EB7EFC694D.jpeg\"><img loading=\"lazy\" class=\"alignnone size-medium wp-image-6759\" src=\"https:\/\/blog.ilgiornale.it\/spirli\/files\/2022\/10\/7C78C5D5-0FC3-4966-B9C5-04EB7EFC694D-225x300.jpeg\" alt=\"\" width=\"225\" height=\"300\" srcset=\"https:\/\/blog.ilgiornale.it\/spirli\/files\/2022\/10\/7C78C5D5-0FC3-4966-B9C5-04EB7EFC694D-225x300.jpeg 225w, https:\/\/blog.ilgiornale.it\/spirli\/files\/2022\/10\/7C78C5D5-0FC3-4966-B9C5-04EB7EFC694D-768x1024.jpeg 768w, https:\/\/blog.ilgiornale.it\/spirli\/files\/2022\/10\/7C78C5D5-0FC3-4966-B9C5-04EB7EFC694D-1152x1536.jpeg 1152w, https:\/\/blog.ilgiornale.it\/spirli\/files\/2022\/10\/7C78C5D5-0FC3-4966-B9C5-04EB7EFC694D.jpeg 1536w\" sizes=\"(max-width: 225px) 100vw, 225px\" \/><\/a> <a href=\"https:\/\/blog.ilgiornale.it\/spirli\/files\/2022\/10\/D9D415A5-8955-4777-B895-BBB0A54DFB3F.jpeg\"><img loading=\"lazy\" class=\"alignnone size-medium wp-image-6762\" src=\"https:\/\/blog.ilgiornale.it\/spirli\/files\/2022\/10\/D9D415A5-8955-4777-B895-BBB0A54DFB3F-225x300.jpeg\" alt=\"\" width=\"225\" height=\"300\" srcset=\"https:\/\/blog.ilgiornale.it\/spirli\/files\/2022\/10\/D9D415A5-8955-4777-B895-BBB0A54DFB3F-225x300.jpeg 225w, https:\/\/blog.ilgiornale.it\/spirli\/files\/2022\/10\/D9D415A5-8955-4777-B895-BBB0A54DFB3F-768x1024.jpeg 768w, https:\/\/blog.ilgiornale.it\/spirli\/files\/2022\/10\/D9D415A5-8955-4777-B895-BBB0A54DFB3F-1152x1536.jpeg 1152w, https:\/\/blog.ilgiornale.it\/spirli\/files\/2022\/10\/D9D415A5-8955-4777-B895-BBB0A54DFB3F.jpeg 1536w\" sizes=\"(max-width: 225px) 100vw, 225px\" \/><\/a> <a href=\"https:\/\/blog.ilgiornale.it\/spirli\/files\/2022\/10\/EAA2832C-50CF-493F-A7FB-067EDD9265D8.jpeg\"><img loading=\"lazy\" class=\"alignnone size-medium wp-image-6763\" src=\"https:\/\/blog.ilgiornale.it\/spirli\/files\/2022\/10\/EAA2832C-50CF-493F-A7FB-067EDD9265D8-139x300.jpeg\" alt=\"\" width=\"139\" height=\"300\" srcset=\"https:\/\/blog.ilgiornale.it\/spirli\/files\/2022\/10\/EAA2832C-50CF-493F-A7FB-067EDD9265D8-139x300.jpeg 139w, https:\/\/blog.ilgiornale.it\/spirli\/files\/2022\/10\/EAA2832C-50CF-493F-A7FB-067EDD9265D8-473x1024.jpeg 473w, https:\/\/blog.ilgiornale.it\/spirli\/files\/2022\/10\/EAA2832C-50CF-493F-A7FB-067EDD9265D8-768x1663.jpeg 768w, https:\/\/blog.ilgiornale.it\/spirli\/files\/2022\/10\/EAA2832C-50CF-493F-A7FB-067EDD9265D8-710x1536.jpeg 710w, https:\/\/blog.ilgiornale.it\/spirli\/files\/2022\/10\/EAA2832C-50CF-493F-A7FB-067EDD9265D8.jpeg 946w\" sizes=\"(max-width: 139px) 100vw, 139px\" \/><\/a><\/p>\n<p><strong>Gi\u00e0, cos&#8217;\u00e8, in fondo, la Fede, se non quella voce interna<\/strong> che ti spinge a lanciarti nel vuoto della &#8220;inconsapevole incoscienza&#8221; con la certezza che, nel suo abisso &#8211; e solo in quello &#8211; troverai la tua divina altezza&#8230;<\/p>\n<p><strong>Nessuno nasce &#8220;fedele&#8221;, fiducioso in Dio e se stesso. O, forse, no!<\/strong> Lo nasciamo tutti, e quella innata fiducia perdiamo, passo dopo passo, nei primi anni dipendenti della nostra vita. Pi\u00f9 ci consegniamo agli altri, meno Fede manteniamo. Lasciamo che altre persone, o altri pensieri, scelgano per noi. Per noi elevino mura del tempio! Un tempio che non riconosciamo e che, dunque, tenteremo di abbattere negli anni a venire. Ogni colpo di piccone al muro imposto, pur aprendo varchi liberatori, ci sembrer\u00e0 una sorta di necessaria fuga dal divino. Dimenticando che proprio divina \u00e8 la nostra origine. E la nostra radice.<\/p>\n<p><strong>E, dunque?!<\/strong><\/p>\n<p>Che fare? Abbandonarsi, docilmente, corpo, mente e cuore all&#8217;anima che sa, oppure pretendere di poter scegliere altra strada (che, sia chiaro, non conduce ad alcun luogo sicuro, n\u00e9 veramente esistente)?<\/p>\n<p><strong>La Fede, in fondo, cos&#8217;\u00e8 se non il sentiero certo ed unico &#8211; irrinunciabile, peraltro &#8211; che ritroviamo senza cercare.<\/strong> La strada senza ragionamenti che cancella i dubbi senza che la Mente debba perennemente mentire. Minore \u00e8 il numero di pretese di Sapienza che intrecciamo a nostra vanagloria, maggiormente larga e luminosa \u00e8 la strada della consapevolezza della Presenza di Dio in tutto.<\/p>\n<p><strong>Negli ultimi respiri di questa giornata dedicata a Francesco d&#8217;Assisi,<\/strong> consegno a me stesso per primo la netta sensazione di continua liberazione dalla necessit\u00e0 di comprendere. Nessuna comprensione pu\u00f2 essere figlia di una necessit\u00e0. Perch\u00e9 non serve che sia necessaria: la comprensione \u00e8 insita. \u00c8 il filo d&#8217;oro della Creazione.<\/p>\n<p><strong>Un buon mezzo di trasporto per chi si afFida?<\/strong> La recita &#8211; lenta e scandita &#8211; delle Parole del Credo e del Gloria. Se, poi, la Fede la si vuole inchiodare per sempre, beh, allora bisogna che la recita continui &#8211; sempre lenta e sempre scandita &#8211; dell&#8217;Ave e del Magnificat.<\/p>\n<p><strong>Possono farlo anche i NON credenti, o gli appartenenti ad altra cultura: tanto, la strada verso la Luce \u00e8 UNICA&#8230;<\/strong><\/p>\n<p><strong>Tanto dovevo a Francesco d&#8217;Assisi, ringraziandoLo per aver spogliato dagli orpelli inutili lo sguardo del Credente. Finisca il giorno. E dopo il buio, sia un&#8217;altra alba&#8230;<\/strong><\/p>\n<p>&nbsp;<\/p>\n","protected":false},"excerpt":{"rendered":"<p><p>Marted\u00ec, 4 ottobre 2022, h23.38 &#8211; San Francesco d&#8217;Assisi &#8211; da Casa Spirl\u00ec Gi\u00e0, cos&#8217;\u00e8, in fondo, la Fede, se non quella voce interna che ti spinge a lanciarti nel vuoto della &#8220;inconsapevole incoscienza&#8221; con la certezza che, nel suo abisso &#8211; e solo in quello &#8211; troverai la tua divina altezza&#8230; Nessuno nasce &#8220;fedele&#8221;, fiducioso in Dio e se stesso. O, forse, no! Lo nasciamo tutti, e quella innata fiducia perdiamo, passo dopo passo, nei primi anni dipendenti della nostra vita. Pi\u00f9 ci consegniamo agli altri, meno Fede manteniamo. Lasciamo che altre persone, o altri pensieri, scelgano per noi. [&hellip;]<\/p>\n&nbsp;&nbsp;<div class=\"readmore\"><a href=\"https:\/\/blog.ilgiornale.it\/spirli\/2022\/10\/05\/cose-poi-la-fede\/\">Continua a leggere...<\/a><\/div><\/p>","protected":false},"author":1022,"featured_media":0,"comment_status":"open","ping_status":"closed","sticky":false,"template":"","format":"standard","meta":[],"categories":[247],"tags":[],"_links":{"self":[{"href":"https:\/\/blog.ilgiornale.it\/spirli\/wp-json\/wp\/v2\/posts\/6755"}],"collection":[{"href":"https:\/\/blog.ilgiornale.it\/spirli\/wp-json\/wp\/v2\/posts"}],"about":[{"href":"https:\/\/blog.ilgiornale.it\/spirli\/wp-json\/wp\/v2\/types\/post"}],"author":[{"embeddable":true,"href":"https:\/\/blog.ilgiornale.it\/spirli\/wp-json\/wp\/v2\/users\/1022"}],"replies":[{"embeddable":true,"href":"https:\/\/blog.ilgiornale.it\/spirli\/wp-json\/wp\/v2\/comments?post=6755"}],"version-history":[{"count":7,"href":"https:\/\/blog.ilgiornale.it\/spirli\/wp-json\/wp\/v2\/posts\/6755\/revisions"}],"predecessor-version":[{"id":6770,"href":"https:\/\/blog.ilgiornale.it\/spirli\/wp-json\/wp\/v2\/posts\/6755\/revisions\/6770"}],"wp:attachment":[{"href":"https:\/\/blog.ilgiornale.it\/spirli\/wp-json\/wp\/v2\/media?parent=6755"}],"wp:term":[{"taxonomy":"category","embeddable":true,"href":"https:\/\/blog.ilgiornale.it\/spirli\/wp-json\/wp\/v2\/categories?post=6755"},{"taxonomy":"post_tag","embeddable":true,"href":"https:\/\/blog.ilgiornale.it\/spirli\/wp-json\/wp\/v2\/tags?post=6755"}],"curies":[{"name":"wp","href":"https:\/\/api.w.org\/{rel}","templated":true}]}}