{"id":867,"date":"2013-10-26T00:25:42","date_gmt":"2013-10-25T22:25:42","guid":{"rendered":"https:\/\/blog.ilgiornale.it\/spirli\/?p=867"},"modified":"2013-10-26T00:44:42","modified_gmt":"2013-10-25T22:44:42","slug":"auguri-mamma-in-un-mondo-che-non-ama-i-sentimenti","status":"publish","type":"post","link":"https:\/\/blog.ilgiornale.it\/spirli\/2013\/10\/26\/auguri-mamma-in-un-mondo-che-non-ama-i-sentimenti\/","title":{"rendered":"Auguri, Mamma. In un mondo che non ama i sentimenti."},"content":{"rendered":"<p>Sabato 26 ottobre 2013 &#8211; Sant&#8217;Evaristo &#8211; Compleanno Mamma &#8211; A Casa Nostra<\/p>\n<p><a href=\"https:\/\/blog.ilgiornale.it\/spirli\/files\/2013\/10\/Lei1.jpg\"><img loading=\"lazy\" class=\"alignnone size-medium wp-image-869\" src=\"https:\/\/blog.ilgiornale.it\/spirli\/files\/2013\/10\/Lei1-300x199.jpg\" alt=\"\" width=\"300\" height=\"199\" srcset=\"https:\/\/blog.ilgiornale.it\/spirli\/files\/2013\/10\/Lei1-300x199.jpg 300w, https:\/\/blog.ilgiornale.it\/spirli\/files\/2013\/10\/Lei1.jpg 960w\" sizes=\"(max-width: 300px) 100vw, 300px\" \/><\/a><\/p>\n<p><strong>Quando nella mia vita arrivarono, tumultuosi, gli ultimi giorni di vita di mio Padre, che ho amato ed amo pi\u00f9 di ogni attimo di respiro che mi regala Dio Padre, volsi lo sguardo spaventato dal dolore verso di Lei, mia Madre, \u00a0e La trovai l\u00ec.<\/strong> <strong>Fedele<\/strong> al Suo Amore, <strong>Presente<\/strong> nel\u00a0bisogno, <strong>Rasserenata<\/strong> dalla Fede, <strong>Protettiva<\/strong> per i Suoi figli. Era l\u00ec, <strong>Bella<\/strong> nella Sua innata semplicit\u00e0. Cos\u00ec \u00e8 ancora oggi. Ha navigato coraggiosamente mari in burrasca. Ha illuminato con il sorriso cieli neri di paura e disperazione. Ha seminato sapientemente su terreni apparentemente inariditi e ne ha raccolto frutti carnosi. <strong>Conosce la Fiducia. Nel Cielo. In Se Stessa. In Noi.<\/strong><\/p>\n<p><strong>In queste ore festeggia l&#8217;ottavo giro largo della Sua vita<\/strong> ed io, Noi, Le auguriamo ancora tanti di questi giri larghi. Perch\u00e9 abbiamo ancora necessit\u00e0 del Suo Smisurato Semplice Amore. E necessit\u00e0 di farLe respirare il nostro.<\/p>\n<p><a href=\"https:\/\/blog.ilgiornale.it\/spirli\/files\/2013\/10\/IMG_1692.jpg\"><img loading=\"lazy\" class=\"alignnone size-medium wp-image-870\" src=\"https:\/\/blog.ilgiornale.it\/spirli\/files\/2013\/10\/IMG_1692-300x300.jpg\" alt=\"\" width=\"300\" height=\"300\" srcset=\"https:\/\/blog.ilgiornale.it\/spirli\/files\/2013\/10\/IMG_1692-300x300.jpg 300w, https:\/\/blog.ilgiornale.it\/spirli\/files\/2013\/10\/IMG_1692-150x150.jpg 150w, https:\/\/blog.ilgiornale.it\/spirli\/files\/2013\/10\/IMG_1692.jpg 640w\" sizes=\"(max-width: 300px) 100vw, 300px\" \/><\/a><\/p>\n<p><strong>Questa Piccola Grande Donna \u00e8 \u00a0il nostro Forziere di Saggezza<\/strong>, senza essere pedante.<strong> La Pietra Miliare<\/strong> sul cammino di ognuno di noi, senza pretendere di essere il centro delle nostre esistenze. <strong>La Quercia Possente<\/strong> della nostra Famiglia. In Lei, riposa il ricordo di nostro Padre, del Quale \u00e8 <strong>Custode Fedele di Umanit\u00e0 e Generosit\u00e0<\/strong>.<\/p>\n<p><a href=\"https:\/\/blog.ilgiornale.it\/spirli\/files\/2013\/10\/Mamma-checca.jpg\"><img loading=\"lazy\" class=\"alignnone size-medium wp-image-871\" src=\"https:\/\/blog.ilgiornale.it\/spirli\/files\/2013\/10\/Mamma-checca-300x199.jpg\" alt=\"\" width=\"300\" height=\"199\" srcset=\"https:\/\/blog.ilgiornale.it\/spirli\/files\/2013\/10\/Mamma-checca-300x199.jpg 300w, https:\/\/blog.ilgiornale.it\/spirli\/files\/2013\/10\/Mamma-checca.jpg 960w\" sizes=\"(max-width: 300px) 100vw, 300px\" \/><\/a><\/p>\n<div>\n<div>\n<div>\n<p>&nbsp;<\/p>\n<p>&nbsp;<\/p>\n<p>&nbsp;<\/p>\n<p><strong>(Dal Diario di una vecchia checca)<\/strong><\/p>\n<p><em>5 Aprile 1998 \u2013 Le Palme &#8211; \u00a0Taurianova<\/em><\/p>\n<p><em>Mamma ci ha chiesto di fare benedire palma e ulivo. Non so da quanti mesi non esca di casa e per quanti ancora non uscir\u00e0. Dorme nel suo letto a fianco a\u00a0pap\u00e0, senza mai entrare nelle lenzuola. Si appoggia sul letto e si copre con un plaid, pronta ad agire ad ogni emorragia e, se non a quella, al minimo segno di sofferenza. Tra lei e pap\u00e0, una piccola statuina della Vergine di Lourdes, di cui si sono perse le mani. Quella statuina \u00e8 il simbolo della loro fede, che io in questi mesi non ho&#8230;<\/em><\/p>\n<p><strong>Ecco, il ricordo del Suo sacrificio durante la malattia di nostro Padre \u00e8 tutto incarnato in quella statuina senza man<\/strong>i: dove nemmeno la Vergine Maria avrebbe, forse, potuto, la Sua Piccola Grande Devota interveniva silenziosamente. Mi commuovo ancora, ogni volta che quella Madonnina di resina colpisce il mio sguardo.<\/p>\n<p><a href=\"https:\/\/blog.ilgiornale.it\/spirli\/files\/2013\/10\/Mamma-PP.jpg\"><img loading=\"lazy\" class=\"alignnone size-medium wp-image-872\" src=\"https:\/\/blog.ilgiornale.it\/spirli\/files\/2013\/10\/Mamma-PP-300x199.jpg\" alt=\"\" width=\"300\" height=\"199\" srcset=\"https:\/\/blog.ilgiornale.it\/spirli\/files\/2013\/10\/Mamma-PP-300x199.jpg 300w, https:\/\/blog.ilgiornale.it\/spirli\/files\/2013\/10\/Mamma-PP.jpg 960w\" sizes=\"(max-width: 300px) 100vw, 300px\" \/><\/a><\/p>\n<\/div>\n<\/div>\n<\/div>\n<p>&nbsp;<\/p>\n<p><strong>Siamo stati premiati dalla Vita, ricevendoTi come Madre.<\/strong><\/p>\n<p>&nbsp;<\/p>\n<p>Buon compleanno, Concettina Amuso Spirl\u00ec. Buon Compleanno, Mamma.<\/p>\n<p>&nbsp;<\/p>\n<p>&#8230; fra me e me. Grato per la vita che mi ha regalato.<\/p>\n","protected":false},"excerpt":{"rendered":"<p><p>Sabato 26 ottobre 2013 &#8211; Sant&#8217;Evaristo &#8211; Compleanno Mamma &#8211; A Casa Nostra Quando nella mia vita arrivarono, tumultuosi, gli ultimi giorni di vita di mio Padre, che ho amato ed amo pi\u00f9 di ogni attimo di respiro che mi regala Dio Padre, volsi lo sguardo spaventato dal dolore verso di Lei, mia Madre, \u00a0e La trovai l\u00ec. Fedele al Suo Amore, Presente nel\u00a0bisogno, Rasserenata dalla Fede, Protettiva per i Suoi figli. Era l\u00ec, Bella nella Sua innata semplicit\u00e0. Cos\u00ec \u00e8 ancora oggi. Ha navigato coraggiosamente mari in burrasca. Ha illuminato con il sorriso cieli neri di paura e disperazione. [&hellip;]<\/p>\n&nbsp;&nbsp;<div class=\"readmore\"><a href=\"https:\/\/blog.ilgiornale.it\/spirli\/2013\/10\/26\/auguri-mamma-in-un-mondo-che-non-ama-i-sentimenti\/\">Continua a leggere...<\/a><\/div><\/p>","protected":false},"author":1022,"featured_media":0,"comment_status":"open","ping_status":"closed","sticky":false,"template":"","format":"standard","meta":[],"categories":[34304],"tags":[14771,38818,34371,11288,38817,34293],"_links":{"self":[{"href":"https:\/\/blog.ilgiornale.it\/spirli\/wp-json\/wp\/v2\/posts\/867"}],"collection":[{"href":"https:\/\/blog.ilgiornale.it\/spirli\/wp-json\/wp\/v2\/posts"}],"about":[{"href":"https:\/\/blog.ilgiornale.it\/spirli\/wp-json\/wp\/v2\/types\/post"}],"author":[{"embeddable":true,"href":"https:\/\/blog.ilgiornale.it\/spirli\/wp-json\/wp\/v2\/users\/1022"}],"replies":[{"embeddable":true,"href":"https:\/\/blog.ilgiornale.it\/spirli\/wp-json\/wp\/v2\/comments?post=867"}],"version-history":[{"count":9,"href":"https:\/\/blog.ilgiornale.it\/spirli\/wp-json\/wp\/v2\/posts\/867\/revisions"}],"predecessor-version":[{"id":881,"href":"https:\/\/blog.ilgiornale.it\/spirli\/wp-json\/wp\/v2\/posts\/867\/revisions\/881"}],"wp:attachment":[{"href":"https:\/\/blog.ilgiornale.it\/spirli\/wp-json\/wp\/v2\/media?parent=867"}],"wp:term":[{"taxonomy":"category","embeddable":true,"href":"https:\/\/blog.ilgiornale.it\/spirli\/wp-json\/wp\/v2\/categories?post=867"},{"taxonomy":"post_tag","embeddable":true,"href":"https:\/\/blog.ilgiornale.it\/spirli\/wp-json\/wp\/v2\/tags?post=867"}],"curies":[{"name":"wp","href":"https:\/\/api.w.org\/{rel}","templated":true}]}}