{"id":921,"date":"2013-11-05T10:38:12","date_gmt":"2013-11-05T08:38:12","guid":{"rendered":"https:\/\/blog.ilgiornale.it\/spirli\/?p=921"},"modified":"2013-11-05T10:42:52","modified_gmt":"2013-11-05T08:42:52","slug":"www-ilgiornaleoff-it-il-sito-degli-artisti-senza-mecenati-2","status":"publish","type":"post","link":"https:\/\/blog.ilgiornale.it\/spirli\/2013\/11\/05\/www-ilgiornaleoff-it-il-sito-degli-artisti-senza-mecenati-2\/","title":{"rendered":"www.ilgiornaleoff.it Il sito degli Artisti senza Santi in Paradiso"},"content":{"rendered":"<p>Marted\u00ec 5 novembre 2013 &#8211; San Zaccaria profeta &#8211; Taurianova<\/p>\n<p><a href=\"https:\/\/blog.ilgiornale.it\/spirli\/files\/2013\/11\/off1.jpg\"><img loading=\"lazy\" class=\"alignnone size-medium wp-image-923\" src=\"https:\/\/blog.ilgiornale.it\/spirli\/files\/2013\/11\/off1-300x99.jpg\" alt=\"\" width=\"300\" height=\"99\" srcset=\"https:\/\/blog.ilgiornale.it\/spirli\/files\/2013\/11\/off1-300x99.jpg 300w, https:\/\/blog.ilgiornale.it\/spirli\/files\/2013\/11\/off1.jpg 808w\" sizes=\"(max-width: 300px) 100vw, 300px\" \/><\/a><\/p>\n<p><em>\u00c8\u00a0passato un anno esatto da quando dalle pagine de\u00a0il Giornale\u00a0lanciai\u00a0<strong>OFF<\/strong>, un\u2019idea che avevo in testa da tanto tempo e che finalmente si\u00a0concretizzava, ogni domenica, grazie alla redazione Cultura e\u00a0Spettacolo del quotidiano milanese.<\/em><\/p>\n<p><em>\u00c8\u00a0stato un anno nel quale sono andato\u00a0a cercare, insieme ai miei collaboratori, le proposte pi\u00f9 interessanti ed\u00a0emergenti del panorama artistico italiano. \u00c8\u00a0stato un anno che \u00e8 servito a sondare il terreno e che mi ha spinto a proseguire con maggiore convinzione in\u00a0questa sfida ardita, alla scoperta degli artisti italiani che nessuno vi racconta.<\/em><\/p>\n<p><em>Nasce\u00a0cos\u00ec oggi ufficialmente\u00a0<strong>ilgiornaleOFF<\/strong>, una testata digitale assolutamente\u00a0innovativa che dar\u00e0 voce e luce alle numerose esperienze artistiche che in\u00a0questo Paese vengono insabbiate da quelle logiche di mercato a cui non mi\u00a0sono mai rassegnato.<\/em><br \/>\n<em>C\u2019\u00e8 tutto un brulicare di giovani e meno giovani che, con passione e talento, portano avanti quella che potrebbe\u00a0diventare una delle risorse pi\u00f9 importanti in Italia:<strong>l\u2019intrattenimento\u00a0culturale<\/strong>. Una tradizione che tutto il mondo ci invidia, ma che sembra\u00a0oramai dimenticata dalla nostra classe politica. \u00c8\u00a0una battaglia che, nel\u00a0mio piccolo, mi sento di portare avanti con tenacia, moltiplicando l\u2019impeto\u00a0e offrendo questa piazza virtuale a chi ama l\u2019arte e la cultura \u2018made in\u00a0Italy\u2019.<\/em><br \/>\n<em>Questo sar\u00e0 ilgiornaleOFF: un luogo d\u2019incontro non solo per addetti\u00a0ai lavori, ma anche per un pubblico popolare atrofizzato dalle solite\u00a0catatoniche offerte di svago.\u00a0Quello che vi racconteremo ogni giorno \u00e8 che\u00a0la cultura italiana pu\u00f2 essere pop, colta, anche divertente e allo stesso tempo alla portata di tutti.<\/em><br \/>\n<em>Dimentichiamoci i piagnistei, le okkupazioni\u00a0politicizzate, i finti intellettualismi dei salotti radical chic, qui l\u2019arte\u00a0non trover\u00e0 colore se non sulle tele di un pittore, nelle intonazioni\u00a0degli attori, nelle sfumature di voce di una cantante, nel viraggio della \u00a0fotografia di una pellicola\u00a0di un film. Questo \u00e8 un\u00a0<strong>sito che nasce \u2018per\u2019 e non \u2018contro\u2019<\/strong>, qui scoprirete\u00a0artisti, cantanti, attori, registi, stilisti, scrittori di cui nessuno vi\u00a0aveva parlato prima, e qui potrete ammirare le loro opere.<\/em><br \/>\n<em>Su ilgiornaleOFF\u00a0non ci saranno recensioni vere e proprie \u2013 perch\u00e9 la grandezza di\u00a0un\u2019artista, a mio avviso, la fa il pubblico e non un critico \u2013 ma segnalazioni\u00a0di performance che andremo a scoprire per voi, con interpreti di livello pronti a\u00a0spiccare il volo.<\/em><br \/>\n<em>Il sito si compone di quattro ambienti tematici:\u00a0<strong>Musica<\/strong>,\u00a0<strong>Arte<\/strong>,\u00a0<strong>Teatro<\/strong>,\u00a0<strong>Cinema<\/strong>, pi\u00f9 un quinto ambiente dedicato alle\u00a0<strong>Rubriche<\/strong>, dove si parler\u00e0 di Moda, Libri,\u00a0Fotografia e di chi non ha mai avuto Santi in Paradiso!! Inoltre ogni\u00a0settimana intervister\u00f2 al telefono quattro personaggi famosi dello Spettacolo italiano e chieder\u00f2 loro di raccontarci gli inizi della carriera, s\u00ec\u00a0insomma\u2026 quando anche loro erano OFF!<\/em><\/p>\n<p><em>Concludo col ringraziare due persone, oltre naturalmente ai tanti amici e collaboratori che stanno lavorando\u00a0con me a questo progetto: Vincenzo Basirico, CEO di Interludio,\u00a0responsabile del coordinamento editoriale che ha curato ogni dettaglio\u00a0grafico del sito e mia moglie che sposandomi ha sposato ogni mia battaglia\u00a0culturale, da sempre dalla parte dei pi\u00f9 deboli.<\/em><\/p>\n<p><em>Con il mio editoriale ci vedremo ogni luned\u00ec, insieme alle tante novit\u00e0\u00a0che spero vi appassioneranno quotidianamente. Noi ci crediamo, e ce la\u00a0stiamo mettendo tutta, a cuore aperto.<\/em><\/p>\n<p><em>Buona navigazione e benvenuti su\u00a0ilgiornaleOFF!<\/em><\/p>\n<p><em>Edoardo Sylos Labini<\/em><\/p>\n<p><a href=\"https:\/\/blog.ilgiornale.it\/spirli\/files\/2013\/11\/noi.jpg\"><img loading=\"lazy\" class=\"alignnone size-medium wp-image-928\" src=\"https:\/\/blog.ilgiornale.it\/spirli\/files\/2013\/11\/noi-300x300.jpg\" alt=\"\" width=\"300\" height=\"300\" srcset=\"https:\/\/blog.ilgiornale.it\/spirli\/files\/2013\/11\/noi-300x300.jpg 300w, https:\/\/blog.ilgiornale.it\/spirli\/files\/2013\/11\/noi-150x150.jpg 150w, https:\/\/blog.ilgiornale.it\/spirli\/files\/2013\/11\/noi.jpg 403w\" sizes=\"(max-width: 300px) 100vw, 300px\" \/><\/a><\/p>\n<p>ERA ORA!<\/p>\n<p><strong>Sono anni che lotto e lottiamo perch\u00e9 qualcuno si accorga che esistono Artisti, e che Fior di Artisti, che non godono della considerazione delle istituzioni, n\u00e9 delle grandi masse di pubblico. Il perch\u00e9 \u00e8 semplice: perch\u00e9 esistono altrettanti fior di artistardi che succhiano tutto il succhiabile.<\/strong> Dalle sovvenzioni alle ospitate, dai papponaggi politici alle amicizie altolocate, dai mecenatismi giornalistici agli accompagnamenti sessualmercenari. Mignotte, si direbbe a Roma. Mignotte dell&#8217;arte con la minuscola. Mentre le citt\u00e0, la provincia, l&#8217;Italia intera sono gonfie di Talenti che, nel loro immenso piccolo, aiutano, sostengono, incoraggiano gli italiani a superare questo mare salatissimo della tanto propagandata crisi.<\/p>\n<p><strong>Beh, io sono convinto che anche questa crisi sia costruita ad arte.<\/strong> E che con l&#8217;aiuto della gente di spettacolo, con l&#8217;ironia, con la libert\u00e0 che \u00e8 propria di chi non abbassa la testa, col coraggio di chi si batte quotidianamente per poter continuare a manifestare il proprio talento divino, questi giorni neri possiamo colorarli. Eccome!<\/p>\n<p>Solo il giullare poteva dire al Re le grandi verit\u00e0. Che ferivano mentre facevano ridere.<\/p>\n<p>Ecco, <strong>mi piace pensare che sia nato il webmagazine dei Giullari. Di Quegli Uomini Liberi che non offrono la schiena alla frusta del Potericchio politico e finanziario.<\/strong> Finiti i tempi del lecchinaggio all&#8217;assessore o al cafone neoarricchito. Finito il servilismo intellettualordo di certa marmaglia analfabeta postsessantottina. Finito il monopolio della Cultura e dell&#8217;Arte da parte di quella nomenklatura imbalsamata a fianco ai mausolei del materialismo storico e dialettico. E&#8217; tempo di liberazione vera. Di alleggerimento dal giogo dell&#8217;ipocrita convinzione che arte e potere debbano andare a braccetto per reciproco interesse.<\/p>\n<p><strong>ilgiornaleoff.it \u00e8 la Casa degli Artisti.<\/strong> Alti, ma sconosciuti al grande pubblico per volont\u00e0 altrui. Per responsabilit\u00e0 non proprie. Per colpe precise di chi affossa il Meglio per garantire strada e vita lunga al Peggio e al Mediocre. Perch\u00e9, cos\u00ec, pu\u00f2 continuare a far vendere le finte Gioconde nei grandi magazzini e i finti cd agli angoli delle strade.<\/p>\n<p>Da ieri, luned\u00ec 4 novembre 2013, il mondo virtuale e il mondo reale godono di una nuova Libert\u00e0. <strong>ilgiornaleoff.it apre, spalanca, le porte dell&#8217;Arte a tutti.<\/strong> Musica, Teatro, Cinema, Arti figurative e plastiche, Rubriche speciali\u2026 Tanto di Tanto, Per Tutti.<\/p>\n<p><strong>Visitatelo!!!<\/strong><\/p>\n<p>L&#8217;appuntamento sia quotidiano, perch\u00e9 gli appuntamenti sono quotidiani. In tutta Italia.<\/p>\n<p>(Dimenticavo: gi\u00f9\u2026 in fondo alla pagina del sito, <strong>&#8220;Senza santi in paradiso&#8221;<\/strong> racconta ogni settimana di rabbie e ironie\u2026 \u00e8 roba mia!!! )<\/p>\n<p>\u2026 fra me e me. Ringraziando il Cielo di avermi regalato un talento.<\/p>\n<p>&nbsp;<\/p>\n","protected":false},"excerpt":{"rendered":"<p><p>Marted\u00ec 5 novembre 2013 &#8211; San Zaccaria profeta &#8211; Taurianova \u00c8\u00a0passato un anno esatto da quando dalle pagine de\u00a0il Giornale\u00a0lanciai\u00a0OFF, un\u2019idea che avevo in testa da tanto tempo e che finalmente si\u00a0concretizzava, ogni domenica, grazie alla redazione Cultura e\u00a0Spettacolo del quotidiano milanese. \u00c8\u00a0stato un anno nel quale sono andato\u00a0a cercare, insieme ai miei collaboratori, le proposte pi\u00f9 interessanti ed\u00a0emergenti del panorama artistico italiano. \u00c8\u00a0stato un anno che \u00e8 servito a sondare il terreno e che mi ha spinto a proseguire con maggiore convinzione in\u00a0questa sfida ardita, alla scoperta degli artisti italiani che nessuno vi racconta. Nasce\u00a0cos\u00ec oggi ufficialmente\u00a0ilgiornaleOFF, una testata [&hellip;]<\/p>\n&nbsp;&nbsp;<div class=\"readmore\"><a href=\"https:\/\/blog.ilgiornale.it\/spirli\/2013\/11\/05\/www-ilgiornaleoff-it-il-sito-degli-artisti-senza-mecenati-2\/\">Continua a leggere...<\/a><\/div><\/p>","protected":false},"author":1022,"featured_media":0,"comment_status":"open","ping_status":"closed","sticky":false,"template":"","format":"standard","meta":[],"categories":[34304,87,34319],"tags":[38836,391539,23850,38835,9895,18066],"_links":{"self":[{"href":"https:\/\/blog.ilgiornale.it\/spirli\/wp-json\/wp\/v2\/posts\/921"}],"collection":[{"href":"https:\/\/blog.ilgiornale.it\/spirli\/wp-json\/wp\/v2\/posts"}],"about":[{"href":"https:\/\/blog.ilgiornale.it\/spirli\/wp-json\/wp\/v2\/types\/post"}],"author":[{"embeddable":true,"href":"https:\/\/blog.ilgiornale.it\/spirli\/wp-json\/wp\/v2\/users\/1022"}],"replies":[{"embeddable":true,"href":"https:\/\/blog.ilgiornale.it\/spirli\/wp-json\/wp\/v2\/comments?post=921"}],"version-history":[{"count":9,"href":"https:\/\/blog.ilgiornale.it\/spirli\/wp-json\/wp\/v2\/posts\/921\/revisions"}],"predecessor-version":[{"id":931,"href":"https:\/\/blog.ilgiornale.it\/spirli\/wp-json\/wp\/v2\/posts\/921\/revisions\/931"}],"wp:attachment":[{"href":"https:\/\/blog.ilgiornale.it\/spirli\/wp-json\/wp\/v2\/media?parent=921"}],"wp:term":[{"taxonomy":"category","embeddable":true,"href":"https:\/\/blog.ilgiornale.it\/spirli\/wp-json\/wp\/v2\/categories?post=921"},{"taxonomy":"post_tag","embeddable":true,"href":"https:\/\/blog.ilgiornale.it\/spirli\/wp-json\/wp\/v2\/tags?post=921"}],"curies":[{"name":"wp","href":"https:\/\/api.w.org\/{rel}","templated":true}]}}