{"id":966,"date":"2013-11-15T00:41:01","date_gmt":"2013-11-14T22:41:01","guid":{"rendered":"https:\/\/blog.ilgiornale.it\/spirli\/?p=966"},"modified":"2013-11-15T09:27:54","modified_gmt":"2013-11-15T07:27:54","slug":"galere-italiane-strapiene-di-stranieri-quanto-ci-costa-kabobo","status":"publish","type":"post","link":"https:\/\/blog.ilgiornale.it\/spirli\/2013\/11\/15\/galere-italiane-strapiene-di-stranieri-quanto-ci-costa-kabobo\/","title":{"rendered":"Galere italiane strapiene di stranieri. Quanto ci costa Kabobo?"},"content":{"rendered":"<p>Gioved\u00ec 14 novembre 2013 &#8211; San Giocondo Vescovo &#8211; Roma<\/p>\n<p>Quanto mi ci arrabbio, io, su questa storia delle carceri piene!<\/p>\n<p><a href=\"https:\/\/blog.ilgiornale.it\/spirli\/files\/2013\/11\/carceri-300x211.jpg\"><img loading=\"lazy\" class=\"alignnone size-full wp-image-976\" src=\"https:\/\/blog.ilgiornale.it\/spirli\/files\/2013\/11\/carceri-300x211.jpg\" alt=\"\" width=\"300\" height=\"211\" \/><\/a><\/p>\n<p><strong>67mila detenuti circa.<\/strong> Dati del mese di febbraio scorso. <strong>Quasi 25mila sono detenuti stranieri<\/strong> e, fra loro, un&#8217;alta percentuale \u00e8 rappresentata dagli irregolari. Se li spedissimo nei Paesi d&#8217;origine, la spesa per il loro mantenimento sarebbe pi\u00f9 che ridotta. E, senza tema di smentita, sarebbe un bel deterrente per il futuro. Infatti, nei loro Paesi, questi delinquenti si guardano bene dal commettere cazzate. <strong>L\u00ec, non scherzano n\u00e9 a condanne, n\u00e9 a qualit\u00e0 di ospitalit\u00e0. Gli farebbero un mazzo come una capanna.<\/strong><\/p>\n<p>Qui da noi, invece, al limite stanno stretti. Ma il trattamento \u00e8 pi\u00f9 che confortevole. Per loro. <strong>Per i nostri, invece, proprio per colpa del sovraffollamento, la detenzione diventa pi\u00f9 dura e difficile. Spesso insopportabile. E disumana.<\/strong> Quando ho visitato un carcere femminile, nonostante, ad onor del vero, abbia riscontrato grande umanit\u00e0 nei confronti delle detenute, i disagi affioravano dietro ai sorrisi di circostanza. E molti derivavano proprio dalla diversit\u00e0 culturale, religiosa, sociale. Dalla differente abitudine igienica o gastronomica. Dalla diversit\u00e0 di reato. Alcuni insopportabili anche alla pi\u00f9 paziente morale italiana. <strong>Un mio enorme amico del cuore, detenuto forzatamente e scarcerato intelligentemente &#8211; anche se dopo un lungo tiremmolla &#8211; ha patito nel profondo, anche e soprattutto per l&#8217;eccessiva promiscuit\u00e0. Eccessiva, dico. Non si aspettava un trattamento da villaggio vacanze. Ma nemmeno una sorta di galera plurietnica senza regole n\u00e9 rispetto.<a href=\"https:\/\/blog.ilgiornale.it\/spirli\/files\/2013\/11\/reginacoeli2606.jpg\"><img loading=\"lazy\" class=\"alignnone size-medium wp-image-978\" src=\"https:\/\/blog.ilgiornale.it\/spirli\/files\/2013\/11\/reginacoeli2606-300x190.jpg\" alt=\"\" width=\"300\" height=\"190\" srcset=\"https:\/\/blog.ilgiornale.it\/spirli\/files\/2013\/11\/reginacoeli2606-300x190.jpg 300w, https:\/\/blog.ilgiornale.it\/spirli\/files\/2013\/11\/reginacoeli2606.jpg 622w\" sizes=\"(max-width: 300px) 100vw, 300px\" \/><\/a><\/strong><\/p>\n<p>S\u00ec. Sono troppi fuori e troppi dentro. Ci stanno costringendo a stare male ovunque.<\/p>\n<p>Ormai \u00e8 un coro di proteste. <strong>Anche il &#8220;magico&#8221; Renato Zero s&#8217;\u00e8 rotto i maroni ed ha protestato.<\/strong> E non solo lui. Ripeto, siamo un coro. Che non pu\u00f2 rimanere inascoltato. L&#8217;Europa di frau Merkel ci impone regole che nessun altro Paese dell&#8217;Unione rispetta. <strong>La Francia di sinistra li sputa via. La Gran Bretagna gli impone doveri che somigliano a condanne. La Spagna cattolicissima gli spara addosso. Il Quarto Reich manco lo nomino.<\/strong> E non vengano i soliti tirapiedi europeisti a farmi la morale, ch\u00e9, poi, anche loro si fanno rodere il chicchero quando si devono mettere in fila dietro ad un esercito di neoeuropei nemici dell&#8217;Occidente e della nostra Storia.<br \/>\n<strong>Vengono, delinquono e ci spernacchiano. Anche dalle celle. Mentre noi spalanchiamo le braccia, consigliati dal papa che viene dalla fine del mondo. Gli apparecchiamo la tavola e li arrestiamo solo se si consegnano con le mani nel sacco..<\/strong> Poi, li processiamo e, se non possiamo farne a meno, li accomodiamo nelle nostre galere. Per noi insopportabili. Per loro pi\u00f9 confortevoli degli scatoloni sul marciapiedi. Manca solo che gli garantiamo la carne di agnelli sgozzati l\u00ec per l\u00ec o un kebab fatto trottolare nel parlatorio.<\/p>\n<p><a href=\"https:\/\/blog.ilgiornale.it\/spirli\/files\/2013\/11\/cecilekienge-0ebaa32a159e9793a770479c1bec94c4.jpg\"><img loading=\"lazy\" class=\"alignnone size-medium wp-image-980\" src=\"https:\/\/blog.ilgiornale.it\/spirli\/files\/2013\/11\/cecilekienge-0ebaa32a159e9793a770479c1bec94c4-300x182.jpg\" alt=\"\" width=\"300\" height=\"182\" srcset=\"https:\/\/blog.ilgiornale.it\/spirli\/files\/2013\/11\/cecilekienge-0ebaa32a159e9793a770479c1bec94c4-300x182.jpg 300w, https:\/\/blog.ilgiornale.it\/spirli\/files\/2013\/11\/cecilekienge-0ebaa32a159e9793a770479c1bec94c4.jpg 400w\" sizes=\"(max-width: 300px) 100vw, 300px\" \/><\/a><br \/>\nNo. Non si pu\u00f2. Ne abbiamo piene le scatole. E, dunque\u2026 <strong>S\u00ec allo svuotacarceri, soprattutto se ad aspettarli fuori dal cancello ci sono delle navette pronte ad accompagnarli nel cuore delle piste di rullaggio dove stanno per decollare dei capientissimi aerei delle compagnie di bandiera dei loro Paesi.<\/strong> Altrimenti, facciamoli lavorare e il salario diamolo alle famiglie delle loro vittime.<\/p>\n<p>&#8230; Fra me e me. Sine pietate.<\/p>\n","protected":false},"excerpt":{"rendered":"<p><p>Gioved\u00ec 14 novembre 2013 &#8211; San Giocondo Vescovo &#8211; Roma Quanto mi ci arrabbio, io, su questa storia delle carceri piene! 67mila detenuti circa. Dati del mese di febbraio scorso. Quasi 25mila sono detenuti stranieri e, fra loro, un&#8217;alta percentuale \u00e8 rappresentata dagli irregolari. Se li spedissimo nei Paesi d&#8217;origine, la spesa per il loro mantenimento sarebbe pi\u00f9 che ridotta. E, senza tema di smentita, sarebbe un bel deterrente per il futuro. Infatti, nei loro Paesi, questi delinquenti si guardano bene dal commettere cazzate. L\u00ec, non scherzano n\u00e9 a condanne, n\u00e9 a qualit\u00e0 di ospitalit\u00e0. Gli farebbero un mazzo come [&hellip;]<\/p>\n&nbsp;&nbsp;<div class=\"readmore\"><a href=\"https:\/\/blog.ilgiornale.it\/spirli\/2013\/11\/15\/galere-italiane-strapiene-di-stranieri-quanto-ci-costa-kabobo\/\">Continua a leggere...<\/a><\/div><\/p>","protected":false},"author":1022,"featured_media":0,"comment_status":"open","ping_status":"closed","sticky":false,"template":"","format":"standard","meta":[],"categories":[34304,34319],"tags":[38846,38847,38850,34516,2229,38849],"_links":{"self":[{"href":"https:\/\/blog.ilgiornale.it\/spirli\/wp-json\/wp\/v2\/posts\/966"}],"collection":[{"href":"https:\/\/blog.ilgiornale.it\/spirli\/wp-json\/wp\/v2\/posts"}],"about":[{"href":"https:\/\/blog.ilgiornale.it\/spirli\/wp-json\/wp\/v2\/types\/post"}],"author":[{"embeddable":true,"href":"https:\/\/blog.ilgiornale.it\/spirli\/wp-json\/wp\/v2\/users\/1022"}],"replies":[{"embeddable":true,"href":"https:\/\/blog.ilgiornale.it\/spirli\/wp-json\/wp\/v2\/comments?post=966"}],"version-history":[{"count":11,"href":"https:\/\/blog.ilgiornale.it\/spirli\/wp-json\/wp\/v2\/posts\/966\/revisions"}],"predecessor-version":[{"id":974,"href":"https:\/\/blog.ilgiornale.it\/spirli\/wp-json\/wp\/v2\/posts\/966\/revisions\/974"}],"wp:attachment":[{"href":"https:\/\/blog.ilgiornale.it\/spirli\/wp-json\/wp\/v2\/media?parent=966"}],"wp:term":[{"taxonomy":"category","embeddable":true,"href":"https:\/\/blog.ilgiornale.it\/spirli\/wp-json\/wp\/v2\/categories?post=966"},{"taxonomy":"post_tag","embeddable":true,"href":"https:\/\/blog.ilgiornale.it\/spirli\/wp-json\/wp\/v2\/tags?post=966"}],"curies":[{"name":"wp","href":"https:\/\/api.w.org\/{rel}","templated":true}]}}