{"id":1003,"date":"2012-07-17T13:30:08","date_gmt":"2012-07-17T12:30:08","guid":{"rendered":"https:\/\/blog.ilgiornale.it\/taliani\/?p=1003"},"modified":"2012-07-23T09:31:27","modified_gmt":"2012-07-23T08:31:27","slug":"le-incompiute-dei-due-pier","status":"publish","type":"post","link":"https:\/\/blog.ilgiornale.it\/taliani\/2012\/07\/17\/le-incompiute-dei-due-pier\/","title":{"rendered":"Le incompiute dei due Pier"},"content":{"rendered":"<p>[photopress:bersani_casini1.jpg,thumb,alignleft]Chiss\u00e0 se davvero i due Pier della politica (Casini e Bersani) riusciranno a convolare a nozze (politiche) per mettere in piedi un all&#8217;alleanza elettorale che dovrebbe essere &#8220;nuova&#8221; e &#8220;diversa&#8221; agli occhi degli elettori. Casini il bianco, fervente devoto di Mario Monti e del &#8220;montismo&#8221; senza se e senza ma e Bersani il rosso, meno devoto dell&#8217;altro Pier nell&#8217;appoggio a premier bocconiano, tanto da aver sostenuto di recente che il dopo Monti non prevede un bis ma eventualmente un governo a trazione Pd fra continuit\u00e0 ma anche scelte diverse (quali per ora non l&#8217;ha detto, non sia mai si scateni un putiferio), giocano una parttita non facile e duettano fra qualche imbarazzo, non pochi problemi e contraddizioni.<\/p>\n<p>Casini ad esempio, dopo l&#8217;Udc, il Terzo Polo subito defunto, il Partito della nazione mai nato, manovra da consumato ex democristiano per tessere la tela di un centro in grado di &#8220;pesare&#8221; nel gioca delle alleanze, il famigerato (se si ricorda la Prima Repubblica) ago della bilancia: un cocktail di ex dc, ex Pdl (resta da vedere cosa faranno Montezemolo e i suoi) che dovrebbe stringere il patto con il Pd degli ex Pci e degli ex dc di sinistra dai quali a suo tempo Casini il moderato si allontan\u00f2 dopo il crollo della Dc.<\/p>\n<p>Ma questa \u00e8 davvero storia lontana, conta l&#8217;oggi e Pier dice &#8211; a scanso di equivoci &#8211; che \u00e8 importante prevalga un Pd &#8220;riformista ed europeo&#8221; mentre se la sinistra rester\u00e0 aggrappata &#8220;al radicalismo e al neo populismo&#8221; perder\u00e0 un&#8217;occasione storica. Messaggio per il buon Bersani alle prese con le due anime della sinistra che sconquassano il Pd, lo dividono, ne segnano le difficolt\u00e0 di una sintesi che per ora svela l&#8217;amalgama mal riuscito di una sinistra che si divide sull&#8217;appoggio al governo Monti, sui diritti civili e i matrimoni gay con <a href=\"https:\/\/www.ilgiornale.it\/news\/interni\/bersani-frustrato-i-gay-si-scaglia-su-grillo.html\" target=\"_blank\">Bersani che si scaglia su Grillo<\/a>, sulla leadership, sulle primarie, su Renzi (che duetta con Prodi), su Vendola e su Di Pietro&#8230; Divisioni, con in mezzo il solito gelo fra D&#8217;Alema e Veltroni, che si accentuano dopo l&#8217;annuncio del ritorno in campo di Berlusconi.<\/p>\n<p>E Casini avverte Bersani: non si illuda, se intesa ci sar\u00e0, &#8220;sui temi eticamente sensibili non si creeranno alleanze politiche&#8221;. Doppio <em>niet<\/em> insomma, come precondizione: niente matrimoni gay, e il duo Vendola &#8211; Di Pietro &#8220;fuori dai miei progetti&#8221;&#8230; Domanda: ma quei progetti con alleanza piddina inclusa,\u00a0 saranno digeriti dall&#8217;elettorato dell&#8217;ex Udc? Davvero l&#8217;elettorato moderato, al momento di votare, star\u00e0 con i due Pier? E viceversa, quanto grande sar\u00e0 la fuga dal Pd nel caso Vendola e Di Pietro restassero fuori?<\/p>\n<p>Resta poi da capire su cosa si metteranno d&#8217;accordo i due Pier in tema di legge elettorale, visto che Casini vuole le preferenze mentre Bersani non ne vuol sentir parlare. Vallo a sapere. Pare che qualche democrat in ordine sparso abbia inziato a balbettare la parola &#8220;preferenze&#8221;, ma Bersani non \u00e8 tra questi.<\/p>\n<p>Faccio un altro esempio di &#8220;sintesi&#8221; da trovare, nel concreto: si parla e riparla di patrimoniale, gi\u00e0, ma quale? Perch\u00e9 il principio corretto dovrebbe essere quello di tassare la capacit\u00e0 di reddito del patrimonio, e da questo principio mi sembra che la sinistra sia abbondantemente agli antipodi (tassare anche senza introiti da parte del tassato). Altro esempio: stesse posizioni sulla spending review? Sull&#8217;abbinata Fiom &#8211; Cgil? Su scuole pubbliche e private? Mi fermo qui, in attesa di sviluppi e di qualcosa di pi\u00f9 concreto in termini di proposte di governo da parte dei due Pier che non si fermino alle solite enunciazioni generiche, rituali e politicamente ipocrite.<\/p>\n<p>Con avvisaglie di guerriglia a livello locale. A Genova infatti il sindaco vendoliano Marco Doria ha affondato il patto fra Pd e Udc che doveva portare i casiniani nella maggioranza. Segnali di guerra, sale anche lo spread del centro sinistra&#8230;<\/p>\n<p>Per ora siamo alle incompiute. <em>More solito<\/em>, salvo irridere la ridiscesa in campo del Cavaliere che li spaventa\u00a0 (ma non ripetono che \u00e8 fuorigioco, cosa temono?)&#8230; La verit\u00e0 \u00e8 che siamo di fronte a giochetti che sanno di vecchia politica, di politica dei due forni, appunto.\u00a0 Nulla di nuovo sul fronte, insomma. Purtroppo.<\/p>\n<p><a href=\"https:\/\/www.ilgiornale.it\/news\/interni\/strategia-nuova-legge-elettorale-e-grande-coalizione-nel.html\" target=\"_blank\"><strong>Casini cerca di sfasciare Pdl e Pd<\/strong> <\/a>di <em>Paola Setti<\/em><\/p>\n<p><a href=\"https:\/\/www.ilgiornale.it\/news\/interni\/se-i-gay-dettano-alleanze-pd.html\" target=\"_blank\"><strong>Se i gay dettano le alleanze al Pd<\/strong><\/a> di <em>Fabrizio Rondolino<\/em><\/p>\n<p><a href=\"https:\/\/www.ilgiornale.it\/news\/interni\/volano-stracci-pietro-lotta-continua-sulla-bindi.html\" target=\"_blank\"><strong>Volano stracci con Di Pietro. Lotta continua sulla Bindi<\/strong><\/a> di <em>Laura Cesaretti<\/em><\/p>\n","protected":false},"excerpt":{"rendered":"<p><p>[photopress:bersani_casini1.jpg,thumb,alignleft]Chiss\u00e0 se davvero i due Pier della politica (Casini e Bersani) riusciranno a convolare a nozze (politiche) per mettere in piedi un all&#8217;alleanza elettorale che dovrebbe essere &#8220;nuova&#8221; e &#8220;diversa&#8221; agli occhi degli elettori. Casini il bianco, fervente devoto di Mario Monti e del &#8220;montismo&#8221; senza se e senza ma e Bersani il rosso, meno devoto dell&#8217;altro Pier nell&#8217;appoggio a premier bocconiano, tanto da aver sostenuto di recente che il dopo Monti non prevede un bis ma eventualmente un governo a trazione Pd fra continuit\u00e0 ma anche scelte diverse (quali per ora non l&#8217;ha detto, non sia mai si scateni [&hellip;]<\/p>\n&nbsp;&nbsp;<div class=\"readmore\"><a href=\"https:\/\/blog.ilgiornale.it\/taliani\/2012\/07\/17\/le-incompiute-dei-due-pier\/\">Continua a leggere...<\/a><\/div><\/p>","protected":false},"author":7,"featured_media":0,"comment_status":"open","ping_status":"closed","sticky":false,"template":"","format":"standard","meta":[],"categories":[64],"tags":[11805,10085,11765,5705,8189,11737,7978,11709,125,6749,2913,9126,131,11803,3163,256467,11752,5720,9546,11799,5742,11806,102,8194,5735,256468],"_links":{"self":[{"href":"https:\/\/blog.ilgiornale.it\/taliani\/wp-json\/wp\/v2\/posts\/1003"}],"collection":[{"href":"https:\/\/blog.ilgiornale.it\/taliani\/wp-json\/wp\/v2\/posts"}],"about":[{"href":"https:\/\/blog.ilgiornale.it\/taliani\/wp-json\/wp\/v2\/types\/post"}],"author":[{"embeddable":true,"href":"https:\/\/blog.ilgiornale.it\/taliani\/wp-json\/wp\/v2\/users\/7"}],"replies":[{"embeddable":true,"href":"https:\/\/blog.ilgiornale.it\/taliani\/wp-json\/wp\/v2\/comments?post=1003"}],"version-history":[{"count":18,"href":"https:\/\/blog.ilgiornale.it\/taliani\/wp-json\/wp\/v2\/posts\/1003\/revisions"}],"predecessor-version":[{"id":1021,"href":"https:\/\/blog.ilgiornale.it\/taliani\/wp-json\/wp\/v2\/posts\/1003\/revisions\/1021"}],"wp:attachment":[{"href":"https:\/\/blog.ilgiornale.it\/taliani\/wp-json\/wp\/v2\/media?parent=1003"}],"wp:term":[{"taxonomy":"category","embeddable":true,"href":"https:\/\/blog.ilgiornale.it\/taliani\/wp-json\/wp\/v2\/categories?post=1003"},{"taxonomy":"post_tag","embeddable":true,"href":"https:\/\/blog.ilgiornale.it\/taliani\/wp-json\/wp\/v2\/tags?post=1003"}],"curies":[{"name":"wp","href":"https:\/\/api.w.org\/{rel}","templated":true}]}}