{"id":112,"date":"2010-05-21T10:18:33","date_gmt":"2010-05-21T09:18:33","guid":{"rendered":"https:\/\/blog.ilgiornale.it\/taliani\/2010\/05\/21\/san-michele-martire\/"},"modified":"2010-05-25T15:36:04","modified_gmt":"2010-05-25T14:36:04","slug":"san-michele-martire","status":"publish","type":"post","link":"https:\/\/blog.ilgiornale.it\/taliani\/2010\/05\/21\/san-michele-martire\/","title":{"rendered":"San Michele (martire&#8230;?)"},"content":{"rendered":"<p>[photopress:RAI__SAN_1.JPG,thumb,alignleft]&#8221;Chi volete, Barabba o&#8230; Michele?&#8221; Il virgolettato \u00e8 mio, sia chiaro, libera interpretazione del Michele Santoro pensiero espresso nell&#8217;ultimo Annozero, quello andato in onda dopo l&#8217;annuncio choc (soprattutto per la sinistra e il popolo della sinistra che segue il verbo dei professionisti dell&#8217;anti-berlusconismo duro e puro, senza se e senza ma) dell&#8217;accordo fra Santoro e la Rai (con allegata vagonata di milioni di euro pro-conduttore che continuer\u00e0 a non aver il problema di arrivare ogni mese alla terza settimana).\u00a0 Ecco l&#8217;editoriale che arriva puntuale in diretta. Il bersaglio, o i bersagli? Il Cavaliere? Ma no&#8230; L&#8217;opposizione che non lo segue e non lo ama ( o che \u00e8 esperta pi\u00f9 di &#8220;valori immobiliari&#8221; che di tv come l&#8217;Idv) e che lui mette all&#8217;indice, additandola al &#8220;suo&#8221; popolo, quello dei santoriani movimento (o partito virtuale?) catodico che si abbevera al suo verbo.<br \/>\nQualche frase di Michele.<br \/>\n&#8220;Se voi pensate che Annozero sia un prodotto proibito, scabroso del servizio pubblico, che non prevede quel tasso di libert\u00e0, di spregiudicatezza, di senso critico, allora lasciatemi andare via. Posso ritrovare recuperare quel respiro di libert\u00e0 che ha caratterizzato Raiperunanotte e non restare accerchiato come il generale Custer e restare vittima degli amici e dei nemici&#8221; dice rivolgendosi a Sergio Zavoli, a Pierluigi Bersani e ai consiglieri del Pd.<\/p>\n<p>&#8220;Scrive qualcuno\u00a0 che io sono stanco e provato da tutto questo. Non sono stanco anche se sono alla fine di una stagione. si pu\u00f2 accusare qualcuno di essere poco combattivo. Ma quale giornalista della Rai, di Repubblica o del Corriere della Sera avrebbe messo in onda Patrizia D\u2019Addario quando aveva sul tavolo una diffida dell\u2019ufficio legale della Rai che diceva qualsiasi cosa succeda \u00e8 tutta colpa tua?&#8221;.<br \/>\nCon &#8220;quei cialtroni del Pd che hanno detto che io mi sono venduto a Berlusconi, quelli non vale la pena nemmeno di prendere un caff\u00e8&#8230;&#8221;.<br \/>\n&#8220;Quando Curzio Maltese, che \u00e8 un mio amico, scrive che Santoro si \u00e8 arreso a Berlusconi, \u00e8 grave. Non mi sono mai arreso ma nemmeno mi sono arreso all\u2019indifferenza del suo giornale, la Repubblica, per i problemi che riguardano la libert\u00e0 del giornalista televisivo. Dove era Repubblica quando noi venivamo sanzionati dall\u2019Authority per le Comunicazioni in disprezzo di quello che prevede la Costituzione per la libert\u00e0 di espressione? Dov\u2019era quando si abolivano i docudrama, un genere in voga in tutta Europa diventato proibito in Italia?&#8221;. Stoccata a Travaglio, chiamata di &#8220;correit\u00e0&#8221; per De Bortoli, Mauro e Calabresi (direttori di Corsera, Repubblica e Stampa). Ce n&#8217;\u00e8 per tutti.<br \/>\nE tutto si racchiude in quel: &#8220;Firmo o no?&#8221;. Messaggio al Pd e alla Tv di Stato. Nella rappresentazione che ha di se stesso,\u00a0Santoro \u00e8 la tesi e l&#8217;antitesi hegeliana della libert\u00e0 di pensiero e della libert\u00e0 di stampa. Non c&#8217;\u00e8 altro al di fuori di questo e &#8220;Raiperunanotte&#8221; \u00e8 la sintesi perfetta, Luttazzi incluso con la sua &#8220;forza eversiva&#8221; libera di esprimersi. &#8220;Firmo o no?&#8221;, dunque. Se non la pensate come me (e se non posso andare avanti cos\u00ec) &#8220;lasciatemi andar via&#8221;.\u00a0 Ci sar\u00e0 qualcuno in questa sinistra\u00a0 che vorr\u00e0 salvare il soldato Santoro? O lo condanner\u00e0 a percorrere altre strade ricco e infelice?<br \/>\nAnche perch\u00e9 la difesa di Bersani dice e non dice perch\u00e9 fa un paragone a mio parere non rproprio felice, visto che della Rai dice: \u00e8 come &#8220;se l\u2019Inter spendesse milioni per mandare via  Balotelli&#8221;. Il Balotelli gran giocatore ma anche&#8230;. diciamo &#8220;ragazzaccio ingestibile&#8230;&#8221; (questo virgolettato \u00e8 mio). L&#8217;informazione di Santoro sulla rai come il calcio spettacolo da bar: sangue e lacrime nell&#8217;arena televisiva come nella curva degli ultras. Bersani francamente poteva risparmiearsela. Passi per la difesa di Di Pietro (quello che se gli \u00e8 utile va in conferenza stampa anche con Calderoli&#8230;).\u00a0 Del resto nel Pd c&#8217;\u00e8 chi dice che San Michele &#8220;ha sputato sangue per difenderlo e ridargli una  trasmissione come voleva lui, ben sapendo che poi l\u2019avrebbe usata per  attaccarci come ha sempre fatto: Santoro ha sempre portato molti pi\u00f9  voti a Berlusconi che a noi, questo \u00e8 chiaro&#8221;. Della serie, quello che teniamo in squadra anche se poi giocano contro&#8230;<\/p>\n","protected":false},"excerpt":{"rendered":"<p><p>[photopress:RAI__SAN_1.JPG,thumb,alignleft]&#8221;Chi volete, Barabba o&#8230; Michele?&#8221; Il virgolettato \u00e8 mio, sia chiaro, libera interpretazione del Michele Santoro pensiero espresso nell&#8217;ultimo Annozero, quello andato in onda dopo l&#8217;annuncio choc (soprattutto per la sinistra e il popolo della sinistra che segue il verbo dei professionisti dell&#8217;anti-berlusconismo duro e puro, senza se e senza ma) dell&#8217;accordo fra Santoro e la Rai (con allegata vagonata di milioni di euro pro-conduttore che continuer\u00e0 a non aver il problema di arrivare ogni mese alla terza settimana).\u00a0 Ecco l&#8217;editoriale che arriva puntuale in diretta. Il bersaglio, o i bersagli? Il Cavaliere? Ma no&#8230; L&#8217;opposizione che non lo segue [&hellip;]<\/p>\n&nbsp;&nbsp;<div class=\"readmore\"><a href=\"https:\/\/blog.ilgiornale.it\/taliani\/2010\/05\/21\/san-michele-martire\/\">Continua a leggere...<\/a><\/div><\/p>","protected":false},"author":7,"featured_media":0,"comment_status":"open","ping_status":"closed","sticky":false,"template":"","format":"standard","meta":[],"categories":[1],"tags":[],"_links":{"self":[{"href":"https:\/\/blog.ilgiornale.it\/taliani\/wp-json\/wp\/v2\/posts\/112"}],"collection":[{"href":"https:\/\/blog.ilgiornale.it\/taliani\/wp-json\/wp\/v2\/posts"}],"about":[{"href":"https:\/\/blog.ilgiornale.it\/taliani\/wp-json\/wp\/v2\/types\/post"}],"author":[{"embeddable":true,"href":"https:\/\/blog.ilgiornale.it\/taliani\/wp-json\/wp\/v2\/users\/7"}],"replies":[{"embeddable":true,"href":"https:\/\/blog.ilgiornale.it\/taliani\/wp-json\/wp\/v2\/comments?post=112"}],"version-history":[{"count":0,"href":"https:\/\/blog.ilgiornale.it\/taliani\/wp-json\/wp\/v2\/posts\/112\/revisions"}],"wp:attachment":[{"href":"https:\/\/blog.ilgiornale.it\/taliani\/wp-json\/wp\/v2\/media?parent=112"}],"wp:term":[{"taxonomy":"category","embeddable":true,"href":"https:\/\/blog.ilgiornale.it\/taliani\/wp-json\/wp\/v2\/categories?post=112"},{"taxonomy":"post_tag","embeddable":true,"href":"https:\/\/blog.ilgiornale.it\/taliani\/wp-json\/wp\/v2\/tags?post=112"}],"curies":[{"name":"wp","href":"https:\/\/api.w.org\/{rel}","templated":true}]}}