{"id":113,"date":"2010-05-25T16:08:29","date_gmt":"2010-05-25T15:08:29","guid":{"rendered":"https:\/\/blog.ilgiornale.it\/taliani\/2010\/05\/25\/contrordine-michele\/"},"modified":"2010-05-25T16:21:13","modified_gmt":"2010-05-25T15:21:13","slug":"contrordine-michele","status":"publish","type":"post","link":"https:\/\/blog.ilgiornale.it\/taliani\/2010\/05\/25\/contrordine-michele\/","title":{"rendered":"Contrordine Michele&#8230;"},"content":{"rendered":"<p>[photopress:santoro11.jpg,thumb,alignleft]\u00a0&#8220;Le continue fughe di notizie hanno violato l\u2019impegno di riservatezza indispensabile per un possibile accordo con la Rai, favorendo interpretazioni fantasiose lesive della mia immagine&#8221;. Michele Santoro torna sulla trattativa in corso con la Rai lamentandosi di anticipazioni e commenti che si susseguono da giorni. &#8220;Trasmissioni televisive della Rai &#8211; continua Santoro &#8211; hanno potuto entrare nel merito di una trattativa in corso d\u2019opera con un profilo denigratorio dei miei comportamenti di professionista. Non era mai avvenuto in precedenza. In questa situazione non ha alcun senso continuare a immaginare cambiamenti il cui scopo fondamentale era soltanto porre fine ad una vertenza giudiziaria e progettare nuovi format nell\u2019interesse della Rai e del pubblico&#8221;, conclude il giornalista.<\/p>\n<p>Cos\u00ec la fuga di notizie colpisce anche Michele Santoro. Capita anche questo&#8230; Siamo al &#8220;contrordine Michele&#8221;, dato a se medesimo. L&#8217;uscita da dipendente Rai pare allontanarsi, dunque. Vedremo se sar\u00e0 cos\u00ec o se la vicenda diventer\u00e0 una telenovela: Santoro va, no Santoro non va.\u00a0 Certo \u00e8 notevole leggere, dette la lui, frasi come &#8220;violazione delle riservatezza&#8221; o ancora &#8220;interpretazioni fantasiose lesive della mia immagine&#8221;. E&#8217; forse incappato in qualche giornalista &#8220;comunista&#8221;?<\/p>\n<p><strong>Garimberti<\/strong> Poco prima il presidente della Rai, Paolo Garimberti aveva detto: &#8220;Santoro \u00e8 una risorsa per la Rai e deve comunque, in un modo o nell\u2019altro, restare. Gliel\u2019ho spiegato gi\u00e0 nel primo colloquio quando mi accenn\u00f2 dell\u2019ipotesi di cambiare programmi. Gli ho detto che \u00e8 una risorsa per l\u2019azienda e che l\u2019avrei difeso comunque sia nel caso in cui avesse deciso di cambiare il suo impegno in tv sia nel caso avesse continuato a fare <em>Annozero<\/em>. La decisione a questo punto dipende solo da Santoro, noi aspettiamo le sue decisioni&#8221;.<\/p>\n<p><strong>Masi<\/strong> Nell\u2019accordo tra Rai e Santoro &#8220;votato dal Consiglio di amministrazione di Viale Mazzini sostanzialmente all\u2019unanimit\u00e0 &#8211; secondo quanto si apprende in ambienti della direzione generale &#8211; era prevista una clausola di riservatezza e di gestione concordata della comunicazione cui il direttore generale Mauro Masi si \u00e8 puntualmente attenuto&#8221;.\u00a0 Dalla direzione generale si apprende ancora che il dg continuer\u00e0 a mantenere questa riservatezza su quelli che saranno gli sviluppi della vicenda.<\/p>\n<p>Che dire? &#8220;San Michele Comunicatore&#8221; forse stavolta ha sbagliato qualcosina.<\/p>\n<p><strong>Paolo Rossi: &#8220;Non \u00e8 martire chi fa business&#8221;<\/strong> &#8220;Il vero martire non \u00e8 chi sta sotto i riflettori e per farsi alzare il cachet usa la verit\u00e0, ne fa un business, la vende&#8221;. Paolo Rossi, parlando del caso Santoro e in generale dell\u2019atteggiamento di tanti che stanno sotto i riflettori, in un&#8217;intervista ad <em>A<\/em>, il settimanale diretto da Maria Latella. &#8220;A me avevano chiesto di interpretare &#8211; spiega il comico &#8211; un monologo sui precari. L\u2019impresario gi\u00e0 si immaginava i teatri pieni, gli incassi. Ho preferito impostare un altro spettacolo e far lavorare dei giovani precari. Mi sembrava pi\u00f9 giusto. Purtroppo l\u2019impresario mi ha fatto causa, ma io almeno sono sereno&#8221;.<\/p>\n","protected":false},"excerpt":{"rendered":"<p><p>[photopress:santoro11.jpg,thumb,alignleft]\u00a0&#8220;Le continue fughe di notizie hanno violato l\u2019impegno di riservatezza indispensabile per un possibile accordo con la Rai, favorendo interpretazioni fantasiose lesive della mia immagine&#8221;. Michele Santoro torna sulla trattativa in corso con la Rai lamentandosi di anticipazioni e commenti che si susseguono da giorni. &#8220;Trasmissioni televisive della Rai &#8211; continua Santoro &#8211; hanno potuto entrare nel merito di una trattativa in corso d\u2019opera con un profilo denigratorio dei miei comportamenti di professionista. Non era mai avvenuto in precedenza. In questa situazione non ha alcun senso continuare a immaginare cambiamenti il cui scopo fondamentale era soltanto porre fine ad una [&hellip;]<\/p>\n&nbsp;&nbsp;<div class=\"readmore\"><a href=\"https:\/\/blog.ilgiornale.it\/taliani\/2010\/05\/25\/contrordine-michele\/\">Continua a leggere...<\/a><\/div><\/p>","protected":false},"author":7,"featured_media":0,"comment_status":"open","ping_status":"closed","sticky":false,"template":"","format":"standard","meta":[],"categories":[1],"tags":[],"_links":{"self":[{"href":"https:\/\/blog.ilgiornale.it\/taliani\/wp-json\/wp\/v2\/posts\/113"}],"collection":[{"href":"https:\/\/blog.ilgiornale.it\/taliani\/wp-json\/wp\/v2\/posts"}],"about":[{"href":"https:\/\/blog.ilgiornale.it\/taliani\/wp-json\/wp\/v2\/types\/post"}],"author":[{"embeddable":true,"href":"https:\/\/blog.ilgiornale.it\/taliani\/wp-json\/wp\/v2\/users\/7"}],"replies":[{"embeddable":true,"href":"https:\/\/blog.ilgiornale.it\/taliani\/wp-json\/wp\/v2\/comments?post=113"}],"version-history":[{"count":0,"href":"https:\/\/blog.ilgiornale.it\/taliani\/wp-json\/wp\/v2\/posts\/113\/revisions"}],"wp:attachment":[{"href":"https:\/\/blog.ilgiornale.it\/taliani\/wp-json\/wp\/v2\/media?parent=113"}],"wp:term":[{"taxonomy":"category","embeddable":true,"href":"https:\/\/blog.ilgiornale.it\/taliani\/wp-json\/wp\/v2\/categories?post=113"},{"taxonomy":"post_tag","embeddable":true,"href":"https:\/\/blog.ilgiornale.it\/taliani\/wp-json\/wp\/v2\/tags?post=113"}],"curies":[{"name":"wp","href":"https:\/\/api.w.org\/{rel}","templated":true}]}}