{"id":1138,"date":"2012-10-15T10:35:49","date_gmt":"2012-10-15T09:35:49","guid":{"rendered":"https:\/\/blog.ilgiornale.it\/taliani\/?p=1138"},"modified":"2012-10-18T09:45:26","modified_gmt":"2012-10-18T08:45:26","slug":"lautorottamazione-di-valter","status":"publish","type":"post","link":"https:\/\/blog.ilgiornale.it\/taliani\/2012\/10\/15\/lautorottamazione-di-valter\/","title":{"rendered":"L&#8217;autorottamazione di Walter e la guerra di Max"},"content":{"rendered":"<p>No, questo Pd proprio non piace a Walter Veltroni che con quel &#8220;non mi ricandido alle elezioni politche&#8221; ha certificato a modo suo il rischioso futuro che si prefigura per il partito che ha fondato e nel quale comunque continuer\u00e0 a fare politica impegnandosi &#8220;a testa bassa&#8221; in campagna elettorale.\u00a0 <strong>Walter<\/strong> forse non ha gradito l&#8217;inserimento nella lista dei &#8220;rottamandi&#8221; fatto da <strong>Matteo Renzi<\/strong> anche se dice che la sua decisione non \u00e8 legata al principale <em>competitor<\/em> di <strong>Bersani<\/strong> alle primarie di coalizione piddine.<\/p>\n<p>Ma di sicuro l&#8217;uomo dello &#8220;<em>Yes, we can<\/em>&#8221; non ha gradito altre cose: ad esempio le uscite di <strong>Massimo D&#8217;Alema<\/strong> e <strong>Rosi Bindi<\/strong> che per ora non hanno alcuna intenzione di farsi da parte e rifiutano di essere considerati estinti come dinosauri. Che faranno, seguiranno il suo l&#8217;esempio? Ovvio che la mossa veltroniana li ha spiazzati, soprattutto <strong>Baffino<\/strong> che ha appena incassato 700 firme (pagina a pagamento sull&#8217;<em>Unit\u00e0<\/em>) a sostegno della sua ricandidatura e dice: &#8220;La mia disposizione \u00e8 a non candidarmi. Semmai <strong>posso candidarmi se il partito mi chiede di farlo<\/strong>. E&#8217; giusto il ricambio, e sar\u00e0 promosso largamente, \u00e8 il Pd che deve decidere se ci sono personalit\u00e0 che \u00e8 opportuno che restino, derogando al regolamento&#8221;. Ora la palla passa a Bersani visto che dall&#8217;area veltroniana e da quella renziana arriva l&#8217;ovvia domanda: caro segretario, ora come la metti con gli altri &#8220;dinosauri&#8221;. Gi\u00e0, che fare? Bersani dice che non chieder\u00e0 a Massimo di ricandidarsi e Massimo gli risponde che \u00e8 giusto, perch\u00e9 questa \u00e8 una decisione che spetta al partito, alla Direzione, non al segretario&#8230; <a title=\"D'Alema: non mi ricandido ma con Renzi sar\u00e0 guerra\" href=\"https:\/\/www.ilgiornale.it\/news\/interni\/dalema-non-mi-ricandido-renzi-sar-guerra-847653.html\" target=\"_blank\"><strong>Infine annuncia: &#8220;Non mi ricandido, ma con Renzi sar\u00e0 guerra&#8221;<\/strong><\/a>&#8230; se vincer\u00e0 le primarie.<\/p>\n<p>Ma l&#8217;autorottamazione\u00a0 dell&#8217;ex segretario del Partito Disunito ha fatto pi\u00f9 effetto della annunciata rottamazione renziana. Una bomba scoppiata nel giorno del &#8220;compleanno&#8221;\u00a0 del Pd che nel 2007 lanci\u00f2 al Lingotto a Torino e che comunque non chiude alcuna porta politica futura a Walter.\u00a0 Infatti dice: &#8220;Non si rottamano le idee, la storia, i valori delle persone&#8221;&#8230; Poi &#8220;strappa&#8221; con decisione su un punto fondamentale su cui il Pd \u00e8 spaccato: <strong>l&#8217;agenda Monti<\/strong>. Che nella carta d&#8217;intenti dei progressisti sottoscritta da Pd, Sel e Psi non compare pi\u00f9, sbianchettata. E spiega: &#8220;Nel documento del nostro partito c&#8217;era, perch\u00e9 si tratta di una esperienza alla quale prestare la massima attenzione&#8221;.\u00a0 Sul tema \u00e8 stata sparsa una densa cortina di fumo e quella carta richiama slogan, grandi enunciazioni di principio e davvero poca, pochissima sostanza. Per Bersani e i maggiorenti del Pd \u00e8 pi\u00f9 importante l&#8217;alleanza con <strong>Nichi Vendola<\/strong>, altro che apertura ai centristi.<\/p>\n<p>La virata a sinistra \u00e8 palese e pare quasi che <strong>Vendola<\/strong> stia a<strong> Bersani<\/strong> come &#8211; ricordate? &#8211; <strong>Fausto Bertinotti<\/strong> stava a<strong> Romano Prodi<\/strong> (con i risultati che tutti ricordano e nessuno in verit\u00e0 rimpiange). La deriva neo-massimalista \u00e8 nei fatti e Veltroni, che ha un&#8217;altra idea del Pd e della sua centralit\u00e0 politica all&#8217;interno del centrosinistra (&#8220;partito a vocazione maggioritaria&#8221;), non ha gradito. Cos\u00ec ha spiazzato nemici vecchi e nuovi.\u00a0 Creando anche problemi sia alla componente ex Dc &#8211; ex Ppi sia a quella liberal e riformista che spinge per l&#8217;agenda Monti resti al centro della proposta politica dei democrat.<\/p>\n<p>Problemi e avvisaglie di tempesta che trovano un interprete deciso in <strong>Beppe Fioroni <\/strong>che a <em>Repubblica<\/em> ha detto: &#8220;Il Pd ha preso un impegno per costruire un\u2019alleanza tra area dei riformisti e area dei moderati, oltre alla continuit\u00e0 con l\u2019agenda Monti. Se qualcuno ha in mente altre operazioni, ci pensi bene. Sarebbe un gravissimo errore affidare a Vendola il ruolo di testa di ponte per trainare nella nostra coalizione <strong>Di Pietro<\/strong>, <strong>Diliberto<\/strong> e soci, prima magari facendoli partecipare alle primarie e poi tirandoli dentro per paura di perdere. Sarebbe peggio dell\u2019Unione&#8221;.<\/p>\n<p>Come ho scritto in un precedente post (<strong><a href=\"https:\/\/blog.ilgiornale.it\/taliani\/2012\/08\/02\/bersani-e-vendola-a-volte-ritornano\/\">Bersani e Vendola, a volte ritornano&#8230;<\/a>)<\/strong>, le strade di due ex Pci come Bersani e Vendola si stanno ricongiungendo e i primi effetti si vedono, la gioiosa macchina da guerra pare aver trovato un ticket di nuovi interpreti. I moderati sono avvisati. E voi che cosa ne pensate, Veltroni ha fatto bene a fare il passo indietro? A tenersi fuori per avere le mani libere, magari &#8211; ma \u00e8 una mia idea &#8211; per correre di nuovo per il Campidoglio, visto che Zingaretti correr\u00e0 per le regionali laziali?<\/p>\n<p><a href=\"https:\/\/www.ilgiornale.it\/news\/interni\/fuori-veltroni-molla-tutto-e-spiazza-i-colonnelli-democrat-846726.html\" target=\"_blank\"><strong>Fuori uno, Veltroni molla&#8230;<\/strong><\/a> di <em>Laura Cesaretti<br \/>\n<\/em><\/p>\n<p><a title=\"Video: D'Alema rottamava il Pd\" href=\"https:\/\/www.ilgiornale.it\/video\/interni\/quando-dalema-rottamava-pd-847559.html\" target=\"_blank\"><strong>VIDEO Quando D&#8217;Alema &#8220;rottamava&#8221; il Pd&#8230;<\/strong><\/a><em><br \/>\n<\/em><\/p>\n","protected":false},"excerpt":{"rendered":"<p><p>No, questo Pd proprio non piace a Walter Veltroni che con quel &#8220;non mi ricandido alle elezioni politche&#8221; ha certificato a modo suo il rischioso futuro che si prefigura per il partito che ha fondato e nel quale comunque continuer\u00e0 a fare politica impegnandosi &#8220;a testa bassa&#8221; in campagna elettorale.\u00a0 Walter forse non ha gradito l&#8217;inserimento nella lista dei &#8220;rottamandi&#8221; fatto da Matteo Renzi anche se dice che la sua decisione non \u00e8 legata al principale competitor di Bersani alle primarie di coalizione piddine. Ma di sicuro l&#8217;uomo dello &#8220;Yes, we can&#8221; non ha gradito altre cose: ad esempio le [&hellip;]<\/p>\n&nbsp;&nbsp;<div class=\"readmore\"><a href=\"https:\/\/blog.ilgiornale.it\/taliani\/2012\/10\/15\/lautorottamazione-di-valter\/\">Continua a leggere...<\/a><\/div><\/p>","protected":false},"author":7,"featured_media":0,"comment_status":"open","ping_status":"closed","sticky":false,"template":"","format":"standard","meta":[],"categories":[64],"tags":[14552,5723,14557,14473,14566,2883,11765,2903,14565,828,8114,14567,11811,14559,14561,5752,5711,5709,14555,11812,256467,5720,5745,14553,14554,14564,7976,5717,5742,14560,2909,11810,5719,14562,14568,14563],"_links":{"self":[{"href":"https:\/\/blog.ilgiornale.it\/taliani\/wp-json\/wp\/v2\/posts\/1138"}],"collection":[{"href":"https:\/\/blog.ilgiornale.it\/taliani\/wp-json\/wp\/v2\/posts"}],"about":[{"href":"https:\/\/blog.ilgiornale.it\/taliani\/wp-json\/wp\/v2\/types\/post"}],"author":[{"embeddable":true,"href":"https:\/\/blog.ilgiornale.it\/taliani\/wp-json\/wp\/v2\/users\/7"}],"replies":[{"embeddable":true,"href":"https:\/\/blog.ilgiornale.it\/taliani\/wp-json\/wp\/v2\/comments?post=1138"}],"version-history":[{"count":27,"href":"https:\/\/blog.ilgiornale.it\/taliani\/wp-json\/wp\/v2\/posts\/1138\/revisions"}],"predecessor-version":[{"id":1166,"href":"https:\/\/blog.ilgiornale.it\/taliani\/wp-json\/wp\/v2\/posts\/1138\/revisions\/1166"}],"wp:attachment":[{"href":"https:\/\/blog.ilgiornale.it\/taliani\/wp-json\/wp\/v2\/media?parent=1138"}],"wp:term":[{"taxonomy":"category","embeddable":true,"href":"https:\/\/blog.ilgiornale.it\/taliani\/wp-json\/wp\/v2\/categories?post=1138"},{"taxonomy":"post_tag","embeddable":true,"href":"https:\/\/blog.ilgiornale.it\/taliani\/wp-json\/wp\/v2\/tags?post=1138"}],"curies":[{"name":"wp","href":"https:\/\/api.w.org\/{rel}","templated":true}]}}