{"id":117,"date":"2010-09-13T14:14:32","date_gmt":"2010-09-13T13:14:32","guid":{"rendered":"https:\/\/blog.ilgiornale.it\/taliani\/?p=117"},"modified":"2010-09-15T14:38:30","modified_gmt":"2010-09-15T13:38:30","slug":"bersani-e-il-nuovo-ulivo-che-non-unisce-il-pd","status":"publish","type":"post","link":"https:\/\/blog.ilgiornale.it\/taliani\/2010\/09\/13\/bersani-e-il-nuovo-ulivo-che-non-unisce-il-pd\/","title":{"rendered":"Veltroni prova a rottamare Pd e Nuovo Ulivo di Bersani"},"content":{"rendered":"<p><a href=\"https:\/\/blog.ilgiornale.it\/taliani\/files\/2010\/09\/PD__BERS1.jpg\"><img loading=\"lazy\" class=\"alignleft size-medium wp-image-125\" src=\"https:\/\/blog.ilgiornale.it\/taliani\/files\/2010\/09\/PD__BERS1-300x240.jpg\" alt=\"\" width=\"300\" height=\"240\" srcset=\"https:\/\/blog.ilgiornale.it\/taliani\/files\/2010\/09\/PD__BERS1-300x240.jpg 300w, https:\/\/blog.ilgiornale.it\/taliani\/files\/2010\/09\/PD__BERS1.jpg 598w\" sizes=\"(max-width: 300px) 100vw, 300px\" \/><\/a>Ci risiamo, riparte la guerra nel Pd. Come in un film gi\u00e0 visto (e bruttarello, da scarsi incassi al Botteghino, direi). Accantonata la vecchia Unione (perdente), il segretario del Pd Pierluigi Bersani cerca la quadra per compattare l&#8217;opposizione rilanciando l&#8217;Ulivo (naturalmente Nuovo&#8230; come si faceva una volta con il restyling delle auto). E lo ha fatto a Torino, nel classicissimo rito del comizio finale davanti al popolo piddino plaudente. Tralascio quel che \u00e8 gi\u00e0 stato scritto sui contenuti del discorso, abbondantemente e scontatamente anti Berlusconi-Lega-governo. Quello che mi ha colpito sono state alcune reazioni post-comizio arrivate dalla parte politica del segretario.<\/p>\n<p>Massimo D&#8217;Alema, Latorre, Penati, la Finocchiaro fino a Enrico Letta, alla Bindi a cui poi si \u00e8 aggiunto Franceschini &#8211; per citare i principali &#8211; lo hanno subito appoggiato.\u00a0 Colpiscono invece il silenzio di Valter Veltroni e la una frase di Chiamparino (&#8220;Almeno fino adesso il messaggio che dal Pd \u00e8 arrivato ai cittadini italiani \u00e8 un messaggio di difesa dell\u2019esistente pi\u00f9 che di sfida verso il futuro. Credo sia questo ci\u00f2 che bisogna spezzare, se si vuole tornare a parlare &#8211; oltre che ai militanti, ai quali \u00e8 giusto parlare, oltre che al nostro popolo, al quale \u00e8 giusto parlare &#8211; anche alla gente. Gente che ieri in piazza non c\u2019era&#8221;). Un altro esponente del Pd, Gero Grassi, in prossimit\u00e0 della direzione nazionale Pd, prevista per il 23 settembre,\u00a0 dice: &#8220;Chiediamo al segretario Bersani un partito normale per costruire un\u2019Italia normale. Parole chiare sui girotondini, sulle alleanze e sui rapporti politici. Perch\u00e9 mentre ognuno dice la sua sui territori, il nostro popolo \u00e8 disorientato e si rintana a casa&#8221;.\u00a0 Conferma della portata dello scontro in atto nel Pd. Soprattutto sul nodo gordiano delle allenze e dell&#8217;almagama (per dirla alla D&#8217;Alema) del Nuovo Ulivo.\u00a0 Perch\u00e9 tra il dire &#8220;siamo pronti al governo, via Berlusconi, nuova legge elettorale poi il voto&#8230;&#8221;, ce ne corre, politicamente parlando. Per ora tira aria di lunghi coltelli di marca veltroniana.<\/p>\n<p>Perch\u00e9 sul progetto del Nuovo Ulivo nel Pd c&#8217;\u00e8 pi\u00f9 di un avversario schierato: dai veltroniani a molti ex Popolari che vedono come il fumo negli occhi lo stravolgimento della formula bipolarista con cui \u00e8 nato il Partito democratico a &#8220;vocazione maggioritaria&#8221;. Considerano il Nuovo Ulivo un <em>rassemblemant<\/em> di partiti (Bersani chiama a raccolta Idv, Vendola, Casini, pezzi della sinistra radicale\u00a0 &#8211; si \u00e8 parlato di un accordo con Pdci e Rifondazione saltato, almeno per ora &#8211; uniti da un &#8220;patto di governo&#8221; e da quanto possa fare da collante (riforma elettorale). Tutti portatori di voti che altrimenti andrebbero dispersi. Con l&#8217;incognita &#8211; in caso di alleanza con l&#8217;Udc &#8211; del ruolo e del peso politico che potrebbero avere gli ex Popolari (dubbi ripetutamente sollevati da Beppe Fioroni).\u00a0 Insomma, grande \u00e8 ancora la confusione nel centro sinistra che verr\u00e0. Altro che pronti alle elezioni, alla sfida a Berlusconi e alla Lega&#8230; Tanto che proprio Bersani punta su un governo di transizione breve che cambi le regole del voto e favorisca cos\u00ec la nascita del Nuovo Ulivo.<\/p>\n<p>La prossima puntata il 23 settembre per la Direzione del Pd ottenuta dai veltroniani proprio sul tema delle alleanze. Veltroniani che per bocca del deputato Walter Verini smentiscono l&#8217;ipotesi di creare gruppi parlamentari autonomi, ma denunciano\u00a0 &#8220;le difficolt\u00e0 del nostro partito, che raggiunge nei sondaggi &#8211; in una condizione politica che dovrebbe essere assolutamente favorevole ad una forza di opposizione &#8211; il suo minimo storico&#8221;. Poi anche Veltroni smentisce: &#8220;Gruppi autonomi in Parlamento? Assolutamente no. Io questo partito ho contribuito a fondarlo in maniera determinante&#8221;. &#8220;Sono per\u00f2 preoccupato &#8211; ha aggiunto Veltroni &#8211; della situazione generale, di quello che viene fuori dai sondaggi (che al Pd interessano evidentemente tanto quanto al Cav, aggiungo io&#8230;) . Sono convinto che comunque il Partito democratico deve rimanere il perno centrale nella costruzione di un polo riformista. \u00c8 per questo che continuer\u00f2 nel Pd a dire le mie opinioni. In questo anno e mezzo mi sono battuto e ho detto e fatto cose soltanto nell\u2019interesse del Pd&#8221;. Bersani \u00e8 avvisato.<\/p>\n<p><strong>Nota di aggiornamento<\/strong> Alla Direzione del Pd tutto come previsto, Veltroni e i suoi all&#8217;attacco, Bersani e i suoi al contrattacco (&#8220;la maggioranza ha deciso e si va avanti&#8221;), con gli ex Popolari debitamente divisi. Insomma, se il centrodestra arranca il centrosinistra non sta certo meglio, vedremo come se la caver\u00e0 il Pd l&#8217;8 e il 9 ottobre a Varese, quando ci sar\u00e0 l&#8217;Assemblea nazionale. Perch\u00e9 Veltroni, il rottmatore, ci riprova. Dopotutto non \u00e8 un perdente di successo?<\/p>\n","protected":false},"excerpt":{"rendered":"<p><p>Ci risiamo, riparte la guerra nel Pd. Come in un film gi\u00e0 visto (e bruttarello, da scarsi incassi al Botteghino, direi). Accantonata la vecchia Unione (perdente), il segretario del Pd Pierluigi Bersani cerca la quadra per compattare l&#8217;opposizione rilanciando l&#8217;Ulivo (naturalmente Nuovo&#8230; come si faceva una volta con il restyling delle auto). E lo ha fatto a Torino, nel classicissimo rito del comizio finale davanti al popolo piddino plaudente. Tralascio quel che \u00e8 gi\u00e0 stato scritto sui contenuti del discorso, abbondantemente e scontatamente anti Berlusconi-Lega-governo. Quello che mi ha colpito sono state alcune reazioni post-comizio arrivate dalla parte politica del [&hellip;]<\/p>\n&nbsp;&nbsp;<div class=\"readmore\"><a href=\"https:\/\/blog.ilgiornale.it\/taliani\/2010\/09\/13\/bersani-e-il-nuovo-ulivo-che-non-unisce-il-pd\/\">Continua a leggere...<\/a><\/div><\/p>","protected":false},"author":7,"featured_media":0,"comment_status":"open","ping_status":"closed","sticky":false,"template":"","format":"standard","meta":[],"categories":[1],"tags":[],"_links":{"self":[{"href":"https:\/\/blog.ilgiornale.it\/taliani\/wp-json\/wp\/v2\/posts\/117"}],"collection":[{"href":"https:\/\/blog.ilgiornale.it\/taliani\/wp-json\/wp\/v2\/posts"}],"about":[{"href":"https:\/\/blog.ilgiornale.it\/taliani\/wp-json\/wp\/v2\/types\/post"}],"author":[{"embeddable":true,"href":"https:\/\/blog.ilgiornale.it\/taliani\/wp-json\/wp\/v2\/users\/7"}],"replies":[{"embeddable":true,"href":"https:\/\/blog.ilgiornale.it\/taliani\/wp-json\/wp\/v2\/comments?post=117"}],"version-history":[{"count":16,"href":"https:\/\/blog.ilgiornale.it\/taliani\/wp-json\/wp\/v2\/posts\/117\/revisions"}],"predecessor-version":[{"id":135,"href":"https:\/\/blog.ilgiornale.it\/taliani\/wp-json\/wp\/v2\/posts\/117\/revisions\/135"}],"wp:attachment":[{"href":"https:\/\/blog.ilgiornale.it\/taliani\/wp-json\/wp\/v2\/media?parent=117"}],"wp:term":[{"taxonomy":"category","embeddable":true,"href":"https:\/\/blog.ilgiornale.it\/taliani\/wp-json\/wp\/v2\/categories?post=117"},{"taxonomy":"post_tag","embeddable":true,"href":"https:\/\/blog.ilgiornale.it\/taliani\/wp-json\/wp\/v2\/tags?post=117"}],"curies":[{"name":"wp","href":"https:\/\/api.w.org\/{rel}","templated":true}]}}