{"id":1241,"date":"2012-11-12T11:46:20","date_gmt":"2012-11-12T10:46:20","guid":{"rendered":"https:\/\/blog.ilgiornale.it\/taliani\/?p=1241"},"modified":"2012-11-26T10:21:44","modified_gmt":"2012-11-26T09:21:44","slug":"patrimoniale-monti-completa-la-lenzuolata-di-tasse","status":"publish","type":"post","link":"https:\/\/blog.ilgiornale.it\/taliani\/2012\/11\/12\/patrimoniale-monti-completa-la-lenzuolata-di-tasse\/","title":{"rendered":"Il sogno di Monti: la patrimoniale"},"content":{"rendered":"<p>Finalmente il professor <strong>Mario Monti<\/strong> ha pronunciato la parola &#8220;proibita&#8221;:<strong> patrimoniale<\/strong>. Era ora che cadesse l&#8217;ultimo velo sul piano del premier, quel <strong>TassaItalia<\/strong> partito un anno fa, all&#8217;atto dell&#8217;insediamento che avrebbe dovuto far scattare l&#8217;allarme rosso quando l&#8217;altra parola magica &#8220;equit\u00e0&#8221; predeveva o come premessa o come postilla, tutti i provvedimenti. Ecco <strong>l&#8217;ultima tassa<\/strong> che a Monti piace: la patrimoniale da introdurre, attenzione, non con un blitz, non &#8220;nottempo&#8221; (ricordate il prelievo forzoso dai conti correnti di Amato?). No, si dovrebbe fare con il solito stile sobrio e cortese: &#8220;Non sono contrario a una tassa patrimoniale ma dipender\u00e0 &#8211; ha spiegato Monti &#8211; da come funzioner\u00e0 e da come sar\u00e0 utilizzata: <strong>come strumento fiscale<\/strong> o <strong>come misura una tantum<\/strong> da parte di governi che vogliono dare un taglio al passato&#8221;. L&#8217;unica cosa certa \u00e8 che la tassa &#8211; l&#8217;ennesima &#8211; dovrebbe essere &#8220;<strong>generalizzata<\/strong>&#8221; e calibrata in modo da non avere come conseguenza una &#8220;fuga di capitali&#8221; e di investitori.Ma qui mancano per ora strumenti adeguati a impedire questo effetto.<\/p>\n<p>Dopo, vista l&#8217;aria che tira e che tirer\u00e0, la palla passer\u00e0 ai partiti e alla maggiornaza che dovr\u00e0 governare l&#8217;Italia, perch\u00e9 come ha detto lo stesso professore (quello dei provvedimenti a volte &#8220;brutali&#8221;), potrebbe occuparsi di altro perch\u00e9 non gli piacerebbe continuare a fare il premier&#8230; A domanda infatti ha risposto con un secco: &#8220;No&#8221;. Smentendo quel che aveva detto di recente: &#8220;Se serve&#8230;&#8221;.<\/p>\n<p>Cos\u00ec, mentre i partiti litigano su tutto: dalla premiership alla legge elettorale alle alleanze fino all&#8217;agenda Monti s\u00ec o no, il Professore annuncia che intanto vorrebber finire il &#8220;lavoro&#8221;. Dopo sar\u00e0 un&#8217;altra storia, tutta da scrivere. Intanto l&#8217;annuncio di Monti &#8211; di sicuro apprezzato da <strong>Bersani<\/strong>, <strong>Vendola<\/strong> <strong>&amp; C<\/strong> &#8211; \u00e8 che vorrebbe terminare l&#8217;unica vera lenzuolata fatta in questo Paese: quella delle<strong> tasse<\/strong>. <em>En attendant<\/em> il CresciItalia, visto l&#8217;altissimo livello di prelievo fiscale diretto e indiretto a cui sono inchiodati cittadini, lavoratori e imprese. Domandina finale. La patrimoniale &#8211; se ci sar\u00e0 &#8211; riguarder\u00e0 anche gli<strong> immobili<\/strong>, visto che ne \u00e8 gi\u00e0 stata introdotta una, che si chiama <strong>Imu<\/strong>&#8230; e magari qualcuno pensa di far diventare una<strong> Super Imu<\/strong>.<\/p>\n<p>Aggiungo che, come da prassi a quanto pare, arriva la precisazione, patrimoniale s\u00ec, anzi no: &#8220;Il presidente del consiglio Mario Monti, intervenendo alla conferenza del <em>Financial Times<\/em> &#8216;New routes for growth&#8217;, non ha affatto annunciato un intervento di tassazione sui patrimoni&#8221;.\u00a0 Lo afferma una nota di Palazzo Chigi, precisando che il premier si \u00e8 limitato a spiegare le scelte fatte &#8220;non come premessa di futuri interventi&#8221;. &#8220;Dopo aver precisato di <strong>non essere pregiudizialmente contrario ad una modesta tassazione generalizzata del patrimonio<\/strong>, il presidente ha ricordato il contesto in cui il governo ha operato e i vincoli alle scelte in materia di imposizione fiscale, in particolare la mancanza di una base conoscitiva sufficientemente dettagliata e la necessit\u00e0 di evitare massicce fughe di capitali all\u2019estero. Non essendo perci\u00f2 realizzabile una tassazione generalizzata del patrimonio, il Governo nel dicembre 2011 \u00e8 intervenuto, con l\u2019approvazione di tutti i partiti della maggioranza, su varie componenti della ricchezza patrimoniale separatamente, con un risultato effettivo in qualche modo paragonabile. Tutto ci\u00f2 Monti ha chiarito come spiegazione delle decisioni allora adottate, non come premessa di futuri interventi&#8221;.<br \/>\nEcco invece un pensiero del ministro<strong> Corrado Passera<\/strong>: &#8220;Le tasse sono troppo alte per chi le paga&#8221;.<br \/>\nDel bel parlar&#8230;<\/p>\n<p><a title=\"Il video di Monti che parla di patrimoniale\" href=\"https:\/\/www.ilgiornale.it\/video\/interni\/monti-stiamo-studiando-patrimoniale-855066.html\" target=\"_blank\"><strong>MONTI E LA PATRIMONIALE: VIDEO<\/strong><\/a><\/p>\n<p><a href=\"https:\/\/www.ilgiornale.it\/news\/interni\/case-conti-correnti-auto-barche-i-prof-hanno-gi-tassato-855287.html\" target=\"_blank\"><strong>Case, conti correnti, auto, barche: i Prof hanno gia tassato tutto<\/strong><\/a> di <em>L. Verlicchi<\/em><\/p>\n<p><a href=\"www.ilgiornale.it\/news\/interni\/monti-gioca-patrimoniale-855291.html\" target=\"_blank\"><strong>Monti gioca con la patrimoniale<\/strong> <\/a>di <em>A. Signorini<\/em><\/p>\n<p><a title=\"Un anno di tasse\" href=\"https:\/\/www.ilgiornale.it\/news\/economia\/anno-monti-e-stangate-856020.html\" target=\"_blank\"><strong>Un anno di tasse<\/strong> <\/a>di <em>Nicola Porro<\/em><\/p>\n<p><a href=\"https:\/\/www.ilgiornale.it\/news\/interni\/effetti-cura-monti-migliaia-italiani-si-rifugiano-lugano-859313.html\" target=\"_blank\"><strong>Cura Monti, migliaia di italiani si rifugiano a Lugano<\/strong><\/a> di <em>Stefano Filippi<\/em><\/p>\n<p><em><strong>Segui Alberto Taliani su Twitter<\/strong><\/em> <strong>@albtali<\/strong><\/p>\n","protected":false},"excerpt":{"rendered":"<p><p>Finalmente il professor Mario Monti ha pronunciato la parola &#8220;proibita&#8221;: patrimoniale. Era ora che cadesse l&#8217;ultimo velo sul piano del premier, quel TassaItalia partito un anno fa, all&#8217;atto dell&#8217;insediamento che avrebbe dovuto far scattare l&#8217;allarme rosso quando l&#8217;altra parola magica &#8220;equit\u00e0&#8221; predeveva o come premessa o come postilla, tutti i provvedimenti. Ecco l&#8217;ultima tassa che a Monti piace: la patrimoniale da introdurre, attenzione, non con un blitz, non &#8220;nottempo&#8221; (ricordate il prelievo forzoso dai conti correnti di Amato?). No, si dovrebbe fare con il solito stile sobrio e cortese: &#8220;Non sono contrario a una tassa patrimoniale ma dipender\u00e0 &#8211; ha [&hellip;]<\/p>\n&nbsp;&nbsp;<div class=\"readmore\"><a href=\"https:\/\/blog.ilgiornale.it\/taliani\/2012\/11\/12\/patrimoniale-monti-completa-la-lenzuolata-di-tasse\/\">Continua a leggere...<\/a><\/div><\/p>","protected":false},"author":7,"featured_media":0,"comment_status":"open","ping_status":"closed","sticky":false,"template":"","format":"standard","meta":[],"categories":[6918,64],"tags":[14629,256466,14557,14473,14626,9199,14634,14624,11709,14635,14623,9194,6752,14631,14625,14630,14619,14620,14622,102,14621,14627,14636,1996,256468],"_links":{"self":[{"href":"https:\/\/blog.ilgiornale.it\/taliani\/wp-json\/wp\/v2\/posts\/1241"}],"collection":[{"href":"https:\/\/blog.ilgiornale.it\/taliani\/wp-json\/wp\/v2\/posts"}],"about":[{"href":"https:\/\/blog.ilgiornale.it\/taliani\/wp-json\/wp\/v2\/types\/post"}],"author":[{"embeddable":true,"href":"https:\/\/blog.ilgiornale.it\/taliani\/wp-json\/wp\/v2\/users\/7"}],"replies":[{"embeddable":true,"href":"https:\/\/blog.ilgiornale.it\/taliani\/wp-json\/wp\/v2\/comments?post=1241"}],"version-history":[{"count":40,"href":"https:\/\/blog.ilgiornale.it\/taliani\/wp-json\/wp\/v2\/posts\/1241\/revisions"}],"predecessor-version":[{"id":1289,"href":"https:\/\/blog.ilgiornale.it\/taliani\/wp-json\/wp\/v2\/posts\/1241\/revisions\/1289"}],"wp:attachment":[{"href":"https:\/\/blog.ilgiornale.it\/taliani\/wp-json\/wp\/v2\/media?parent=1241"}],"wp:term":[{"taxonomy":"category","embeddable":true,"href":"https:\/\/blog.ilgiornale.it\/taliani\/wp-json\/wp\/v2\/categories?post=1241"},{"taxonomy":"post_tag","embeddable":true,"href":"https:\/\/blog.ilgiornale.it\/taliani\/wp-json\/wp\/v2\/tags?post=1241"}],"curies":[{"name":"wp","href":"https:\/\/api.w.org\/{rel}","templated":true}]}}