{"id":1353,"date":"2013-01-08T16:34:27","date_gmt":"2013-01-08T15:34:27","guid":{"rendered":"https:\/\/blog.ilgiornale.it\/taliani\/?p=1353"},"modified":"2013-01-14T19:41:00","modified_gmt":"2013-01-14T18:41:00","slug":"bersani-e-nichi-il-nuovo-parolaio-rosso","status":"publish","type":"post","link":"https:\/\/blog.ilgiornale.it\/taliani\/2013\/01\/08\/bersani-e-nichi-il-nuovo-parolaio-rosso\/","title":{"rendered":"Bersani e Nichi, il nuovo &#8220;parolaio rosso&#8221;"},"content":{"rendered":"<p><a href=\"https:\/\/blog.ilgiornale.it\/taliani\/files\/2013\/01\/vendola-bersani1.jpg\"><img loading=\"lazy\" class=\"alignleft size-medium wp-image-1357\" src=\"https:\/\/blog.ilgiornale.it\/taliani\/files\/2013\/01\/vendola-bersani1-300x202.jpg\" alt=\"\" width=\"300\" height=\"202\" srcset=\"https:\/\/blog.ilgiornale.it\/taliani\/files\/2013\/01\/vendola-bersani1-300x202.jpg 300w, https:\/\/blog.ilgiornale.it\/taliani\/files\/2013\/01\/vendola-bersani1.jpg 326w\" sizes=\"(max-width: 300px) 100vw, 300px\" \/><\/a>\u00a0Ricordate il &#8220;parolaio rosso&#8221;, al secolo <strong>Fausto Bertinotti<\/strong>? Pare che nei palazzi della politica si sia di nuovo materializzato sotto forma di <strong>Nichi Vendola<\/strong> (che di Fausto era stato vice ai tempi di Rifondazione). <a href=\"https:\/\/www.ilgiornale.it\/news\/interni\/cav-punta-ministero-delleconomia-abolizione-dellimu-e-taglio-874672.html\" target=\"_blank\"><strong>I toni e le uscite del leader di Sel<\/strong><\/a> ricordano quel periodo e l&#8217;ingloriosa fine del governo <strong>Prodi<\/strong> e dell&#8217;<strong>Unione<\/strong> creando qualche problema in pi\u00f9 al buon<strong> Bersani<\/strong> che \u00e8 alle prese da una parte con la lista <strong>Monti<\/strong> (&#8220;Non \u00e8 una buona notizia per l&#8217;Italia&#8221;, ha detto il leader del Pd, salvo aggiungere che \u00e8 pronto ad allearsi con il professore anche se il premier lo far\u00e0 &#8220;chi prende pi\u00f9 voti&#8221;), dall&#8217;altra con gli arancioni di <strong>Ingroia<\/strong> e <strong>De Magistris<\/strong> che rischiano di sottrarre voti preziosi alla macchina da guerra bersaniana. Il socio del ticket Bersani-Vendola, ovvero Nichi, sta infatti alzando il tiro non solo perch\u00e9 si scaglia alla Lenin contro i ricchi (&#8220;devono andare al diavolo&#8221;), ma perch\u00e9 se la prende proprio con Monti con cui subito dopo il voto Bersani &#8220;vuol parlare&#8221;: &#8220;E&#8217; uno della razza padrona&#8230; portatore di una classismo feroce&#8221;. E aggiunge che l&#8217;ipotesi di un accordo Bersani-Monti-Casini-Fini sarebbe &#8220;spaventoso&#8221;.<\/p>\n<p>Forse il ticket con Vendola non \u00e8 un bene per Bersani, almeno se le cose vanno avanti cos\u00ec. Viene da chiedersi, ad esempio, cosa ci azzecca la candidatura dell&#8217;ex direttore generale di Confindustria <strong>Giampaolo Galli<\/strong> con Vendola che invece candida come indipendenti per Sel l&#8217;ex operaio della Fiat di Melfi <strong>Barozzino<\/strong> e il numero due della Fiom <strong>Airaudo<\/strong> (Monti chiede invece che Bersani tagli &#8220;le ali estreme&#8221; a partire da Cgil e Fiom&#8230;). Misteri delle alleanze e dei ragionamenti del &#8220;collettivo&#8221; che guida i Democratici e punta alla &#8220;inclusione&#8221;. E&#8217; prevedibile che mentre i montiani del Pd e i cattolici del <strong>Forum di Todi<\/strong> il ponte del dialogo post elettorale con Monti e i centristi (ovvero il duo Casini e Fini, perch\u00e9 <strong>Montezemolo<\/strong> e <strong>Passera<\/strong> sono rimasti alla finestra), il parolaio rosso redivivo e i suoi di mettano al lavoro per segarne i piloni e per farlo crollare ammiccando tra l&#8217;altro a grillini ed arancioni.\u00a0 Casini, tanto per dire, accusa Nichi di aver riesumato un linguaggio marxista-leninista&#8230; E Mario Monti torna alla carica: a sinistra c&#8217;\u00e8 chi soffoca i meccanismi della crescita&#8230; Chiss\u00e0 a chi si riferisce, mentre <strong>Enrico Letta<\/strong> annuncia quel che gi\u00e0 si era capito: &#8220;Se vinciamo chiederemo l&#8217;appoggio di Monti&#8221;. Grandi manovre in corsa, mentre <strong>Prodi<\/strong> paventa un risultato elettorale come quello del 2006: aria di pareggio e rischio di brutti scherzi dall&#8217;ala sinistra della coalizione, possibile remake dell&#8217;infelice storia dell&#8217;Unione.<\/p>\n<p>A questo si aggiunge l&#8217;altro problema, decisamente pi\u00f9 grosso, che si trova a fronteggiare Bersani: l&#8217;alleanza fra <strong>Pdl<\/strong> e <strong>Lega<\/strong>, l&#8217;accordo tra <strong>Berlusconi<\/strong> e <strong>Maroni<\/strong> che, come avevo scritto, si sarebbe fatto ed \u00e8 stato fatto. Il ritorno in campo dell&#8217;<strong>asse del Nord<\/strong>, sia pure con partiti &#8220;ammaccati&#8221; e maldipancia che attraversano la<a href=\"https:\/\/www.ilgiornale.it\/news\/interni\/maroni-mi-fido-degli-impegni-scritti-berlusconi-mantiene-872483.html\" target=\"_blank\"><strong> base leghista<\/strong><\/a>, mette un forte ipoteca sul risultato elettorale e sulla vittoria &#8220;facile&#8221; sbandierata dal Pd perch\u00e9 pu\u00f2 impedire la conquista della maggioranza al Senato con un successo in Lombardia e Veneto. Del resto era difficile pensare che Lega e Pdl picconassero il &#8220;muro&#8221; del Nord con effetti disastrosi anche sui governi locali in mano al centrodestra&#8230;<\/p>\n<p>Il Cav e Bobo hanno riaperto i giochi e al di l\u00e0 delle polemiche elettorali, la sostanza \u00e8 che hanno notevoli spazi di recupero, come dimostrano i sondaggi nel grande mare del <a href=\"https:\/\/www.ilgiornale.it\/news\/interni\/berlusconi-contro-lastensione-serve-pi-40-872421.html\" target=\"_blank\"><strong>non voto e degli indecisi<\/strong><\/a> mentre il trio Monti-Casini-Fini per ora arriverebbe al 15% con un&#8217;offerta politica che non sembra scaldare e convincere pi\u00f9 di tanto gli elettori delusi che per ora stanno alla finestra ma che alla fine potrebbero essere decisivi.<\/p>\n<p><a title=\"Lista Monticarlo\" href=\"https:\/\/www.ilgiornale.it\/news\/interni\/lista-monticarlo-paura-fa-990-zero-seggi-camera-sotto-10-872710.html\" target=\"_blank\"><strong>Lista Monticarlo, la paura fa 9,90: zero seggi alla Camera sotto il 10%<\/strong><\/a><\/p>\n<p><strong><a title=\"Bersani sgambetta Monti\" href=\"https:\/\/www.ilgiornale.it\/news\/interni\/bersani-sgambetta-monti-e-riempie-liste-ex-dc-872697.html\" target=\"_blank\">Bersani sgambetta Monti e riempie le liste di ex Dc<\/a><\/strong><\/p>\n<p><a title=\"Berlusconi ci crede. &quot;Condannato a vincere&quot;\" href=\"https:\/\/www.ilgiornale.it\/news\/interni\/silvio-ci-crede-condannato-vincere-872700.html\" target=\"_blank\"><strong>Berlusconi ci crede: &#8220;Condannato a vincere&#8221;<\/strong><\/a><em><\/em><\/p>\n","protected":false},"excerpt":{"rendered":"<p><p>\u00a0Ricordate il &#8220;parolaio rosso&#8221;, al secolo Fausto Bertinotti? Pare che nei palazzi della politica si sia di nuovo materializzato sotto forma di Nichi Vendola (che di Fausto era stato vice ai tempi di Rifondazione). I toni e le uscite del leader di Sel ricordano quel periodo e l&#8217;ingloriosa fine del governo Prodi e dell&#8217;Unione creando qualche problema in pi\u00f9 al buon Bersani che \u00e8 alle prese da una parte con la lista Monti (&#8220;Non \u00e8 una buona notizia per l&#8217;Italia&#8221;, ha detto il leader del Pd, salvo aggiungere che \u00e8 pronto ad allearsi con il professore anche se il premier [&hellip;]<\/p>\n&nbsp;&nbsp;<div class=\"readmore\"><a href=\"https:\/\/blog.ilgiornale.it\/taliani\/2013\/01\/08\/bersani-e-nichi-il-nuovo-parolaio-rosso\/\">Continua a leggere...<\/a><\/div><\/p>","protected":false},"author":7,"featured_media":0,"comment_status":"open","ping_status":"closed","sticky":false,"template":"","format":"standard","meta":[],"categories":[64],"tags":[14664,112,14473,2883,5705,197,735,3783,9522,6774,14559,130,7978,14667,14666,9194,12978,65,14665,14670,184,14669,131,6752,14671,14519,5718,14662,6957,256464,8162,14661,14672,102,11810],"_links":{"self":[{"href":"https:\/\/blog.ilgiornale.it\/taliani\/wp-json\/wp\/v2\/posts\/1353"}],"collection":[{"href":"https:\/\/blog.ilgiornale.it\/taliani\/wp-json\/wp\/v2\/posts"}],"about":[{"href":"https:\/\/blog.ilgiornale.it\/taliani\/wp-json\/wp\/v2\/types\/post"}],"author":[{"embeddable":true,"href":"https:\/\/blog.ilgiornale.it\/taliani\/wp-json\/wp\/v2\/users\/7"}],"replies":[{"embeddable":true,"href":"https:\/\/blog.ilgiornale.it\/taliani\/wp-json\/wp\/v2\/comments?post=1353"}],"version-history":[{"count":20,"href":"https:\/\/blog.ilgiornale.it\/taliani\/wp-json\/wp\/v2\/posts\/1353\/revisions"}],"predecessor-version":[{"id":1359,"href":"https:\/\/blog.ilgiornale.it\/taliani\/wp-json\/wp\/v2\/posts\/1353\/revisions\/1359"}],"wp:attachment":[{"href":"https:\/\/blog.ilgiornale.it\/taliani\/wp-json\/wp\/v2\/media?parent=1353"}],"wp:term":[{"taxonomy":"category","embeddable":true,"href":"https:\/\/blog.ilgiornale.it\/taliani\/wp-json\/wp\/v2\/categories?post=1353"},{"taxonomy":"post_tag","embeddable":true,"href":"https:\/\/blog.ilgiornale.it\/taliani\/wp-json\/wp\/v2\/tags?post=1353"}],"curies":[{"name":"wp","href":"https:\/\/api.w.org\/{rel}","templated":true}]}}