{"id":138,"date":"2010-09-25T18:19:29","date_gmt":"2010-09-25T17:19:29","guid":{"rendered":"https:\/\/blog.ilgiornale.it\/taliani\/?p=138"},"modified":"2010-09-25T20:34:10","modified_gmt":"2010-09-25T19:34:10","slug":"montecarlo-tutta-la-verita-di-fini","status":"publish","type":"post","link":"https:\/\/blog.ilgiornale.it\/taliani\/2010\/09\/25\/montecarlo-tutta-la-verita-di-fini\/","title":{"rendered":"Montecarlo, la verit\u00e0 di Fini: il video"},"content":{"rendered":"<p><a href=\"https:\/\/blog.ilgiornale.it\/taliani\/files\/2010\/09\/fini.jpg\"><\/a><a href=\"https:\/\/blog.ilgiornale.it\/taliani\/files\/2010\/09\/casa_montecarlo.jpg\"><img loading=\"lazy\" class=\"alignleft size-thumbnail wp-image-158\" src=\"https:\/\/blog.ilgiornale.it\/taliani\/files\/2010\/09\/casa_montecarlo-150x150.jpg\" alt=\"\" width=\"150\" height=\"150\" \/><\/a>Ecco\u00a0il video che il presidente della Camera ha pubblicato sul web per rispondere alle accuse sull&#8217;<em>affaire Montecarlo.<\/em><\/p>\n<p style=\"text-align: center\"><em><\/em><br \/>\n[youtube VmLQbuqA-2g]<\/p>\n<p><strong> <\/strong>Tanta attesa: per ore  tutti i siti di Fli saltano poi, una ventina di minuti dopo le 19, Fini  parla. Quasi nove minuti di discorso e nessuna certezza sulla casa a  Montecarlo.\u00a0 &#8220;Anche io mi chiedo, e ne ho pieno diritto visto il putiferio che mi \u00e8 stato scatenato addosso, chi \u00e8 il vero proprietario della casa di Montecarlo? \u00c8 Giancarlo Tulliani, come tanti pensano? Non lo so. Gliel\u2019ho chiesto con insistenza: egli ha sempre negato con forza, pubblicamente e in privato. Restano i dubbi? Certamente, anche a me. E se dovesse emergere con certezza che Tulliani \u00e8 il proprietario e che la mia buona fede \u00e8 stata tradita, non esiterei a lasciare la presidenza della Camera&#8221;.<\/p>\n<p><a href=\"https:\/\/www.ilgiornale.it\/interni\/fini_basta_gioco_massacro_se_tulliani_e_proprietario_mi_dimetto\/politica-fini-casa-montecarlo-video-tilt-siti\/25-09-2010\/articolo-id=475854-page=0-comments=1\">Leggi l&#8217;articolo,\u00a0 d\u00ec la tua<\/a><\/p>\n","protected":false},"excerpt":{"rendered":"<p><p>Ecco\u00a0il video che il presidente della Camera ha pubblicato sul web per rispondere alle accuse sull&#8217;affaire Montecarlo. [youtube VmLQbuqA-2g] Tanta attesa: per ore tutti i siti di Fli saltano poi, una ventina di minuti dopo le 19, Fini parla. Quasi nove minuti di discorso e nessuna certezza sulla casa a Montecarlo.\u00a0 &#8220;Anche io mi chiedo, e ne ho pieno diritto visto il putiferio che mi \u00e8 stato scatenato addosso, chi \u00e8 il vero proprietario della casa di Montecarlo? \u00c8 Giancarlo Tulliani, come tanti pensano? Non lo so. Gliel\u2019ho chiesto con insistenza: egli ha sempre negato con forza, pubblicamente e in [&hellip;]<\/p>\n&nbsp;&nbsp;<div class=\"readmore\"><a href=\"https:\/\/blog.ilgiornale.it\/taliani\/2010\/09\/25\/montecarlo-tutta-la-verita-di-fini\/\">Continua a leggere...<\/a><\/div><\/p>","protected":false},"author":7,"featured_media":0,"comment_status":"open","ping_status":"closed","sticky":false,"template":"","format":"standard","meta":[],"categories":[1],"tags":[],"_links":{"self":[{"href":"https:\/\/blog.ilgiornale.it\/taliani\/wp-json\/wp\/v2\/posts\/138"}],"collection":[{"href":"https:\/\/blog.ilgiornale.it\/taliani\/wp-json\/wp\/v2\/posts"}],"about":[{"href":"https:\/\/blog.ilgiornale.it\/taliani\/wp-json\/wp\/v2\/types\/post"}],"author":[{"embeddable":true,"href":"https:\/\/blog.ilgiornale.it\/taliani\/wp-json\/wp\/v2\/users\/7"}],"replies":[{"embeddable":true,"href":"https:\/\/blog.ilgiornale.it\/taliani\/wp-json\/wp\/v2\/comments?post=138"}],"version-history":[{"count":20,"href":"https:\/\/blog.ilgiornale.it\/taliani\/wp-json\/wp\/v2\/posts\/138\/revisions"}],"predecessor-version":[{"id":143,"href":"https:\/\/blog.ilgiornale.it\/taliani\/wp-json\/wp\/v2\/posts\/138\/revisions\/143"}],"wp:attachment":[{"href":"https:\/\/blog.ilgiornale.it\/taliani\/wp-json\/wp\/v2\/media?parent=138"}],"wp:term":[{"taxonomy":"category","embeddable":true,"href":"https:\/\/blog.ilgiornale.it\/taliani\/wp-json\/wp\/v2\/categories?post=138"},{"taxonomy":"post_tag","embeddable":true,"href":"https:\/\/blog.ilgiornale.it\/taliani\/wp-json\/wp\/v2\/tags?post=138"}],"curies":[{"name":"wp","href":"https:\/\/api.w.org\/{rel}","templated":true}]}}