{"id":1512,"date":"2013-04-05T13:40:56","date_gmt":"2013-04-05T11:40:56","guid":{"rendered":"https:\/\/blog.ilgiornale.it\/taliani\/?p=1512"},"modified":"2013-06-23T18:15:05","modified_gmt":"2013-06-23T16:15:05","slug":"i-fantasmi-del-pd","status":"publish","type":"post","link":"https:\/\/blog.ilgiornale.it\/taliani\/2013\/04\/05\/i-fantasmi-del-pd\/","title":{"rendered":"Matteo e i fantasmi del Pd"},"content":{"rendered":"<p><a href=\"https:\/\/blog.ilgiornale.it\/taliani\/files\/2013\/04\/RENZI-BERSANI.jpg\"><img loading=\"lazy\" class=\"alignleft size-medium wp-image-1514\" src=\"https:\/\/blog.ilgiornale.it\/taliani\/files\/2013\/04\/RENZI-BERSANI-300x184.jpg\" alt=\"\" width=\"300\" height=\"184\" srcset=\"https:\/\/blog.ilgiornale.it\/taliani\/files\/2013\/04\/RENZI-BERSANI-300x184.jpg 300w, https:\/\/blog.ilgiornale.it\/taliani\/files\/2013\/04\/RENZI-BERSANI-1024x630.jpg 1024w, https:\/\/blog.ilgiornale.it\/taliani\/files\/2013\/04\/RENZI-BERSANI.jpg 1142w\" sizes=\"(max-width: 300px) 100vw, 300px\" \/><\/a>&#8220;Vedete solo fantasmi&#8230;&#8221;, <strong>Matteo Renzi<\/strong> sar\u00e0 pure un rottamatore come si \u00e8 da tempo definito anche se la prima mano della partita l&#8217;ha persa, ma non ci sta a fare la parte del <em>casseur<\/em> pronto solo a sfasciare il Pd magari per fare un altro partito. Cos\u00ec evoca i fantasmi contro chi torna ad accusarlo di avere la &#8220;stessa linea di Berlusconi&#8221;.<\/p>\n<p>In realt\u00e0 i fantasmi nel Partito Disunito si agitano da tempo ed \u00e8 bastata una frase pronunciata dal sindaco di Firenze (&#8220;stiamo perdendo tempo, va fatto l&#8217;accordo con il Pdl o si voti&#8221;) perch\u00e9 diventassero una folla che anima lo scontro nella ex Balena rossa. &#8220;Avessi detto qualcosa di particolarmente intelligente&#8230; ho detto quello che pensa il 95% degli italiani&#8221; aggiunge. Ma tant&#8217;\u00e8, il <strong>fuoco amico<\/strong> \u00e8 ripartito, il tempo regalato al <strong>Pd<\/strong> da <strong>Giorgio Napolitano<\/strong> con la trovata dei<strong> saggi<\/strong> pare non sia servito &#8211; almeno per ora &#8211; a chiarire le idee sul da farsi, con Bersani alle prese con le manovre per l&#8217;elezione del Capo dello Stato e la strana idea di varare un governo purch\u00e9 sia, anche di minoranza. Il pericoloso &#8220;scissionista&#8221; o se si vuole &#8220;qualunquista&#8221;, insomma, ha reso visibili quei fantasmi mentre il &#8220;saggio&#8221; <strong>Valerio Onida<\/strong> ha creato pi\u00f9 di un imbarazzo a Napolitano ammettendo: &#8220;Siamo inutili, serviamo solo a coprire lo stallo&#8221;.<\/p>\n<p>E&#8217; lo <strong>scontro tutto interno al Pd<\/strong> a causare lo stallo. E se dopo l&#8217;occupazione delle presidenze di Camera e Senato, Bersani cerca l&#8217;intesa con il Cav (ma prima ha fatto l&#8217;ammuina sul &#8220;metodo&#8221; con Mario Monti&#8221;) per un nome condiviso al Quirinale, un nome che sia come chiede<strong> Silvio\u00a0 Berlusconi<\/strong> di &#8220;unit\u00e0 e di garanzia per tutti e non un ulteriore elemento di divisione&#8221;, per il <strong>governissimo<\/strong> la linea \u00e8 ancora quella del &#8220;non se ne parla&#8221;, salvo aggiustamenti in corso alla ricerca di una via d&#8217;uscita per dimostrare in qualche modo che non si perde tempo.<\/p>\n<p>L&#8217;umiliante scena di Bersani in ginocchio davanti agli uomini di <strong>Grillo<\/strong> durante le consultazioni non \u00e8 bastata al segretario del Pd. Altro che affermazioni delle &#8220;radici&#8221;, del &#8220;sappiamo da dove veniamo&#8221;. E&#8217; Renzi ad aver impugnato la bandiera attorno alla quale si sta raccogliendo una parte importante dei democrat: dai dalemiani ai veltroniani fino ad esponenti dell&#8217;area ex popolare. Il tema della <a href=\"https:\/\/www.ilgiornale.it\/news\/interni\/dalema-scarica-bersani-matto-ci-porta-rovina-904001.html\" target=\"_blank\"><strong>leadership del Pd e della linea politica<\/strong><\/a> \u00e8 tornato pesantemente sul tavolo: il fantasma si \u00e8 ri-materializzato e lo scontro (con o senza scissione) si \u00e8 riacceso con la &#8220;scossa&#8221; data da Renzi. L&#8217;ultima polemica, tanto per far capire che aria tira a Largo del Nazareno, l&#8217;ha causata <a href=\"https:\/\/www.ilgiornale.it\/news\/interni\/renzi-vola-nei-sondaggi-e-lunit-fa-guerra-904006.html\" target=\"_blank\"><strong>il titolo di apertura dell&#8217;<em>Unit\u00e0<\/em>: &#8220;No di Renzi al governo Bersani&#8221;<\/strong><\/a>, che ha fatto insorgere i renziani che parlano di &#8220;assoluta falsit\u00e0&#8221; e di &#8220;vergognosa propaganda&#8221;. Poi c&#8217;\u00e8 chi lavora perch\u00e9 la diaspora ex comunista finisca almeno per quel riguarda <strong>Nichi Vendola<\/strong> alleato di ferro con Bersani, il quale dice ai suoi di Sel &#8220;<strong>rimescoliamoci col Pd<\/strong>&#8221; e <strong>Matteo Orfini<\/strong>, responsabile cultura del Pd dalle colonne del Manifesto lancia la proposta di unire le &#8220;due sinistre&#8221;.\u00a0 Tira aria di fusione? Di sinistra-sinistra rievoncando la aprole della Bindi mentre anche il ministro <strong>Barca<\/strong> afferma di essere pronto a impegnarsi nel Pd? Grandi manovre per il partito post Bersani che delineano il solco con il Renzi-pensiero. Mi torna alla mente il titolo di post che ho scritto l&#8217;agosto scorso: &#8220;Bersani e Vendola, a volte ritornano&#8221;&#8230; Lo scontro interno continua e i primi &#8220;strappi&#8221; cominciano a pesare.<\/p>\n<p>La governabilit\u00e0 reale e non di corto respiro \u00e8 la condizione <em>sine qua non<\/em> per far uscire il paese dalle secche in cui l&#8217;ha cacciato il governo dei tecnici guidato da <strong>Mario Monti<\/strong> fra lenzuolate di tasse, disoccupazione, dramma esodati, vicenda dei mar\u00f2, debito pubblico che sale, rinvii sui pagamenti della pubblica amministrazione alle aziende e raffica di scadenze fiscali pesanti in arrivo per famiglie e imprese: Imu e Tares (di fatto due patrimoniali mascherate), Irpef e Ires. tanto per capirci, dati Istat: <strong>pi\u00f9 di met\u00e0 della ricchezza prodotta \u00e9 finita nelle casse del fisco, negli ultimi tre mesi del 2012 <a href=\"https:\/\/www.ilgiornale.it\/news\/interni\/pressione-fiscale-record-tasse-volano-52-e-ora-arriva-904021.html\" target=\"_blank\">il peso delle tasse balzare al 52%, un record assoluto<\/a><\/strong>.<\/p>\n<p>E Berlusconi rilancia. &#8220;Gli elettori mostrano di apprezzare la nostra proposta, al punto tale che se si rivotasse saremmo in grado, secondo gli ultimi sondaggi, di prevalere sia alla Camera che al Senato. Ciononostante <strong>il ricorso alle urne entro giugno non rappresenta la nostra prima scelta<\/strong> &#8211; afferma in un messaggio su <em>Forzasilvio.it<\/em> -. Noi sappiamo bene che la cosa pi\u00f9 urgente \u00e8 far uscire il Paese dalla crisi nel tempo pi\u00f9 breve possibile. Noi riteniamo quindi <strong>prioritario<\/strong> ed anzi, indispensabile, dare vita subito a un <strong>governo stabile e forte<\/strong>. Soltanto se il Partito Democratico dir\u00e0 <strong>no<\/strong> a questa soluzione, si dovr\u00e0 ricorrere alle elezioni anticipate&#8221;.<br \/>\nE aggiunge: &#8220;La nostra posizione \u00e8 chiara e nota a tutti. La prima preoccupazione \u00e8 per lo stato dell\u2019economia, per le imprese, per i lavoratori in difficolt\u00e0 e per le famiglie. Per prendere le misure necessarie e urgenti per uscire da una austerit\u00e0 rovinosa e per far capire in Europa e ai mercati che l\u2019Italia c\u2019\u00e8, <strong>abbiamo dichiarato di essere disponibili a far <\/strong><strong>nascere un governo di coalizione guidato da un rappresentante del Partito Democratico<\/strong>. Come sapete bene non chiedo nulla per me, n\u00e8 ruoli istituzionali n\u00e8 ruoli di governo. Chiedo solo di poter continuare a svolgere il compito che mi \u00e8 stato affidato ancora una volta dai nostri elettori e cio\u00e8 quello di tenere unito il centro-destra e di contribuire a far uscire il nostro Paese da questa crisi che \u00e8 la pi\u00f9 grave dal dopoguerra ad oggi&#8221;.<\/p>\n<p>Si attendono risposte da Bersani.<\/p>\n<p><a href=\"https:\/\/www.ilgiornale.it\/news\/interni\/leader-pdl-ai-suoi-su-bersani-pi-cos-non-potevo-fare-adesso-904009.html\" target=\"_blank\"><strong>Napolitano elogia il Cav: &#8220;Senso di responsabilit\u00e0&#8221;<\/strong><\/a> di <em>Laura Cesaretti<\/em><\/p>\n","protected":false},"excerpt":{"rendered":"<p><p>&#8220;Vedete solo fantasmi&#8230;&#8221;, Matteo Renzi sar\u00e0 pure un rottamatore come si \u00e8 da tempo definito anche se la prima mano della partita l&#8217;ha persa, ma non ci sta a fare la parte del casseur pronto solo a sfasciare il Pd magari per fare un altro partito. Cos\u00ec evoca i fantasmi contro chi torna ad accusarlo di avere la &#8220;stessa linea di Berlusconi&#8221;. In realt\u00e0 i fantasmi nel Partito Disunito si agitano da tempo ed \u00e8 bastata una frase pronunciata dal sindaco di Firenze (&#8220;stiamo perdendo tempo, va fatto l&#8217;accordo con il Pdl o si voti&#8221;) perch\u00e9 diventassero una folla che [&hellip;]<\/p>\n&nbsp;&nbsp;<div class=\"readmore\"><a href=\"https:\/\/blog.ilgiornale.it\/taliani\/2013\/04\/05\/i-fantasmi-del-pd\/\">Continua a leggere...<\/a><\/div><\/p>","protected":false},"author":7,"featured_media":0,"comment_status":"open","ping_status":"closed","sticky":false,"template":"","format":"standard","meta":[],"categories":[64],"tags":[16078,60,752,830,11709,5753,6749,91,7181,9194,26389,12998,26392,5709,5718,256467,256464,11777,12977,2909,5751,21455,102],"_links":{"self":[{"href":"https:\/\/blog.ilgiornale.it\/taliani\/wp-json\/wp\/v2\/posts\/1512"}],"collection":[{"href":"https:\/\/blog.ilgiornale.it\/taliani\/wp-json\/wp\/v2\/posts"}],"about":[{"href":"https:\/\/blog.ilgiornale.it\/taliani\/wp-json\/wp\/v2\/types\/post"}],"author":[{"embeddable":true,"href":"https:\/\/blog.ilgiornale.it\/taliani\/wp-json\/wp\/v2\/users\/7"}],"replies":[{"embeddable":true,"href":"https:\/\/blog.ilgiornale.it\/taliani\/wp-json\/wp\/v2\/comments?post=1512"}],"version-history":[{"count":15,"href":"https:\/\/blog.ilgiornale.it\/taliani\/wp-json\/wp\/v2\/posts\/1512\/revisions"}],"predecessor-version":[{"id":1866,"href":"https:\/\/blog.ilgiornale.it\/taliani\/wp-json\/wp\/v2\/posts\/1512\/revisions\/1866"}],"wp:attachment":[{"href":"https:\/\/blog.ilgiornale.it\/taliani\/wp-json\/wp\/v2\/media?parent=1512"}],"wp:term":[{"taxonomy":"category","embeddable":true,"href":"https:\/\/blog.ilgiornale.it\/taliani\/wp-json\/wp\/v2\/categories?post=1512"},{"taxonomy":"post_tag","embeddable":true,"href":"https:\/\/blog.ilgiornale.it\/taliani\/wp-json\/wp\/v2\/tags?post=1512"}],"curies":[{"name":"wp","href":"https:\/\/api.w.org\/{rel}","templated":true}]}}