{"id":1554,"date":"2013-04-30T22:26:57","date_gmt":"2013-04-30T20:26:57","guid":{"rendered":"https:\/\/blog.ilgiornale.it\/taliani\/?p=1554"},"modified":"2013-05-01T19:31:17","modified_gmt":"2013-05-01T17:31:17","slug":"la-web-crazia-di-grillo-espulsioni-2-0-con-un-click","status":"publish","type":"post","link":"https:\/\/blog.ilgiornale.it\/taliani\/2013\/04\/30\/la-web-crazia-di-grillo-espulsioni-2-0-con-un-click\/","title":{"rendered":"Webcrazia di Grillo: espulsioni 2.0 con un click"},"content":{"rendered":"<p><a href=\"https:\/\/blog.ilgiornale.it\/taliani\/files\/2013\/04\/Blog_Grillo.jpg\"><img loading=\"lazy\" class=\"alignleft size-medium wp-image-1557\" src=\"https:\/\/blog.ilgiornale.it\/taliani\/files\/2013\/04\/Blog_Grillo-300x190.jpg\" alt=\"\" width=\"300\" height=\"190\" srcset=\"https:\/\/blog.ilgiornale.it\/taliani\/files\/2013\/04\/Blog_Grillo-300x190.jpg 300w, https:\/\/blog.ilgiornale.it\/taliani\/files\/2013\/04\/Blog_Grillo-1024x651.jpg 1024w, https:\/\/blog.ilgiornale.it\/taliani\/files\/2013\/04\/Blog_Grillo.jpg 1822w\" sizes=\"(max-width: 300px) 100vw, 300px\" \/><\/a>E cos\u00ec la dura &#8220;legge&#8221; (se vogliamo chiamarla cos\u00ec) della &#8220;democrazia 2.0&#8221; ha colpito ancora nell&#8217;<strong>M5S<\/strong>. Nella <strong>web-crazia<\/strong> abbiamo visto parlamentarie e quirinarie, mancavano i processi e ora abbiamo anche quelli, anzi <strong>&#8220;il processo&#8221;<\/strong> che ha portato all&#8217;espulsione dal movimento del senatore <strong>Marino Mastrangeli<\/strong> colpevole di aver partecipato a talk show tv senza essersi coordinato con i gruppi parlamentari &#8220;danneggiando cos\u00ec l&#8217;immagine del M5S con valutazioni del tutto personali&#8221;.\u00a0 Cos\u00ec la giuria del movimento chiamata a raccolta da <strong>Beppe Grillo<\/strong> ha votato. &#8220;Pollice verso&#8221; e cacciata decisa dall&#8217;88,8% dei votanti sul blog, poco pi\u00f9 di 19 mila (di cui 17.177 per il s\u00ec e 2.164 per il no) sui circa 48 mila iscritti (pi\u00f9 della met\u00e0 non pervenuti o non interessati, par di capire&#8230;). Si dir\u00e0: il movimento ha le sue regole, chi ne fa parte deve accertarle e amen. Non mi dilungo sulla discussione, sui perch\u00e9 e i percome, le polemiche, i personalismi, le accuse di aver inscenato un processo &#8220;stalianiano&#8221; o degno della &#8220;Corea del Nord&#8221;. Noto solo che l&#8217;espulso, il repropo in questione, non \u00e8 un semplice iscritto a una bocciofila, ma un <strong>cittadino italiano eletto al Senato della Repubblica<\/strong>.<\/p>\n<p>E, visto che Grillo e i suoi seguaci si sono eretti a paladini della<strong> Costituzione<\/strong>, vorrei sapere se conoscono <strong>l&#8217;articolo 21<\/strong> della &#8220;Carta pi\u00f9 bella del mondo&#8221;. Vediamo: &#8220;Tutti hanno diritto di manifestare liberamente il proprio pensiero con le parole, lo scritto e ogni altro mezzo di diffusione&#8221;. E vorrei sapere se conoscono anche<strong> l&#8217;articolo 67 della Costituzione<\/strong>: &#8220;Ogni membro del Parlamento rappresenta la Nazione ed esercita la sua funzione senza vincolo di mandato&#8221;. Che significa garantire costituzionalmente ai parlamentari cosucce di poco conto legate alla libert\u00e0 di espressione, che significa non avere vincolo di mandato sia rispetto ai partiti e al programma elettorale sia rispetto agli elettori. Inutile dire che questo principio \u00e8 comune a tutte le democrazie rappresentative e che trov\u00f2 per la prima volta la sua forma pi\u00f9 compiuta nella Costituzione scritta in Francia nel 1791, dopo la rivoluzione.<\/p>\n<p>E pensare che Grillo e l&#8217;M5S hanno candidato via web alla carica di presidente della Repubblica un insigne giurista e uomo di diritto come <strong>Stefano Rodot\u00e0<\/strong> (con poco pi\u00f9 di 4.600 voti) proprio come pi\u00f9 alto garante della Costituzione (quella degli articoli 21 e 67, per intenderci). Evidentemente alla web-crazia la Costituzione in fondo non serve. E a proposito di processi kafkiani, di processi &#8220;politici&#8221;, ricordate quel &#8220;punirne uno per&#8230;&#8221;? Ma durer\u00e0?<\/p>\n","protected":false},"excerpt":{"rendered":"<p><p>E cos\u00ec la dura &#8220;legge&#8221; (se vogliamo chiamarla cos\u00ec) della &#8220;democrazia 2.0&#8221; ha colpito ancora nell&#8217;M5S. Nella web-crazia abbiamo visto parlamentarie e quirinarie, mancavano i processi e ora abbiamo anche quelli, anzi &#8220;il processo&#8221; che ha portato all&#8217;espulsione dal movimento del senatore Marino Mastrangeli colpevole di aver partecipato a talk show tv senza essersi coordinato con i gruppi parlamentari &#8220;danneggiando cos\u00ec l&#8217;immagine del M5S con valutazioni del tutto personali&#8221;.\u00a0 Cos\u00ec la giuria del movimento chiamata a raccolta da Beppe Grillo ha votato. &#8220;Pollice verso&#8221; e cacciata decisa dall&#8217;88,8% dei votanti sul blog, poco pi\u00f9 di 19 mila (di cui 17.177 [&hellip;]<\/p>\n&nbsp;&nbsp;<div class=\"readmore\"><a href=\"https:\/\/blog.ilgiornale.it\/taliani\/2013\/04\/30\/la-web-crazia-di-grillo-espulsioni-2-0-con-un-click\/\">Continua a leggere...<\/a><\/div><\/p>","protected":false},"author":7,"featured_media":0,"comment_status":"open","ping_status":"closed","sticky":false,"template":"","format":"standard","meta":[],"categories":[64],"tags":[26409,26410,5739,11993,26403,26408,14505,11738,26405,26402,2646,26404,26411,26407],"_links":{"self":[{"href":"https:\/\/blog.ilgiornale.it\/taliani\/wp-json\/wp\/v2\/posts\/1554"}],"collection":[{"href":"https:\/\/blog.ilgiornale.it\/taliani\/wp-json\/wp\/v2\/posts"}],"about":[{"href":"https:\/\/blog.ilgiornale.it\/taliani\/wp-json\/wp\/v2\/types\/post"}],"author":[{"embeddable":true,"href":"https:\/\/blog.ilgiornale.it\/taliani\/wp-json\/wp\/v2\/users\/7"}],"replies":[{"embeddable":true,"href":"https:\/\/blog.ilgiornale.it\/taliani\/wp-json\/wp\/v2\/comments?post=1554"}],"version-history":[{"count":8,"href":"https:\/\/blog.ilgiornale.it\/taliani\/wp-json\/wp\/v2\/posts\/1554\/revisions"}],"predecessor-version":[{"id":1563,"href":"https:\/\/blog.ilgiornale.it\/taliani\/wp-json\/wp\/v2\/posts\/1554\/revisions\/1563"}],"wp:attachment":[{"href":"https:\/\/blog.ilgiornale.it\/taliani\/wp-json\/wp\/v2\/media?parent=1554"}],"wp:term":[{"taxonomy":"category","embeddable":true,"href":"https:\/\/blog.ilgiornale.it\/taliani\/wp-json\/wp\/v2\/categories?post=1554"},{"taxonomy":"post_tag","embeddable":true,"href":"https:\/\/blog.ilgiornale.it\/taliani\/wp-json\/wp\/v2\/tags?post=1554"}],"curies":[{"name":"wp","href":"https:\/\/api.w.org\/{rel}","templated":true}]}}