{"id":1577,"date":"2013-05-03T15:55:02","date_gmt":"2013-05-03T13:55:02","guid":{"rendered":"https:\/\/blog.ilgiornale.it\/taliani\/?p=1577"},"modified":"2013-06-23T18:13:09","modified_gmt":"2013-06-23T16:13:09","slug":"nel-nome-di-rodota","status":"publish","type":"post","link":"https:\/\/blog.ilgiornale.it\/taliani\/2013\/05\/03\/nel-nome-di-rodota\/","title":{"rendered":"Tutti contro il Pd nel nome di Rodot\u00e0"},"content":{"rendered":"<p><a href=\"https:\/\/blog.ilgiornale.it\/taliani\/files\/2013\/05\/Manifesti_pro_Rodota\u0300.jpg\"><img loading=\"lazy\" class=\"alignleft size-medium wp-image-1593\" src=\"https:\/\/blog.ilgiornale.it\/taliani\/files\/2013\/05\/Manifesti_pro_Rodota\u0300-300x241.jpg\" alt=\"\" width=\"300\" height=\"241\" srcset=\"https:\/\/blog.ilgiornale.it\/taliani\/files\/2013\/05\/Manifesti_pro_Rodota\u0300-300x241.jpg 300w, https:\/\/blog.ilgiornale.it\/taliani\/files\/2013\/05\/Manifesti_pro_Rodota\u0300.jpg 636w\" sizes=\"(max-width: 300px) 100vw, 300px\" \/><\/a>Ci riprovano e finalmente hanno trovato la bandiera da sventolare, o se volete l\u2019icona da far sfilare e attorno alla quale unirsi nella diversit\u00e0 per dar vita alla madre di tutte le battaglie politiche: <strong>Stefano Rodot\u00e0<\/strong>. Attorno a lui si raccoglie la galassia della sinistra (o delle sinistre)\u00a0 senza se e senza ma, giustizialista e anti Cav, partitica, civica, movimentista, ex girotondina, viola e arancione, no Tav e no tutto.<\/p>\n<p>Il <strong>Nemico<\/strong> da abbattere e contro cui marciare, oltre al Cavaliere? Il governo guidato da <strong>Enrico Letta<\/strong>. L\u2019 ala dello schieramento\u00a0delle larghe intese da sfondare? Il <strong>Pd<\/strong>, quello riformista, moderato, consapevole che le larghe intese sono \u201cil passo\u201d da fare per dare un governo al Paese e imboccare la strada dell\u2019uscita della crisi. Partito lacerato, diviso dagli scontri interni, affetto da correntismo e da ambiguit\u00e0 irrisolte ma pronto, alla fine, a rispondere alla chiamata del Colle.<br \/>\nQuel Pd che alla fine ha votato s\u00ec alla rielezione al Quirinale di <strong>Giorgio Napolitano<\/strong> e osato dire detto no a Rodot\u00e0 e ai suoi coriferi interni ed esterni, che non ha saputo o voluto costruire un esecutivo in grado di \u201cmischiarsi\u201d con <strong>Beppe Grillo<\/strong> e l\u2019<strong>M5S<\/strong>\u00a0 andando addirittura ad allearsi con <strong>Pdl<\/strong> e <strong>Scelta Civica<\/strong>.<\/p>\n<p>E\u2019 questa l\u2019aria che tira in quel mondo che \u00e8 uscito sconfitto dalle politiche, rottamato dagli elettori e anche dalla stragrande maggioranza degli eletti in Parlamento. Il caso della fine di Rivoluzione Civica chiusa e trasformata in Azione Civica da Ingroia \u00e8 di scuola. Ormai la linea di marcia prende consistenza: attorno al giurista candidato da M5S e soprattutto dalla rete come preferisce dire\u00a0 lui, si sta raccogliendo quel mondo vasto che va da <strong>Ingroia<\/strong> a <strong>Cofferati<\/strong>, da <strong>Beppe Giulietti<\/strong> a <strong>Pippo Civati<\/strong> e pezzi del Pd, da <strong>Gherardo Colombo<\/strong> al grillino <strong>Vito Crimi<\/strong>, dagli ex Fiom <strong>Landini<\/strong> e <strong>Cremaschi<\/strong> fino a <strong>Vendola<\/strong> e ai radical chic in cerca d\u2019autore. Un mondo che inizia a dialogare, a tessere tele, ad annusarsi, a cercare linee d\u2019azione.<br \/>\nOrmai sono in tanti ad aver iniziato a lavorare ai fianchi il Pd perch\u00e9 ribalti alla prima occasione la linea, a sperare e auspicare che il governo Letta salti al pi\u00f9 presto per riaprire i giochi malamente persi, con quel Partito Democratico che avrebbe \u201ctradito\u201d il popolo della sinistra in nome dell\u2019<strong>inciucio<\/strong> con il Pdl.<\/p>\n<p>Gi\u00e0, il Pd che, mi chiedo, <strong>riuscir\u00e0 a reggere<\/strong> e, come forza di governo responsabile, a fare da argine alla sinistra pi\u00f9 radicale? A resistere ai picconatori delle mura interni ed esterni? Il partito \u00e8 in attesa di un reggente per il dopo Bersani &#8211; vedremo cosa verr\u00e0 fuori dall&#8217;assemblea del prossimo fine settimana &#8211;\u00a0 ed \u00e8 alle prese con un <strong>congresso<\/strong> che sar\u00e0 durissimo, come si \u00e8 visto nello scontro tutto interno durante l\u2019elezione del presidente della Repubblica.\u00a0 Acque tempestose, con <strong>Matteo Renzi<\/strong> che sta manovrando e spera d\u2019imbroccare la mossa buona per guidare un carro che non assomigli a quello di Tespi e intanto dice in accoppiata con l&#8217;amico-nemico <strong>Stefano Fassina<\/strong>, di non volere <a href=\"https:\/\/www.ilgiornale.it\/news\/interni\/berlusconi-d-laltol-pd-basta-patenti-democrazia-retroscena-913965.html\" target=\"_blank\"><strong>Berlusconi alla guida della Convenzione per le riforme<\/strong><\/a>. Noterella: nei sondaggi ora Letta \u00e8 pi\u00f9 popolare del rottamatore fiorentino\u2026 il quale rottamatore riceve l&#8217;endorsement di <strong>Carlo De Benedetti<\/strong>: &#8220;L&#8217;unico leader spendibile del momento \u00e8 Matteo Renzi&#8221; (immagino come sar\u00e0 felice <strong>Eugenio Scalfari<\/strong> che invece ha duramente bastonato Matteo).<\/p>\n<p>L\u2019aria che tira attorno alla balena bianco-rossa si \u00e8 vista il primo maggio dalle uova di Torino con i cartelli pro Preiti agli scontri di Napoli che hanno fatto saltare il concerto, fino alle intemerate del presidente della Camera, <a href=\"https:\/\/www.ilgiornale.it\/news\/interni\/coerenza-boldrini-sempre-fianco-dei-comunisti-913687.html\" target=\"_blank\"><strong>Laura Boldrini<\/strong><\/a> e a quelle del professor <a href=\"https:\/\/www.ilgiornale.it\/news\/interni\/grillino-delira-non-stupitevi-dei-fucili-913683.html\" target=\"_blank\"><strong>Paolo Becchi<\/strong><\/a>, intellettuale di area grillina: \u201cSe qualcuno fra qualche mese prende i fucili non lamentiamoci\u2026\u201d. Cos\u00ec nel nome di Rodot\u00e0 il nuovo \u201ccantiere\u201d \u00e8 aperto,\u00a0 si raccolgono le truppe e ci si prepara alla madre di tutte le battaglie quando si torner\u00e0 a voto.<br \/>\n<strong>Resister\u00e0 il Pd all\u2019assalto?<\/strong> I dubbi sono legittimi.<\/p>\n<p>Se si guarda ai sondaggi, l\u2019ultimo di Tecn\u00e8 per <em>Sky Tg24<\/em> d\u00e0 il <strong>centrodestra<\/strong> davanti al centrosinistra di 7 punti (35,9%) mentre il <strong>centrosinistra<\/strong> arriva al 28,5%. L\u2019M5S scende al 22%. E il <strong>Pdl<\/strong> \u00e8 il primo partito (28,1%) con il Pd al\u00a0 22,8%. L\u2019aria che tira e questa\u2026 a buon intenditor, a cominciare dall\u2019inedito duo <strong>Renzi \u2013 Fassina<\/strong>\u2026<\/p>\n<p><a href=\"https:\/\/www.ilgiornale.it\/news\/interni\/i-democratici-si-spaccano-pure-sul-nuovo-segretario-913968.html\" target=\"_blank\"><strong>I democratici si spaccano pure sul nuovo segretario<\/strong><\/a> di <em>Massimiliano Scafi<br \/>\n<\/em><a title=\"Il &quot;vaffa&quot; di De Luca ai grillini\" href=\"https:\/\/www.ilgiornale.it\/news\/interni\/de-luca-amministratore-scomodo-viceministro-personaggio-914193.html\" target=\"_blank\"><strong>Il Pd alle prese col &#8220;vaffa&#8221; di De Luca ai grillini<\/strong><\/a> di<em> Emanuela Fontana<br \/>\n<\/em><a href=\"https:\/\/www.ilgiornale.it\/news\/interni\/perch-letta-alfano-coppia-giusta-914207.html\" target=\"_blank\"><strong>Perch\u00e9 Letta-Alfano \u00e8 la coppia giusta<\/strong><\/a> di<em> Giuliano Ferrara<br \/>\n<\/em><\/p>\n","protected":false},"excerpt":{"rendered":"<p><p>Ci riprovano e finalmente hanno trovato la bandiera da sventolare, o se volete l\u2019icona da far sfilare e attorno alla quale unirsi nella diversit\u00e0 per dar vita alla madre di tutte le battaglie politiche: Stefano Rodot\u00e0. Attorno a lui si raccoglie la galassia della sinistra (o delle sinistre)\u00a0 senza se e senza ma, giustizialista e anti Cav, partitica, civica, movimentista, ex girotondina, viola e arancione, no Tav e no tutto. Il Nemico da abbattere e contro cui marciare, oltre al Cavaliere? Il governo guidato da Enrico Letta. L\u2019 ala dello schieramento\u00a0delle larghe intese da sfondare? Il Pd, quello riformista, moderato, [&hellip;]<\/p>\n&nbsp;&nbsp;<div class=\"readmore\"><a href=\"https:\/\/blog.ilgiornale.it\/taliani\/2013\/05\/03\/nel-nome-di-rodota\/\">Continua a leggere...<\/a><\/div><\/p>","protected":false},"author":7,"featured_media":0,"comment_status":"open","ping_status":"closed","sticky":false,"template":"","format":"standard","meta":[],"categories":[64],"tags":[29997,5739,112,256466,17057,29064,30004,30002,30000,14567,6774,30076,14510,6772,7978,30075,30009,29062,5740,21459,12978,26398,30074,14505,864,59,256467,256464,29063,6111,26419,30003,88,30001,11806,26411,30008,256468,29998],"_links":{"self":[{"href":"https:\/\/blog.ilgiornale.it\/taliani\/wp-json\/wp\/v2\/posts\/1577"}],"collection":[{"href":"https:\/\/blog.ilgiornale.it\/taliani\/wp-json\/wp\/v2\/posts"}],"about":[{"href":"https:\/\/blog.ilgiornale.it\/taliani\/wp-json\/wp\/v2\/types\/post"}],"author":[{"embeddable":true,"href":"https:\/\/blog.ilgiornale.it\/taliani\/wp-json\/wp\/v2\/users\/7"}],"replies":[{"embeddable":true,"href":"https:\/\/blog.ilgiornale.it\/taliani\/wp-json\/wp\/v2\/comments?post=1577"}],"version-history":[{"count":32,"href":"https:\/\/blog.ilgiornale.it\/taliani\/wp-json\/wp\/v2\/posts\/1577\/revisions"}],"predecessor-version":[{"id":1864,"href":"https:\/\/blog.ilgiornale.it\/taliani\/wp-json\/wp\/v2\/posts\/1577\/revisions\/1864"}],"wp:attachment":[{"href":"https:\/\/blog.ilgiornale.it\/taliani\/wp-json\/wp\/v2\/media?parent=1577"}],"wp:term":[{"taxonomy":"category","embeddable":true,"href":"https:\/\/blog.ilgiornale.it\/taliani\/wp-json\/wp\/v2\/categories?post=1577"},{"taxonomy":"post_tag","embeddable":true,"href":"https:\/\/blog.ilgiornale.it\/taliani\/wp-json\/wp\/v2\/tags?post=1577"}],"curies":[{"name":"wp","href":"https:\/\/api.w.org\/{rel}","templated":true}]}}