{"id":1612,"date":"2013-05-06T15:54:07","date_gmt":"2013-05-06T13:54:07","guid":{"rendered":"https:\/\/blog.ilgiornale.it\/taliani\/?p=1612"},"modified":"2013-05-06T15:59:02","modified_gmt":"2013-05-06T13:59:02","slug":"letta-lancia-la-squadra-italia-per-expo","status":"publish","type":"post","link":"https:\/\/blog.ilgiornale.it\/taliani\/2013\/05\/06\/letta-lancia-la-squadra-italia-per-expo\/","title":{"rendered":"Expo, Letta lancia la squadra Italia"},"content":{"rendered":"<p><a href=\"https:\/\/blog.ilgiornale.it\/taliani\/files\/2013\/05\/Letta-a-Expo-2015.jpg\"><img loading=\"lazy\" class=\"alignleft size-medium wp-image-1613\" src=\"https:\/\/blog.ilgiornale.it\/taliani\/files\/2013\/05\/Letta-a-Expo-2015-300x144.jpg\" alt=\"\" width=\"300\" height=\"144\" srcset=\"https:\/\/blog.ilgiornale.it\/taliani\/files\/2013\/05\/Letta-a-Expo-2015-300x144.jpg 300w, https:\/\/blog.ilgiornale.it\/taliani\/files\/2013\/05\/Letta-a-Expo-2015-1024x492.jpg 1024w, https:\/\/blog.ilgiornale.it\/taliani\/files\/2013\/05\/Letta-a-Expo-2015.jpg 1985w\" sizes=\"(max-width: 300px) 100vw, 300px\" \/><\/a>&#8220;Siamo tutti insieme una squadra, la <strong>squadra Italia<\/strong> che cerca di far s\u00ec che <strong>Milano capitale d\u2019Europa<\/strong> non sia uno slogan&#8221;. Mi ha colpito questa frase pronunciata dal presidente del Consiglio <strong>Enrico Letta<\/strong> a Milano nella sede di Expo 2015 dove ha firmato il decreto per l&#8217;attesa legge speciale e la nomina dell&#8217;amministratore delegato <strong>Giuseppe Sala<\/strong> a <strong>commissario unico<\/strong>, un manager che \u00e8 &#8220;punto di riferimento insostituibile&#8221;.<\/p>\n<p>A ribadire quale sia a portata dell&#8217;impegno, Letta ha sottolineato che si tratta di un &#8220;gesto importante con cui vogliamo dare un segno perch\u00e9 il successo dell\u2019Expo \u00e8 una delle <strong>priorit\u00e0 del governo<\/strong>&#8221; per il quale\u00a0 ci sar\u00e0 anchel&#8217;impegno personale del premier, oltre a quello del sottosegretario <strong>Maurizio Martina<\/strong> che ha una delega ad hoc. Ed \u00e8 una scelta che &#8220;tutto il paese sostiene e per noi rappresenta una delle cartine di tornasole per la riuscita di questo governo&#8221;.<\/p>\n<p>Sta qui il senso, dopo il tour europeo, dell&#8217;arrivo del premier a Milano per la prima uscita &#8220;in casa&#8221;. E ancora: &#8220;Questa vicenda ha una fortuna: ha una scadenza, e per noi italiani \u00e8 sempre meglio. Faremo il nostro meglio perch\u00e9 la scadenza sia rispettata. Expo \u00e8 uno snodo attraverso il quale <strong>il Paese pu\u00f2 agganciare la ripresa<\/strong>&#8220;. Facendo leva proprio sulla squadra Italia, costruendo attorno all&#8217;Expo un <strong>modello<\/strong> <strong>bipartisan<\/strong> in grado valozzare e unire le eccellenze del<em> made in Italy<\/em>, palcoscenico mondiale attraverso il quale declinare agroindustria, mondo delle imprese, innovazione e tecnogica, cultura e turismo attraverso un impegno coeso e credibile che sia insieme un atto di concretezza verso il Paese e un esempio di unit\u00e0 d&#8217;intenti per vincere una sfida che non \u00e8 di parte ma appartiene a tutti e nella quale tutti devono impegnarsi.<\/p>\n<p>Non \u00e8 un caso se assieme al presidente del Consiglio c&#8217;erano <strong>tre ministri<\/strong> direttamente coinvolti in Expo: <strong>Nunzia Di Girolamo<\/strong> (Agricoltura), <strong>Massimo Bray<\/strong> (Cultura e Turismo), <strong>Maurizio Lupi<\/strong> (Infrastrutture). Ed erano presenti il presidenti della Ragione Lombardia <strong>Roberto Maroni<\/strong> e il sindaco di Milano <strong>Giuliano Pisapia<\/strong> ai quali il premier si \u00e8 rivolto con queste parole: &#8220;Expo non termina nel 2015 ma tutto ci\u00f2 che avverr\u00e0 l\u00ec deve avere anche un futuro, per la Lombardia e per Milano. La presenza di due personalit\u00e0 alle quali voglio rivolgere parole personali di grandissimo apprezzamento, stima e fiducia \u00e8 la garanzia e il punto di riferimento per il lavoro efficace per l\u2019obiettivo. La criminalit\u00e0 organizzata e le mafie non pensino che questa possa essere un\u2019occasione per loro per avere mano libera &#8211; ha ammonito -. Avremo una vigilanza doppia, tripla, quadrupla. Saremo duri e inflessibili anche per evitare un danno di immagine dell\u2019Italia. E la\u00a0 storia di Maroni e Pisapia \u00e8 fatta di contrasto alla criminalit\u00e0 e alla mafia&#8221;.<\/p>\n<p>Enrico Letta \u00e8 andato oltre ricordando che nell&#8217;incontro che avr\u00e0 assieme al ministro degli Esteri <strong>Emma Bonino<\/strong>, solleciter\u00e0 il sottogretario <strong>John Kerry<\/strong> rispetto alla <strong>partecipazione degli Stati Uniti<\/strong> ad Expo. &#8220;\u00c8 mia intenzione individuare forme per rafforzare la collaborazione con la <strong>Cina<\/strong> &#8211; ha aggiunto, perch\u00e9 &#8211; che sar\u00e0 una delle chiavi del successo dell&#8217;Esposizione Universale&#8221;.<\/p>\n<p>Governo impegnato su tutti fronti, dunque, ma non solo, perch\u00e9 la squadra Italia dovr\u00e0 coinvolgere tutte &#8220;le migliori energie del Paese&#8221;, da tutti gli <strong>ex presidenti del Consiglio<\/strong> a partire da <strong>Romano Prodi<\/strong> a chi, come l&#8217;ex sindaco di Milano <strong>Letizia Moratt<\/strong>i, hanno svolto un ruolo importante nella nascita di Expo. Cosa che, ha detto Letta, &#8220;far\u00f2 personalmente&#8221;.<\/p>\n<p>&#8220;Queste grandi manifestazioni sono un\u2019opportunit\u00e0 per un paese per guardare al futuro. Non vince il centrodestra o il centrosinistra, <strong>vince o perde l\u2019Italia<\/strong>. Se fallisce Expo, fallisce una grande opportunit\u00e0 per il Paese &#8211; ha detto il ministro <strong>Lupi<\/strong> -. Questa \u00e8 la grande opportunit\u00e0 per l\u2019Italia di dimostrare di essere al centro e al cuore dell\u2019Europa e del mondo. Di farlo con l\u2019intelligenza, il cuore e la volont\u00e0 di noi italiani&#8221;.<br \/>\nEcco il senso della squadra Italia che dovr\u00e0 giocare per Expo e per il Paese. E fare l&#8217;impresa.<\/p>\n","protected":false},"excerpt":{"rendered":"<p><p>&#8220;Siamo tutti insieme una squadra, la squadra Italia che cerca di far s\u00ec che Milano capitale d\u2019Europa non sia uno slogan&#8221;. Mi ha colpito questa frase pronunciata dal presidente del Consiglio Enrico Letta a Milano nella sede di Expo 2015 dove ha firmato il decreto per l&#8217;attesa legge speciale e la nomina dell&#8217;amministratore delegato Giuseppe Sala a commissario unico, un manager che \u00e8 &#8220;punto di riferimento insostituibile&#8221;. A ribadire quale sia a portata dell&#8217;impegno, Letta ha sottolineato che si tratta di un &#8220;gesto importante con cui vogliamo dare un segno perch\u00e9 il successo dell\u2019Expo \u00e8 una delle priorit\u00e0 del governo&#8221; [&hellip;]<\/p>\n&nbsp;&nbsp;<div class=\"readmore\"><a href=\"https:\/\/blog.ilgiornale.it\/taliani\/2013\/05\/06\/letta-lancia-la-squadra-italia-per-expo\/\">Continua a leggere...<\/a><\/div><\/p>","protected":false},"author":7,"featured_media":0,"comment_status":"open","ping_status":"closed","sticky":false,"template":"","format":"standard","meta":[],"categories":[64],"tags":[30018,30014,6774,30012,30010,30011,5726,8711,18540,25795,30020,14418,30021,30015,7687,5717,30022],"_links":{"self":[{"href":"https:\/\/blog.ilgiornale.it\/taliani\/wp-json\/wp\/v2\/posts\/1612"}],"collection":[{"href":"https:\/\/blog.ilgiornale.it\/taliani\/wp-json\/wp\/v2\/posts"}],"about":[{"href":"https:\/\/blog.ilgiornale.it\/taliani\/wp-json\/wp\/v2\/types\/post"}],"author":[{"embeddable":true,"href":"https:\/\/blog.ilgiornale.it\/taliani\/wp-json\/wp\/v2\/users\/7"}],"replies":[{"embeddable":true,"href":"https:\/\/blog.ilgiornale.it\/taliani\/wp-json\/wp\/v2\/comments?post=1612"}],"version-history":[{"count":4,"href":"https:\/\/blog.ilgiornale.it\/taliani\/wp-json\/wp\/v2\/posts\/1612\/revisions"}],"predecessor-version":[{"id":1617,"href":"https:\/\/blog.ilgiornale.it\/taliani\/wp-json\/wp\/v2\/posts\/1612\/revisions\/1617"}],"wp:attachment":[{"href":"https:\/\/blog.ilgiornale.it\/taliani\/wp-json\/wp\/v2\/media?parent=1612"}],"wp:term":[{"taxonomy":"category","embeddable":true,"href":"https:\/\/blog.ilgiornale.it\/taliani\/wp-json\/wp\/v2\/categories?post=1612"},{"taxonomy":"post_tag","embeddable":true,"href":"https:\/\/blog.ilgiornale.it\/taliani\/wp-json\/wp\/v2\/tags?post=1612"}],"curies":[{"name":"wp","href":"https:\/\/api.w.org\/{rel}","templated":true}]}}