{"id":1724,"date":"2013-05-27T23:48:02","date_gmt":"2013-05-27T21:48:02","guid":{"rendered":"https:\/\/blog.ilgiornale.it\/taliani\/?p=1724"},"modified":"2013-06-05T08:59:12","modified_gmt":"2013-06-05T06:59:12","slug":"grillo-non-salta-piu","status":"publish","type":"post","link":"https:\/\/blog.ilgiornale.it\/taliani\/2013\/05\/27\/grillo-non-salta-piu\/","title":{"rendered":"Grillo non salta pi\u00f9&#8230;"},"content":{"rendered":"<p><a href=\"https:\/\/blog.ilgiornale.it\/taliani\/files\/2013\/05\/grillo.jpg\"><img loading=\"lazy\" class=\"alignleft size-medium wp-image-1725\" src=\"https:\/\/blog.ilgiornale.it\/taliani\/files\/2013\/05\/grillo-300x200.jpg\" alt=\"\" width=\"300\" height=\"200\" srcset=\"https:\/\/blog.ilgiornale.it\/taliani\/files\/2013\/05\/grillo-300x200.jpg 300w, https:\/\/blog.ilgiornale.it\/taliani\/files\/2013\/05\/grillo-1024x682.jpg 1024w, https:\/\/blog.ilgiornale.it\/taliani\/files\/2013\/05\/grillo.jpg 1242w\" sizes=\"(max-width: 300px) 100vw, 300px\" \/><\/a>La mitica antipolitica ha fatto flop nell&#8217; ultima tornata di elezioni amministrative. Con la clamorosa (ma almeno per chi scrive non troppo)<strong> caduta dell&#8217;M5S<\/strong>. A tre mesi di distanza dalle elezioni politiche, quando i cinque stelle presero il 27% dei voti a livello nazionale, i consensi sono crollati, dopo il segnale negativo che era arrivato dalle recenti elezioni regionali del Friuli Venezia Giulia c&#8217;\u00e8 la conferma: dove si \u00e8 votato, l&#8217;M5S ha dimezzato i voti rispetto a quelli incassati tre mesi prima.<strong><\/strong><\/p>\n<p><strong>Grillo<\/strong> non salta pi\u00f9. L&#8217;ex comico non incanta come un tempo le piazze e le tante, troppe parole d&#8217;ordine, gli anatemi, le scomuniche a destra e a manca che ha lanciato hanno iniziato a essere percepite come un abbaiare alla luna.\u00a0 E quelli persi dal non-partito della ditta Grillo &amp; Casaleggio sono voti veri,\u00a0 non virtuali. Che dipendono anche dai candidati presentati dall&#8217;M5S, dal loro livello, alla loro reale della capacit\u00e0 di incidere concretamente nelle istituzioni e sul territorio. L&#8217;idea che &#8220;chiunque&#8221; possa fare il sindaco, la selezione via web come se questo fosse la soluzione dei problemi del Paese cos\u00ec come \u00e8 avvenuto per i parlamentari, ha mostrato tutta la sua debolezza. Come pensare che davvero internet fosse davvero l&#8217;acchiappavoti del nuovo millennio&#8230; tanto che ora <a title=\"Il grillino Fico in tv dalla Annunziata\" href=\"https:\/\/www.ilgiornale.it\/news\/interni\/roberto-fico-grillo-nessun-editto-contro-i-giornalisti-923278.html\" target=\"_blank\">anche l&#8217;ex comico e qualcuno dei suoi andr\u00e0 in tv<\/a>.<\/p>\n<p>La sensazione della svolta &#8211; in negativo &#8211; dell&#8217;M5S \u00e8 iniziata dopo lo sbarco in Parlamento con il balletto dei nomi da candidare alla presidenza della Repubblica. Tutti di <strong>sinistra<\/strong>: da Stefano Rodot\u00e0 a Milena Gabanelli, da Gino Strada a Dario Fo. Connotazione marcatamente di sinistra &#8211; anche per spaccare il Pd &#8211; alla quale Grillo, a ridosso del voto, ha cercato inutilmente di porre rimedio puntando\u00a0 sul no allo ius soli, sulla questione delle tasse e sul referendum contro l&#8217;euro per convincere, senza riuscirci, gli elettori moderati in fuga dal Pdl e dalla Lega che hanno detto &#8220;no grazie&#8221;.<\/p>\n<p>Ma non \u00e8 bastato, stavolta, lui che aveva giocato la partita pescando nell&#8217;<strong>elettorato deluso<\/strong> e arrabbiato di destra, sinistra e centro non ha convinto e stavolta lo slogan &#8220;non siamo n\u00e8 di destra n\u00e8 di sinistra&#8221; \u00e8 rimasta una frase a effetto buona per tutti gli usi.<\/p>\n<p>A questo va aggiunto il caos nei gruppi parlamentari &#8211; assolutamenti inadeguati e impreparati &#8211; con le sortite dei capigruppo <strong>Crimi<\/strong> e <strong>Lombardi<\/strong> che sono state un susseguirsi di gaffe e di uscite estemporanee fra detti e contraddetti uno pi\u00f9 clamoroso dell&#8217;altro. Non ha giovato la tragicomica <strong>guerra degli scontrini<\/strong> e dei rimborsi spese dei parlamentari che ha mostrato la fragilit\u00e0 dell&#8217; auto-proclamata &#8220;diversit\u00e0&#8221; dei cittadini della web democrazia che pretendono di rappresentare la societ\u00e0 civile, come fossero &#8220;sovrani&#8221; e non eletti da una parte dell&#8217;elettorato. Roba da matti.<\/p>\n<p>Non hanno giovato le polemiche sulle partecipazioni ai talk show, il no alle interviste, gli attacchi ai giornalisti servi del padrone, inclusi gli ultimi contro la conduttrice di<em> Report<\/em>, <strong>Milena Gabanelli<\/strong>, il conduttore Ballar\u00f2, Floris e l&#8217;editorialista del <em>Corriere della Sera<\/em> <strong>Pierluigi Battista<\/strong>. Non hanno giovato le<strong> espulsioni<\/strong> di chi decide di parlare fuori dai canoni della teologia politica grillina con relativi &#8220;processi&#8221;. Non basta entrare nel Palazzo senza poi spiegare che cosa si vuol fare\u00a0 fare e dove si vuole andare andare. Perch\u00e9 un conto \u00e8 il consenso degli elettori che condividono un programma preciso e le scelte conseguenti, un conto \u00e8 raccogliere voti di protesta tout court che oggi ci sono, domani no&#8230; Successe gi\u00e0 a Giannini e all&#8217;Uomo Qualunque. Per semplificare: ricordate lo slogan &#8220;dalla protesta alla proposta&#8221; (aggiungo purch\u00e9 credibile)? Per ora questo passaggio non c&#8217;\u00e8.<\/p>\n<p>Pessimo spettacolo quello portato in questi tre mesi sulla ribalta del teatrino della politica dall&#8217;<strong>ex comico<\/strong> e dai suoi seguaci affetti da tafazzite acuta, populismo e politicismo furbetto ma non troppo. Cos\u00ec stavolta non sono passati all&#8217;incasso al botteghino. Lo spettacolo non \u00e8 piaciuto. Inutile minimizzare come fa qualcuno (da Becchi a Crimi&#8230;). La sceneggiatura \u00e8 da riscrivere e forse anche qualche attore \u00e8 da cambiare. Inutile che <strong>Beppe<\/strong> se la prenda con gli italiani che non l&#8217;hanno votato&#8230; proprio cos\u00ec. E rischia di fare la figura del capocomico che si lamenta di fronte alla platea che si \u00e8 svuotata e guardandosi attorno grida: <strong>non mi meritate&#8230;<\/strong><\/p>\n<p><strong>E l&#8217;ultima<\/strong> di Beppe \u00e8 la <em>fatwa<\/em> contro il mitizzato <strong>Stefano Rodot\u00e0<\/strong>, il supercandidato dei Grillini al Quirinale per il quale i parlamentari M5S esposero i cartelli di sostegno in piazza Montecitorio. Ricordate? Quel candidato che alle &#8220;quirinarie&#8221; aveva preso poco pi\u00f9 di quattromila voti. Bene, il giurista tanto amato ha osato criticare Grillo dopo la sconfitta alle ammnistrative e l&#8217;ex comico l&#8217;ha subito malamente e brutalmente scaricato definendolo<strong> <a title=\"Grillo contro Rodot\u00e0\" href=\"https:\/\/www.ilgiornale.it\/news\/interni\/grillo-scarica-anche-rodot-ottuagenario-miracolato-922627.html\" target=\"_blank\">&#8220;un ottantenne miracolato dal web&#8221;<\/a><\/strong>. Ma si pu\u00f2? Evidentemente s\u00ec&#8230; Aspettiamoci altre &#8220;sparate&#8221;, soprattutto contro i giornalisti oltre che i soliti noti &#8211; da Napolitano a Brusconi al Pd &#8211; l&#8217;importante \u00e8 alzare il tiro per non perdere visibilit\u00e0 mediatica. Prima regola del Beppe Grillo-pensiero.<strong><br \/>\n<\/strong><\/p>\n<p><a title=\"Ma i grillini sono stelle o meteore?\" href=\"https:\/\/www.ilgiornale.it\/news\/interni\/i-grillini-sono-stelle-o-meteore-921315.html\" target=\"_blank\"><strong>Ma i grillini sono stelle o meteore?<\/strong><\/a><strong><\/strong> di <strong><em>Francesco Maria Del Vigo<\/em><\/strong><\/p>\n<p><a href=\"https:\/\/www.ilgiornale.it\/news\/interni\/calo-pd-e-pdl-ballottaggio-12-citt-roma-marino-921541.html\" target=\"_blank\"><strong>Grillo arrenditi<\/strong><\/a> di <strong><em>Vittorio Feltri<\/em><\/strong><\/p>\n","protected":false},"excerpt":{"rendered":"<p><p>La mitica antipolitica ha fatto flop nell&#8217; ultima tornata di elezioni amministrative. Con la clamorosa (ma almeno per chi scrive non troppo) caduta dell&#8217;M5S. A tre mesi di distanza dalle elezioni politiche, quando i cinque stelle presero il 27% dei voti a livello nazionale, i consensi sono crollati, dopo il segnale negativo che era arrivato dalle recenti elezioni regionali del Friuli Venezia Giulia c&#8217;\u00e8 la conferma: dove si \u00e8 votato, l&#8217;M5S ha dimezzato i voti rispetto a quelli incassati tre mesi prima. Grillo non salta pi\u00f9. L&#8217;ex comico non incanta come un tempo le piazze e le tante, troppe parole [&hellip;]<\/p>\n&nbsp;&nbsp;<div class=\"readmore\"><a href=\"https:\/\/blog.ilgiornale.it\/taliani\/2013\/05\/27\/grillo-non-salta-piu\/\">Continua a leggere...<\/a><\/div><\/p>","protected":false},"author":7,"featured_media":0,"comment_status":"open","ping_status":"closed","sticky":false,"template":"","format":"standard","meta":[],"categories":[64],"tags":[5739,30054,5740,1312,14505,30050],"_links":{"self":[{"href":"https:\/\/blog.ilgiornale.it\/taliani\/wp-json\/wp\/v2\/posts\/1724"}],"collection":[{"href":"https:\/\/blog.ilgiornale.it\/taliani\/wp-json\/wp\/v2\/posts"}],"about":[{"href":"https:\/\/blog.ilgiornale.it\/taliani\/wp-json\/wp\/v2\/types\/post"}],"author":[{"embeddable":true,"href":"https:\/\/blog.ilgiornale.it\/taliani\/wp-json\/wp\/v2\/users\/7"}],"replies":[{"embeddable":true,"href":"https:\/\/blog.ilgiornale.it\/taliani\/wp-json\/wp\/v2\/comments?post=1724"}],"version-history":[{"count":40,"href":"https:\/\/blog.ilgiornale.it\/taliani\/wp-json\/wp\/v2\/posts\/1724\/revisions"}],"predecessor-version":[{"id":1767,"href":"https:\/\/blog.ilgiornale.it\/taliani\/wp-json\/wp\/v2\/posts\/1724\/revisions\/1767"}],"wp:attachment":[{"href":"https:\/\/blog.ilgiornale.it\/taliani\/wp-json\/wp\/v2\/media?parent=1724"}],"wp:term":[{"taxonomy":"category","embeddable":true,"href":"https:\/\/blog.ilgiornale.it\/taliani\/wp-json\/wp\/v2\/categories?post=1724"},{"taxonomy":"post_tag","embeddable":true,"href":"https:\/\/blog.ilgiornale.it\/taliani\/wp-json\/wp\/v2\/tags?post=1724"}],"curies":[{"name":"wp","href":"https:\/\/api.w.org\/{rel}","templated":true}]}}