{"id":1847,"date":"2013-06-19T12:27:12","date_gmt":"2013-06-19T10:27:12","guid":{"rendered":"https:\/\/blog.ilgiornale.it\/taliani\/?p=1847"},"modified":"2013-07-07T11:29:45","modified_gmt":"2013-07-07T09:29:45","slug":"renzi-bersani-e-la-fregatura-democratica","status":"publish","type":"post","link":"https:\/\/blog.ilgiornale.it\/taliani\/2013\/06\/19\/renzi-bersani-e-la-fregatura-democratica\/","title":{"rendered":"Renzi, Bersani e la &#8220;fregatura democratica&#8221;"},"content":{"rendered":"<p><a href=\"https:\/\/blog.ilgiornale.it\/taliani\/files\/2013\/06\/matteo_renzi.jpg\"><img loading=\"lazy\" class=\"alignleft size-medium wp-image-1852\" src=\"https:\/\/blog.ilgiornale.it\/taliani\/files\/2013\/06\/matteo_renzi-300x199.jpg\" alt=\"\" width=\"300\" height=\"199\" srcset=\"https:\/\/blog.ilgiornale.it\/taliani\/files\/2013\/06\/matteo_renzi-300x199.jpg 300w, https:\/\/blog.ilgiornale.it\/taliani\/files\/2013\/06\/matteo_renzi-1024x680.jpg 1024w, https:\/\/blog.ilgiornale.it\/taliani\/files\/2013\/06\/matteo_renzi.jpg 1397w\" sizes=\"(max-width: 300px) 100vw, 300px\" \/><\/a>Che <strong>Matteo Renzi<\/strong> sia una &#8220;risorsa&#8221; nel Pd lo hanno detto in tutte le salse (condite anche con l&#8217;ingrediente dell&#8217;ipocrisia) ma come si debba spendere la suddetta &#8220;risorsa&#8221; \u00e8 meno chiaro perch\u00e9 il buon Matteo \u00e8 di nuovo al centro del fuoco amico di partito esattamente come ai tempi della rottamazione, della Leopolda e delle primarie. Se poi si ritrova a fianco nella scalata al partito (ma ci prover\u00e0 davvero?) alleati inediti come <strong>Massimo D&#8217;Alema<\/strong> e <strong>Walter Veltroni<\/strong> vuol dire che il gioco di fa davvero duro perch\u00e9 i due &#8211; rottamati da Renzi, ma vivi e vegeti partiticamente parlando &#8211; sembrano pi\u00f9 che altro alleati saltati sul camper del sindaco per motivi di opportunit\u00e0, per poter meglio manovrare <em>more solito<\/em> nell&#8217;amalgama (per ora ancora mal riuscito) del Pd. Che, incassato il risultato positivo delle amministrative, si ritrova punto e a capo nella lunga guerra per leadership, premiership e quant&#8217;altro pu\u00f2 dividere e far male. Cos\u00ec \u00e8 anche se non a tutti piace.<\/p>\n<p>Ecco allora l&#8217;ultimo <strong>messaggio pre-congressuale<\/strong> di Renzi rivolto <em>fanfanianamente<\/em> ad amici e nemici: &#8220;Se il Pd pensa solo a non far partecipare alle primarie le persone, se l\u2019obiettivo del gruppo dirigente del Pd \u00e8 &#8216;<strong>come ti frego il candidato<\/strong>&#8216;, io ho una buona notizia per loro: se vogliono fare le regole loro, resto a Firenze tranquillo&#8221;. E, per farsi capire bene, ha aggiunto che decider\u00e0 di candidarsi alle primarie &#8220;appena decidono le regole loro, perch\u00e9 l\u2019altra volta ho deciso e hanno cambiato le regole. Stavolta non passo da fesso&#8221;. Come si vede torna il mitico &#8220;noi&#8221; e &#8220;loro&#8221; che \u00e8 il segno distintivo della ditta, il Partito Disunito. E fin qui ci pu\u00f2 stare, visto che Renzi aggiunge: &#8220;Vorrei che Epifani non cambiasse le regole. Queste, quelle dello statuto, vanno bene, le date non si toccano&#8221;. Nel messaggio renziano non manca la battuta: &#8220;Il centrosinistra, purch\u00e9 vinca, va bene anche con Mazinga, non \u00e8 un problema di Matteo Renzi. Vorrei che finalmente vincesse&#8221;. Invece \u00e8 in gara &#8220;per partecipare&#8221; e poi si ritrova col &#8220;governo delle larghe intese&#8221;. Che a Matteo continua a non piacere e vorrebbe che togliesse il disturbo prima possibile.<\/p>\n<p>Quanto alla <strong>strana alleanza<\/strong> con D\u2019Alema (attenzione, per\u00f2 Baffino vuole Matteo come candidato premier, non come capo partito) spiega: &#8220;Io non faccio inciucini, neanche con Massimo. Il colloquio a Palazzo Vecchio dur\u00f2 dodici secondi. Lui fece un passo indietro per evitare che la mia battaglia danneggiasse Bersani e mi spieg\u00f2 perch\u00e9 avevo sbagliato, e io perch\u00e9, secondo me, avevo ragione&#8221;. Insomma niente complottismo, niente inciuci. \u201cSu che? Qual \u00e8 l\u2019idea di partito che ha D\u2019Alema? \u00e8 la stessa mia? Io sogno un partito pi\u00f9 fresco, libero e leggero\u2026&#8221;. Gi\u00e0, ma per guidarlo verso quale approdo? Vincere lo abbiamo capito, per fare cosa e come rispetto al Paese non lo dice, non lo pu\u00f2 dire, magari i suoi avversari di sempre tornerebbero a dargli del &#8220;fascistoide&#8221;&#8230;<\/p>\n<p>E guardacaso lo smacchiatore mancato di giaguari <strong>Pier Luigi Bersani<\/strong>\u00a0 torna il campo, appare nel salottino della Gruber su <em>La7<\/em> prova a dare una nuova smacchiatina a Matteo (e a D\u2019Alema) parlando in piddiese stretto (ovvero l\u2019hanno capito solo i suoi ai quali ha spiegato che lui in fondo non ha fatto errori\u2026) come fosse ancora il segretario e <em>dominus<\/em> dei giochi dell\u2019Apparato e del &#8220;continuiamo nel solco delle radici&#8221; degli ex Pci: &#8220;Il segretario lo scelgono gli iscritti\u2026&#8221;. Roba di partito e per il partito, visto che il premier c\u2019\u00e8 gi\u00e0 e si chiama Enrico Letta\u2026 <strong>Primarie aperte, apertissime ma agli iscritti<\/strong> e come ha spiegato pure il soave <strong>Guglielmo Epifani<\/strong> in modo pi\u00f9 soft, elettori almeno &#8220;iscritti a un albo&#8221;.<\/p>\n<p>Chiamala \u201cfregatura democratica\u201d se vuoi, ma l\u2019aria che tira \u00e8 questa. Altro che Mazinga per vincere, piuttosto servirebbe un Mazinga per difendere il <strong>soldato Renzi<\/strong> da &#8220;compagni&#8221; e &#8220;amici&#8221; del <strong>collettivo<\/strong> che Bersani ha di nuovo evocato. Il tormentone in questo inizio estate caldissimo per il clima e per la via crucis delle tasse e dei balzelli nazionali e locali che gli italiani sono \u201ccostretti\u201d a onorare (la <strong>pressione fiscale effettiva<\/strong> &#8220;si \u00e9 impennata fino al <strong>53%<\/strong>&#8221; dice la Corte dei Conti), non ci risparmia nemmeno il teatrino politico con tanto di parti in commedia. E l&#8217;ultima &#8220;pensata&#8221; di Renzi che in attesa del bastone del comando, se arriver\u00e0, ha la bella idea di chiedere al Pd di proporre un contributo di solidariet\u00e0 per le <strong>pensioni<\/strong> sopra i 3.500 euro: la sua idea di governo \u00e8 prendere a chi d\u00e0 e ha gi\u00e0 dato, idea modernissima che fa il paio con quella di Grillo: tetto massimo per le pensioni uguale per tutti, 2.500 euro. Fa caldo e posso capire che ci sia chi va in giro con lo scolapasta in testa, ma se questo \u00e8 il nuovo che avanza&#8230;<\/p>\n<p><strong>Noterella<\/strong> per capire meglio i perch\u00e9 e i percome dello scontro.<br \/>\nSe si andasse oggi a nuove <strong>elezioni<\/strong>, secondo un sondaggio realizzato da Swg per Agor\u00e0, su Rai Tre, il 41% degli italiani voterebbe il centrosinistra (senza Vendola) guidato da Matteo Renzi, il centrodestra guidato da Berlusconi seguirebbe staccato di 10 punti e l\u2019M5S \u00a0scenderebbe al 14.<br \/>\nSenza il sindaco di Firenze in campo, il centrosinistra raccoglierebbe solo il 30%, superato dal centrodestra al 35% mentre l\u2019M5S di Grillo avrebbe il 17,5% dei consensi. Ecco perch\u00e9 incombe la &#8220;fregatura democratica&#8221;.<\/p>\n<p><a title=\"Il Pd sta sconfiggendo Renzi che perde appeal\" href=\"https:\/\/www.ilgiornale.it\/news\/interni\/pd-sta-sconfiggendo-renzi-che-inizia-perdere-appeal-933711.html\" target=\"_blank\"><strong>Il Pd sta sconfiggendo Renzi che perde appeal<\/strong><\/a> di <em>Fabrizio Rondolino<\/em><\/p>\n<p><a title=\"Le inversioni a U di Matteo\" href=\"https:\/\/www.ilgiornale.it\/news\/interni\/quanti-cambi-direzioneil-caso-933701.html\" target=\"_blank\"><strong>Le inversioni a U di Matteo&#8230;<\/strong><\/a><strong><\/strong><em> <\/em>di<em> Fabrizio Boschi<\/em><\/p>\n<p><a title=\"D'Alema-renzi, il solito Pd che sa solo sparare sul Cav\" href=\"https:\/\/www.ilgiornale.it\/news\/interni\/dalema-renzi-solito-pd-che-sa-solo-sparare-sul-cav-928465.html\" target=\"_blank\"><strong>D&#8217;Alema-Renzi, il solito Pd che sa solo sparare sul Cav<\/strong> <\/a>di <em>Laura Cesaretti<\/em><\/p>\n","protected":false},"excerpt":{"rendered":"<p><p>Che Matteo Renzi sia una &#8220;risorsa&#8221; nel Pd lo hanno detto in tutte le salse (condite anche con l&#8217;ingrediente dell&#8217;ipocrisia) ma come si debba spendere la suddetta &#8220;risorsa&#8221; \u00e8 meno chiaro perch\u00e9 il buon Matteo \u00e8 di nuovo al centro del fuoco amico di partito esattamente come ai tempi della rottamazione, della Leopolda e delle primarie. Se poi si ritrova a fianco nella scalata al partito (ma ci prover\u00e0 davvero?) alleati inediti come Massimo D&#8217;Alema e Walter Veltroni vuol dire che il gioco di fa davvero duro perch\u00e9 i due &#8211; rottamati da Renzi, ma vivi e vegeti partiticamente parlando [&hellip;]<\/p>\n&nbsp;&nbsp;<div class=\"readmore\"><a href=\"https:\/\/blog.ilgiornale.it\/taliani\/2013\/06\/19\/renzi-bersani-e-la-fregatura-democratica\/\">Continua a leggere...<\/a><\/div><\/p>","protected":false},"author":7,"featured_media":0,"comment_status":"open","ping_status":"closed","sticky":false,"template":"","format":"standard","meta":[],"categories":[64],"tags":[30041,9151,11709,30073,5711,5709,5443,11777,5745,14523,30055,102],"_links":{"self":[{"href":"https:\/\/blog.ilgiornale.it\/taliani\/wp-json\/wp\/v2\/posts\/1847"}],"collection":[{"href":"https:\/\/blog.ilgiornale.it\/taliani\/wp-json\/wp\/v2\/posts"}],"about":[{"href":"https:\/\/blog.ilgiornale.it\/taliani\/wp-json\/wp\/v2\/types\/post"}],"author":[{"embeddable":true,"href":"https:\/\/blog.ilgiornale.it\/taliani\/wp-json\/wp\/v2\/users\/7"}],"replies":[{"embeddable":true,"href":"https:\/\/blog.ilgiornale.it\/taliani\/wp-json\/wp\/v2\/comments?post=1847"}],"version-history":[{"count":14,"href":"https:\/\/blog.ilgiornale.it\/taliani\/wp-json\/wp\/v2\/posts\/1847\/revisions"}],"predecessor-version":[{"id":1851,"href":"https:\/\/blog.ilgiornale.it\/taliani\/wp-json\/wp\/v2\/posts\/1847\/revisions\/1851"}],"wp:attachment":[{"href":"https:\/\/blog.ilgiornale.it\/taliani\/wp-json\/wp\/v2\/media?parent=1847"}],"wp:term":[{"taxonomy":"category","embeddable":true,"href":"https:\/\/blog.ilgiornale.it\/taliani\/wp-json\/wp\/v2\/categories?post=1847"},{"taxonomy":"post_tag","embeddable":true,"href":"https:\/\/blog.ilgiornale.it\/taliani\/wp-json\/wp\/v2\/tags?post=1847"}],"curies":[{"name":"wp","href":"https:\/\/api.w.org\/{rel}","templated":true}]}}