{"id":256,"date":"2011-01-13T13:40:53","date_gmt":"2011-01-13T12:40:53","guid":{"rendered":"https:\/\/blog.ilgiornale.it\/taliani\/?p=256"},"modified":"2011-01-14T10:25:46","modified_gmt":"2011-01-14T09:25:46","slug":"ma-il-pd-esiste-ancora","status":"publish","type":"post","link":"https:\/\/blog.ilgiornale.it\/taliani\/2011\/01\/13\/ma-il-pd-esiste-ancora\/","title":{"rendered":"Ma il Pd esiste ancora?"},"content":{"rendered":"<p><a href=\"https:\/\/blog.ilgiornale.it\/taliani\/files\/2011\/01\/chiamparino.jpg\"><img loading=\"lazy\" class=\"alignleft size-medium wp-image-259\" src=\"https:\/\/blog.ilgiornale.it\/taliani\/files\/2011\/01\/chiamparino-300x214.jpg\" alt=\"\" width=\"300\" height=\"214\" srcset=\"https:\/\/blog.ilgiornale.it\/taliani\/files\/2011\/01\/chiamparino-300x214.jpg 300w, https:\/\/blog.ilgiornale.it\/taliani\/files\/2011\/01\/chiamparino.jpg 709w\" sizes=\"(max-width: 300px) 100vw, 300px\" \/><\/a> La confusione \u00e8 grande, sotto il cielo del centrosinistra e del partito democratico. L&#8217;ultima notizia arriva dalla direzione nazionale del Pd dove i veltroniani raccolti nel MoDem prima hanno detto di voler votare contro la mozione del segretario Pierluigi Bersani. Poi il signor ma-anche Walter ha dato il contrordine e i suoi si sono astenuti. E vabb\u00e9, si pu\u00f2 dire che ci stava nella logica dei fratelli coltelli di sempre (leggi D&#8217;Alema-Veltroni). Veltroni si \u00e8 messo di traverso dopo aver lasciato malamente la segreteria e ha organizzato la &#8220;resistenza democratica&#8221; contro il segretario che ha strappato un armistizio (l&#8217;ennesimo) che \u00e8 precario quanto la posizione di Bersani, sicuramente indebolito. Non solo sul fronte interno ma pure su quello esterno rispetto a Nichi Vendola, tanto che si pensa a primarie di partito e non di coalizione proprio per\u00a0 tener fuori il leader del Sel.<\/p>\n<p>Ma quello che colpisce \u00e8 lo strappo, anzi, lo &#8220;strappone&#8221; di <strong>Sergio Chiamparino<\/strong> da un lato e di <strong>Matteo Renzi<\/strong> dall&#8217;altro: due sindaci di peso, quelli di Torino e\u00a0 Firenze che su molti temi la pensano allo stesso modo (quasi a riproporre la storico duello del vecchio Pci diviso fra partito degli amministatori e apparato politicante). Altri tempi, perch\u00e9 oggi dalle parti del Botteghino sembra vada peggio di ieri&#8230;<\/p>\n<p>Sul caso Fiat, Chiamparino critica pesantemente l&#8217; appiattimento del Pd sulla posizione barricadiera e perdente della Fiom-Cgil, e critica pure i duri attacchi attacchi rivolti a Marchionne da molti, troppi dirigenti di peso piddini ad esclusione del torinese Fassino, per non parlare della &#8220;collaterale&#8221; segretaria Cgil Camusso. Sul punto anche Matteo Renzi \u00e8 stato chiarissimo: sto con Chiamparino. Poi Renzi va oltre:\u00a0 tesse l&#8217;elogio di Silvio Berlusconi a Firenze, in occasione della firma del protocollo\u00a0 tra ministero dei Beni culturali e citt\u00e0:\u00a0 &#8220;Se il risultato \u00e8 questo chieder\u00f2 di essere ricevuto una volta al mese ad Arcore&#8221;, anzi &#8220;se funziona cos\u00ec fisso gi\u00e0 quella di gennaio&#8221;. Arcore, il faccia a faccia con Silvio, ricordate? Nel Pd c&#8217;\u00e8 chi ne ha approfittato subito per crocifiggere e mettere sotto processo il giovane sindaco &#8220;rottamatore&#8221; quasi si volesse rispolvere il rito antico del centralismo democratico&#8230;<br \/>\nRiassumendo: Chiamparino sta con Marchionne contro il Pd e appoggia Renzi pensando a future nuove leadership democratiche\u00a0 (&#8220;e&#8217; uno su cui puntare&#8221;), Renzi sta con Marchionne e\u00a0 apprezza Berlusconi &#8230;<\/p>\n<p>La domanda non \u00e8 oziosa, mentre a Roma si consuma l&#8217;ennesimo scontro fra i vertici dell&#8217;ex Balena rossa ormai spiaggiata e agonizzante (almeno cos\u00ec com&#8217;\u00e8 oggi) e sul caso Torino si consumano parole e slogan che paiono ancora una volta lontani dagli interessi veri del lavoratori e del Paese: ma<strong> il Pd esiste ancora<\/strong>?<\/p>\n<p>E&#8217; ancora il partito guida dell&#8217;opposizione, quello che pu\u00f2 condurre verso una nuova alba radiosa e felice l&#8217;Italia finalmente de-berlusconizzata? O \u00e8 un rassemblemant di convenienza e convivenza forzata tra ex Pci-Pds-Ds ed ex Dc con le radici culturali ferme alla &#8220;mitica&#8221; sinistra democristiana e alle idee del catto-comunismo, pronto a lanciare slogan &#8220;riformisti&#8221; senza la sostanza vera del riformismo e della socialdemocrazia? E pu\u00f2 &#8220;questo&#8221; Pd ormai diviso in correnti l&#8217;un contro l&#8217;altro armate, aspirare a guidare coalizioni e mettere in piedi programmi di governo credibili agli occhi degli italiani? Difficile crederlo. Per ora tra Mirafiori e Roma sembra che si consumi solo il triste rito di un&#8217;eutanasia politica.<\/p>\n","protected":false},"excerpt":{"rendered":"<p><p>La confusione \u00e8 grande, sotto il cielo del centrosinistra e del partito democratico. L&#8217;ultima notizia arriva dalla direzione nazionale del Pd dove i veltroniani raccolti nel MoDem prima hanno detto di voler votare contro la mozione del segretario Pierluigi Bersani. Poi il signor ma-anche Walter ha dato il contrordine e i suoi si sono astenuti. E vabb\u00e9, si pu\u00f2 dire che ci stava nella logica dei fratelli coltelli di sempre (leggi D&#8217;Alema-Veltroni). Veltroni si \u00e8 messo di traverso dopo aver lasciato malamente la segreteria e ha organizzato la &#8220;resistenza democratica&#8221; contro il segretario che ha strappato un armistizio (l&#8217;ennesimo) che [&hellip;]<\/p>\n&nbsp;&nbsp;<div class=\"readmore\"><a href=\"https:\/\/blog.ilgiornale.it\/taliani\/2011\/01\/13\/ma-il-pd-esiste-ancora\/\">Continua a leggere...<\/a><\/div><\/p>","protected":false},"author":7,"featured_media":0,"comment_status":"open","ping_status":"closed","sticky":false,"template":"","format":"standard","meta":[],"categories":[1],"tags":[],"_links":{"self":[{"href":"https:\/\/blog.ilgiornale.it\/taliani\/wp-json\/wp\/v2\/posts\/256"}],"collection":[{"href":"https:\/\/blog.ilgiornale.it\/taliani\/wp-json\/wp\/v2\/posts"}],"about":[{"href":"https:\/\/blog.ilgiornale.it\/taliani\/wp-json\/wp\/v2\/types\/post"}],"author":[{"embeddable":true,"href":"https:\/\/blog.ilgiornale.it\/taliani\/wp-json\/wp\/v2\/users\/7"}],"replies":[{"embeddable":true,"href":"https:\/\/blog.ilgiornale.it\/taliani\/wp-json\/wp\/v2\/comments?post=256"}],"version-history":[{"count":7,"href":"https:\/\/blog.ilgiornale.it\/taliani\/wp-json\/wp\/v2\/posts\/256\/revisions"}],"predecessor-version":[{"id":261,"href":"https:\/\/blog.ilgiornale.it\/taliani\/wp-json\/wp\/v2\/posts\/256\/revisions\/261"}],"wp:attachment":[{"href":"https:\/\/blog.ilgiornale.it\/taliani\/wp-json\/wp\/v2\/media?parent=256"}],"wp:term":[{"taxonomy":"category","embeddable":true,"href":"https:\/\/blog.ilgiornale.it\/taliani\/wp-json\/wp\/v2\/categories?post=256"},{"taxonomy":"post_tag","embeddable":true,"href":"https:\/\/blog.ilgiornale.it\/taliani\/wp-json\/wp\/v2\/tags?post=256"}],"curies":[{"name":"wp","href":"https:\/\/api.w.org\/{rel}","templated":true}]}}