{"id":311,"date":"2011-02-23T11:29:26","date_gmt":"2011-02-23T10:29:26","guid":{"rendered":"https:\/\/blog.ilgiornale.it\/taliani\/?p=311"},"modified":"2011-02-23T13:06:15","modified_gmt":"2011-02-23T12:06:15","slug":"lirresistibile-caduta-di-gianfry","status":"publish","type":"post","link":"https:\/\/blog.ilgiornale.it\/taliani\/2011\/02\/23\/lirresistibile-caduta-di-gianfry\/","title":{"rendered":"L&#8217;irresistibile caduta di Gianfry"},"content":{"rendered":"<p><a href=\"https:\/\/blog.ilgiornale.it\/taliani\/files\/2011\/02\/fini.jpg\"><img loading=\"lazy\" class=\"alignleft size-medium wp-image-312\" src=\"https:\/\/blog.ilgiornale.it\/taliani\/files\/2011\/02\/fini-300x250.jpg\" alt=\"\" width=\"300\" height=\"250\" srcset=\"https:\/\/blog.ilgiornale.it\/taliani\/files\/2011\/02\/fini-300x250.jpg 300w, https:\/\/blog.ilgiornale.it\/taliani\/files\/2011\/02\/fini.jpg 800w\" sizes=\"(max-width: 300px) 100vw, 300px\" \/><\/a> Fini prima e dopo. Prima del voto del 14 dicembre con cui si voleva mandare a casa Berlusconi e il suo governo, Futuro e libert\u00e0 aveva 36 deputati e 10 senatori. Dopo il voto che ha visto invece la vittoria del Cav, Futuro e libert\u00e0 nato come partito (zoppo) alla Costituente di Milano, si \u00e8 &#8220;ristretto&#8221; (per ora) a 29 deputati e al Senato ha detto addio al gruppo perch\u00e9 \u00e8 sceso a soli 8 senatori (ma Pasquale Viespoli e Maurizio Saia sono dati in uscita) mentre ne servono 10.<br \/>\nSi \u00e8 consumata cos\u00ec, fra polemiche e veleni, la resistibile ascesa di Gianfranco Fini e dei futuristi anti berlusconiani dopo il violento strappo che si \u00e8 consumato a Milano con la nomina a vice presidente del partito del &#8220;falco&#8221; Italo Bocchino e di Benedetto della Vedova a capogruppo alla Camera. Resta da vedere che cosa faranno altri due &#8220;dissidenti&#8221; eccellenti: Adolfo Urso e l&#8217;ex ministro Andrea Ronchi. Se lasciassero anche loro ci potrebbe essere un ulteriore effetto domino, con altri addii. Fini ridimensionato, insomma. E sconfitto. Che dalla ridotta della poltrona di presidente della Camera che non vuol mollare, vede restringersi sempre pi\u00f9 i margini di manovra in quella strategia che, come ho scritto in un altro post, non ha retto alla prova della Santa alleanza e alla marcia d&#8217;avvicinamento al centro-sinistra in funzione anti Cav: per realizzare quella &#8220;grande ammucchiata&#8221; con Pd (sponsor D&#8217;Alema), Vendola e (forse) i dipietristi oltre a Udc, Api e Mpa. I moderati del Fli hanno detto con chiarezza &#8220;no&#8221; a questo inconsueto inciucio e sono scesi dal treno in corsa. E i sondaggi confermano il rapido logoramento di una strategia a perdere che evoca in qualche misura i voti &#8220;in frigorifero&#8221; dell&#8217;Msi della prima repubblica: dal 7% al 5%. Mentre sempre i sondaggi tra gli elettori che sono pronti a votare per il Terzo Polo indicano in Casini il leader giusto, seguito da Fini e da Montezemolo. Altro che leadership, per il &#8220;piccolo timoniere&#8221; sdoganato da Silvio. Dopo la Caporetto futurista si delinea il profilo di un perdente di successo affetto dalla &#8220;sindrome di Badoglio&#8221;.<\/p>\n<p><strong><a href=\"https:\/\/www.ilgiornale.it\/interni\/ora_crisi_finiani_spaventa_anche_ludc_e_terzo_polo_traballa\/23-02-2011\/articolo-id=507703-page=0-comments=1\">Ora la crisi tra i finiani spevanmta anche l&#8217;Udc. E il Terzo polo traballa<\/a><\/strong> di <em>Antonio Signorini<\/em><\/p>\n","protected":false},"excerpt":{"rendered":"<p><p>Fini prima e dopo. Prima del voto del 14 dicembre con cui si voleva mandare a casa Berlusconi e il suo governo, Futuro e libert\u00e0 aveva 36 deputati e 10 senatori. Dopo il voto che ha visto invece la vittoria del Cav, Futuro e libert\u00e0 nato come partito (zoppo) alla Costituente di Milano, si \u00e8 &#8220;ristretto&#8221; (per ora) a 29 deputati e al Senato ha detto addio al gruppo perch\u00e9 \u00e8 sceso a soli 8 senatori (ma Pasquale Viespoli e Maurizio Saia sono dati in uscita) mentre ne servono 10. Si \u00e8 consumata cos\u00ec, fra polemiche e veleni, la resistibile [&hellip;]<\/p>\n&nbsp;&nbsp;<div class=\"readmore\"><a href=\"https:\/\/blog.ilgiornale.it\/taliani\/2011\/02\/23\/lirresistibile-caduta-di-gianfry\/\">Continua a leggere...<\/a><\/div><\/p>","protected":false},"author":7,"featured_media":0,"comment_status":"open","ping_status":"closed","sticky":false,"template":"","format":"standard","meta":[],"categories":[64],"tags":[112,2897,2883,130,2892,256467,256464,2899,2895,2898,2900],"_links":{"self":[{"href":"https:\/\/blog.ilgiornale.it\/taliani\/wp-json\/wp\/v2\/posts\/311"}],"collection":[{"href":"https:\/\/blog.ilgiornale.it\/taliani\/wp-json\/wp\/v2\/posts"}],"about":[{"href":"https:\/\/blog.ilgiornale.it\/taliani\/wp-json\/wp\/v2\/types\/post"}],"author":[{"embeddable":true,"href":"https:\/\/blog.ilgiornale.it\/taliani\/wp-json\/wp\/v2\/users\/7"}],"replies":[{"embeddable":true,"href":"https:\/\/blog.ilgiornale.it\/taliani\/wp-json\/wp\/v2\/comments?post=311"}],"version-history":[{"count":8,"href":"https:\/\/blog.ilgiornale.it\/taliani\/wp-json\/wp\/v2\/posts\/311\/revisions"}],"predecessor-version":[{"id":316,"href":"https:\/\/blog.ilgiornale.it\/taliani\/wp-json\/wp\/v2\/posts\/311\/revisions\/316"}],"wp:attachment":[{"href":"https:\/\/blog.ilgiornale.it\/taliani\/wp-json\/wp\/v2\/media?parent=311"}],"wp:term":[{"taxonomy":"category","embeddable":true,"href":"https:\/\/blog.ilgiornale.it\/taliani\/wp-json\/wp\/v2\/categories?post=311"},{"taxonomy":"post_tag","embeddable":true,"href":"https:\/\/blog.ilgiornale.it\/taliani\/wp-json\/wp\/v2\/tags?post=311"}],"curies":[{"name":"wp","href":"https:\/\/api.w.org\/{rel}","templated":true}]}}