{"id":334,"date":"2011-05-02T14:34:14","date_gmt":"2011-05-02T13:34:14","guid":{"rendered":"https:\/\/blog.ilgiornale.it\/taliani\/?p=334"},"modified":"2011-05-02T15:14:48","modified_gmt":"2011-05-02T14:14:48","slug":"veltroni-e-il-leader-che-non-ce","status":"publish","type":"post","link":"https:\/\/blog.ilgiornale.it\/taliani\/2011\/05\/02\/veltroni-e-il-leader-che-non-ce\/","title":{"rendered":"Veltroni e il leader che non c&#8217;\u00e8"},"content":{"rendered":"<p>[photopress:veltroni_3.jpg,thumb,alignleft] Ormai non si capisce pi\u00f9 chi siano i rottamatori, nel Pd. All&#8217;inizio c&#8217;era &#8220;il Renzi&#8221;, come direbbero in Toscana parlando del sindaco di Firenze (che nel frattempo \u00e8 passato dalla stroncatura politica della nomenklatura piddina a quella sindacale&#8230;). Poi \u00e8 spuntato Walter Veltroni, pronto a mettere con spirito giovanilistico il cappello sui rottamatori (con il Renzi che &#8220;umilmente&#8221; si mette a disposizione forse perch\u00e9 anche lui ha bisogno di un leader), rompendo la tregua pre-elettorale che sembrava essersi instaurata nel Pd e ha caricato a testa bassa il segretario Pierluigi Bersani nell&#8217;intervista rilasciata al &#8220;Foglio&#8221; dell&#8217;elefantino Giuliano Ferrara.<\/p>\n<p>Veltroni &#8211; abbandonata da tempo l&#8217;idea dell&#8217;annunciata fuga in Africa &#8211;\u00a0 chiede in poche parole di rivedere la linea del partito subito dopo le elezioni (ai tempi della Dc si sarebbe detto &#8220;verifica&#8221;) chiedendo che il partito &#8220;si rivolga a un elettorato che vada ben al di l\u00e0 del bacino di voti che un tempo raccoglievano Margherita e Ds&#8221;.\u00a0 A due settimane dal voto amministrativo, il buon Walter ha offerto un bel caff\u00e8 avvelenato a Bersani e ai suoi.<\/p>\n<p>Ma tant&#8217;\u00e8. Nulla di nuovo sotto il cielo dei Democratici. A dimostrazione che lo scontro continua e rimerge come un fiume carsico sconquassando il partito e la sua base &#8211; che non ha gradito affatto l&#8217;uscita &#8220;a freddo&#8221; del perdente di successo.<\/p>\n<p>Si dir\u00e0 che se Atene piange Sparta non ride, alla luce del braccio di ferro tra Pdl e Lega sulla questione libica e sull&#8217;economia. Ma fa effetto assistere all&#8217;ennesimo scontro sulla linea e alla delegittimazione di fatto di Bersani da parte dell&#8217;ex segretario del Pd nel momento in cui l&#8217;opposizione si candida come autorevole forza di governo. Un ruolo che proprio l&#8217;uscita di Veltroni certifica non essere possibile. Se Bersani, la Bindi e gli altri ripetono all&#8217;unisono di essere pronti alle elezioni anticipate da subito&#8230; Veltroni li smentisce. Essere pronti a sfidare Berlusconi richiede infatti saldezza di leadership, programma condiviso colonelli e truppe schierati e decisi a combattere insieme e con convinzione la madre di tutte le battaglie. Ma cos\u00ec non \u00e8. Altro che grande &#8220;forza centrale&#8221; in grado di conquistare voti nell&#8217;area moderata. Non siamo nemmeno alla Bad Godesberg socialdemocratica. La Balena rosso-bianca nuota ancora in acque agitatissime e serve ben altro in tempi cos\u00ec difficili per convincere gli italiani a cambiare cavallo. &#8220;Mi chiedo come si faccia a non capire che sognare di ripetere in qualsiasi forma la disastrosa esperienza dell\u2019Unione sia come darsi una martellata in mezzo alle gambe, come ammettere che la formula politica per andare al governo sia ben pi\u00f9 importante della stessa stabilit\u00e0 futura di quel governo&#8221;, ha detto Veltroni.<\/p>\n<p>Insomma, &#8220;avevo ragione io&#8221; ha spiegato Veltroni, altro che Unione&#8230; &#8220;Credo ancora che la vecchia idea di rivolgerci a un elettorato che vada ben al di l\u00e0 del bacino di voti che un tempo raccoglievano Margherita e Ds sia davvero l\u2019unica rotta sulla quale valga la pena di far viaggiare il barcone democratico&#8221;. Peccato che questa idea non abbia retto alla prova dei fatti elettorale. Con l&#8217;incognita ancora aperta delle alleanze, di chi sta per far entrate chi&#8230;<\/p>\n<p>Disuniti alla meta, viene da dire, perch\u00e9 per ora tra scontri continui, fughe di parlamentari soprattutto di area cattolica, maldipancia tra moderati e riformisti sembra proprio che al Pd serva davvero un papa straniero. Forse sarebbe l&#8217;unico a poter fare davvero il rottamatore.\u00a0 Ma non sar\u00e0 cos\u00ec, forse certificher\u00e0 un altro fenomeno: l&#8217;autorottamazione del Pd, partito in cerca di un leader che non c&#8217;\u00e8.<\/p>\n","protected":false},"excerpt":{"rendered":"<p><p>[photopress:veltroni_3.jpg,thumb,alignleft] Ormai non si capisce pi\u00f9 chi siano i rottamatori, nel Pd. All&#8217;inizio c&#8217;era &#8220;il Renzi&#8221;, come direbbero in Toscana parlando del sindaco di Firenze (che nel frattempo \u00e8 passato dalla stroncatura politica della nomenklatura piddina a quella sindacale&#8230;). Poi \u00e8 spuntato Walter Veltroni, pronto a mettere con spirito giovanilistico il cappello sui rottamatori (con il Renzi che &#8220;umilmente&#8221; si mette a disposizione forse perch\u00e9 anche lui ha bisogno di un leader), rompendo la tregua pre-elettorale che sembrava essersi instaurata nel Pd e ha caricato a testa bassa il segretario Pierluigi Bersani nell&#8217;intervista rilasciata al &#8220;Foglio&#8221; dell&#8217;elefantino Giuliano Ferrara. Veltroni [&hellip;]<\/p>\n&nbsp;&nbsp;<div class=\"readmore\"><a href=\"https:\/\/blog.ilgiornale.it\/taliani\/2011\/05\/02\/veltroni-e-il-leader-che-non-ce\/\">Continua a leggere...<\/a><\/div><\/p>","protected":false},"author":7,"featured_media":0,"comment_status":"open","ping_status":"closed","sticky":false,"template":"","format":"standard","meta":[],"categories":[1],"tags":[],"_links":{"self":[{"href":"https:\/\/blog.ilgiornale.it\/taliani\/wp-json\/wp\/v2\/posts\/334"}],"collection":[{"href":"https:\/\/blog.ilgiornale.it\/taliani\/wp-json\/wp\/v2\/posts"}],"about":[{"href":"https:\/\/blog.ilgiornale.it\/taliani\/wp-json\/wp\/v2\/types\/post"}],"author":[{"embeddable":true,"href":"https:\/\/blog.ilgiornale.it\/taliani\/wp-json\/wp\/v2\/users\/7"}],"replies":[{"embeddable":true,"href":"https:\/\/blog.ilgiornale.it\/taliani\/wp-json\/wp\/v2\/comments?post=334"}],"version-history":[{"count":7,"href":"https:\/\/blog.ilgiornale.it\/taliani\/wp-json\/wp\/v2\/posts\/334\/revisions"}],"predecessor-version":[{"id":342,"href":"https:\/\/blog.ilgiornale.it\/taliani\/wp-json\/wp\/v2\/posts\/334\/revisions\/342"}],"wp:attachment":[{"href":"https:\/\/blog.ilgiornale.it\/taliani\/wp-json\/wp\/v2\/media?parent=334"}],"wp:term":[{"taxonomy":"category","embeddable":true,"href":"https:\/\/blog.ilgiornale.it\/taliani\/wp-json\/wp\/v2\/categories?post=334"},{"taxonomy":"post_tag","embeddable":true,"href":"https:\/\/blog.ilgiornale.it\/taliani\/wp-json\/wp\/v2\/tags?post=334"}],"curies":[{"name":"wp","href":"https:\/\/api.w.org\/{rel}","templated":true}]}}