{"id":34,"date":"2008-03-19T11:57:25","date_gmt":"2008-03-19T10:57:25","guid":{"rendered":"https:\/\/blog.ilgiornale.it\/taliani\/2008\/03\/19\/imposte-locali-111-in-10-anni-se-roma-taglia\/"},"modified":"2008-03-19T12:03:31","modified_gmt":"2008-03-19T11:03:31","slug":"imposte-locali-111-in-10-anni-se-roma-taglia","status":"publish","type":"post","link":"https:\/\/blog.ilgiornale.it\/taliani\/2008\/03\/19\/imposte-locali-111-in-10-anni-se-roma-taglia\/","title":{"rendered":"Imposte locali: +111% in 10 anni. Se Roma taglia&#8230;"},"content":{"rendered":"<p>Ormai la parola &#8220;emergenza&#8221; \u00e8 all&#8217;ordine del giorno, si usa quasi per tutto, a torto o a ragione ma quelle delle tasse, in Italia \u00e8 la vera &#8220;emergenza&#8221;: vogliamo parlare, cos\u00ec, di &#8220;caro tasse&#8221;? Vanno su &#8211; come petrolio, gasolio, benzina &#8211; e non conoscono ribassi. Tasse su tutto, palesi e nascoste, e colpiscono tutti: dipendenti, imprese, pensionati. Tasse\u00a0nazionali e locali, balzelli e balzelletti, iva di qua iva di l\u00e0 e sigle (di tasse) una via l&#8217;altra&#8230; Per qusto voglio segnalare sul blog la bella inchiesta realizzata dal nostro inviato Stefano Filippi (<a target=\"_blank\" href=\"https:\/\/www.ilgiornale.it\/a.pic1?ID=249024\"><strong>leggi l&#8217;articolo<\/strong><\/a>): racconta cosa sta accadendo nel Nord (Marca trevigiana), dove il fisco uccite le imprese. Gi\u00e0, perch\u00e9 Roma taglia il trasferimento dei fondi statali e gli enti locali si &#8220;rifanno&#8221; aumentando le imposte per tappare i buschi e far cassa. Cos\u00ec met\u00e0 dei sindaci del Veneto\u00a0 ha presentato un ricordo al Quirinale. <strong>Ecco l&#8217;altra notizia: la pressione fiscale quest\u2019anno non scender\u00e0 sotto la soglia del 43%<\/strong>. E anche per il 2009\u00a0il dato resta confermato. Non ci sar\u00e0, quindi, a breve un alleggerimento del<br \/>\nfisco (a meno che il nuovo governo, dopo le elezioni&#8230; ndr). La previsione \u00e8 contenuta nel rapporto dell\u2019Isae sulle previsioni per l\u2019economia italiana.<\/p>\n","protected":false},"excerpt":{"rendered":"<p><p>Ormai la parola &#8220;emergenza&#8221; \u00e8 all&#8217;ordine del giorno, si usa quasi per tutto, a torto o a ragione ma quelle delle tasse, in Italia \u00e8 la vera &#8220;emergenza&#8221;: vogliamo parlare, cos\u00ec, di &#8220;caro tasse&#8221;? Vanno su &#8211; come petrolio, gasolio, benzina &#8211; e non conoscono ribassi. Tasse su tutto, palesi e nascoste, e colpiscono tutti: dipendenti, imprese, pensionati. Tasse\u00a0nazionali e locali, balzelli e balzelletti, iva di qua iva di l\u00e0 e sigle (di tasse) una via l&#8217;altra&#8230; Per qusto voglio segnalare sul blog la bella inchiesta realizzata dal nostro inviato Stefano Filippi (leggi l&#8217;articolo): racconta cosa sta accadendo nel Nord [&hellip;]<\/p>\n&nbsp;&nbsp;<div class=\"readmore\"><a href=\"https:\/\/blog.ilgiornale.it\/taliani\/2008\/03\/19\/imposte-locali-111-in-10-anni-se-roma-taglia\/\">Continua a leggere...<\/a><\/div><\/p>","protected":false},"author":7,"featured_media":0,"comment_status":"open","ping_status":"closed","sticky":false,"template":"","format":"standard","meta":[],"categories":[1],"tags":[],"_links":{"self":[{"href":"https:\/\/blog.ilgiornale.it\/taliani\/wp-json\/wp\/v2\/posts\/34"}],"collection":[{"href":"https:\/\/blog.ilgiornale.it\/taliani\/wp-json\/wp\/v2\/posts"}],"about":[{"href":"https:\/\/blog.ilgiornale.it\/taliani\/wp-json\/wp\/v2\/types\/post"}],"author":[{"embeddable":true,"href":"https:\/\/blog.ilgiornale.it\/taliani\/wp-json\/wp\/v2\/users\/7"}],"replies":[{"embeddable":true,"href":"https:\/\/blog.ilgiornale.it\/taliani\/wp-json\/wp\/v2\/comments?post=34"}],"version-history":[{"count":0,"href":"https:\/\/blog.ilgiornale.it\/taliani\/wp-json\/wp\/v2\/posts\/34\/revisions"}],"wp:attachment":[{"href":"https:\/\/blog.ilgiornale.it\/taliani\/wp-json\/wp\/v2\/media?parent=34"}],"wp:term":[{"taxonomy":"category","embeddable":true,"href":"https:\/\/blog.ilgiornale.it\/taliani\/wp-json\/wp\/v2\/categories?post=34"},{"taxonomy":"post_tag","embeddable":true,"href":"https:\/\/blog.ilgiornale.it\/taliani\/wp-json\/wp\/v2\/tags?post=34"}],"curies":[{"name":"wp","href":"https:\/\/api.w.org\/{rel}","templated":true}]}}