{"id":36,"date":"2008-04-01T10:05:16","date_gmt":"2008-04-01T09:05:16","guid":{"rendered":"https:\/\/blog.ilgiornale.it\/taliani\/2008\/04\/01\/lexpo-la-moratti-e-lorgoglio-della-milanesita\/"},"modified":"2008-04-04T10:20:16","modified_gmt":"2008-04-04T09:20:16","slug":"lexpo-la-moratti-e-lorgoglio-della-milanesita","status":"publish","type":"post","link":"https:\/\/blog.ilgiornale.it\/taliani\/2008\/04\/01\/lexpo-la-moratti-e-lorgoglio-della-milanesita\/","title":{"rendered":"L&#8217;Expo, la Moratti e l&#8217;orgoglio della milanesit\u00e0 da ritrovare. Come vorreste la Milano che verr\u00e0? Grattacieli s\u00ec o no?"},"content":{"rendered":"<p>[photopress:EXPO_2015.JPG,thumb,alignleft] Milano ce l&#8217;ha fatta, a conquistare l&#8217;Expo Universale del 2015. Dicono &#8211; ed \u00e8 vero &#8211; che \u00e8 stata dura, durissima. Ma ha vinto il gioco di squadra, l&#8217;intesa fra le istituzioni. Nell&#8217;interesse di Milano, della Lombardia, dell&#8217;Italia. Arriveranno maxi investimenti, Milano potr\u00e0 ridisegnare il suo futuro ed esaltare la sua vocazione europea e internazionale. Ma la squadra che ha vinto ha avuto un leader. Che si chiama Letizia Moratti: il sindaco di Milano. La Lady di ferro che si \u00e8 trasformata in globetrotter della diplomazia e ha girato il mondo instancabilmente per la sua Milano. Una superdonna? Ma no. Una donna che crede in quello che fa e lo fa. Semplicemente. Il vicesindaco Riccardo De Corato \u00e8 sceso in piazza davanti a Palazzo Marino a festeggiare la vittoria con le &#8220;bollicine&#8221; assieme agli assessori e a molti dipendenti comunali. Una bellissima idea, spontanea e non programmata (bravo chi l&#8217;ha avuta) e ha detto: &#8220;Letizia sar\u00e0 un sindaco che rester\u00e0 (e segner\u00e0, aggiungo) nella storia di Milano&#8221;. Ha ragione. Donna Letizia, &#8220;il signor sindaco&#8221; pu\u00f2 farlo. Ha la capacit\u00e0 del leader e una visione del mondo adeguata alla sfida di ridisegnare la metropoli perch\u00e9 entri nel nuovo millennio da protagonista. Molti hanno scritto che \u00e8 stato vinto il primo round e adesso viene il difficile. Vero: investimenti miliardari, mega progetti urbanistici, infrastrutture decisive per lo sviluppo, nuovi posti di lavoro&#8230; <strong>E si riaccende il dibattito sui grattacieli<\/strong>, sui simboli della modernit\u00e0 internazionale. A Silvio Berlusconi non piacciono, sono &#8220;storti e sbilenchi, in totale contrasto con il contesto milanese e la sua tradizione urbanistica&#8221;. L&#8217;architetto Fuksas per una volta \u00e8 d&#8217;accordo col Cavaliere. &#8220;Meglio il modello Central Park&#8221;. L&#8217;ex sindaco Albertini difende le sue &#8220;creature&#8221; e dice: &#8220;No, saranno un simbolo&#8221;. Il dibattito si riaccende con Letia Moratti che vuol fare non della Torre ma del Centro per lo sviluppo sostenibile il simbolo dell&#8217;Expo 2015.<\/p>\n<p>Ma c&#8217;\u00e8 anche un altro terreno che Letizia Moratti dovr\u00e0 dissodare (e non sar\u00e0 facile) per garantire davvero il successo dell&#8217;Expo nell&#8217;interesse della citt\u00e0 e dell&#8217;Italia (parafraso Susanna Agnelli: quello che va bene per Milano va bene per l&#8217;Italia): fatta l&#8217;Expo deve &#8220;rifare&#8221; i milanesi. Ridare cio\u00e8 ai milanesi <strong>l&#8217;orgoglio della milanesit\u00e0<\/strong> che oggi \u00e8 sottotraccia ma che non \u00e8 mai scomparso. Quel modo di vedere le cose in positivo, concreto con la capacit\u00e0 di saper guardare avanti, al futuro. Orgoglio della milanesit\u00e0, ovvero &#8220;fare squadra con i cittadini&#8221; nell&#8217;interesse di una metropoli che \u00e8 sempre stata aperta, internazionale, innovativa, capace di valorizzare ingegno ed eccellenze. Come giustamente dice Escobar &#8220;Una citt\u00e0 provinciale? Ma no, smettiamola&#8230;&#8221; E io la pensa come Escobar, e come il &#8220;signor sindaco&#8221;. L&#8217;orgoglio della milanesit\u00e0\u00a0 \u00e8 sempre stato la forza di Milano. E&#8217; l&#8217;arma in pi\u00f9 per il successo dell&#8217;Expo 2015.<\/p>\n<p><strong>Che cosa ne pensate della milanesit\u00e0 perduta? Esiste ancora? E cos&#8217;\u00e8 per voi?<br \/>\nE che cosa chiedete dalla Milano dell&#8217;Expo? Grattacieli s\u00ec o no? Il dibattito \u00e8 aperto<br \/>\n<\/strong><em>Milano 2015. Ecco come sar\u00e0 la citt\u00e0 del futuro<\/em> <strong><a target=\"_blank\" href=\"https:\/\/www.ilgiornale.it\/a.pic1?ID=251610\">(leggi l&#8217;articolo)<\/a><\/strong><\/p>\n","protected":false},"excerpt":{"rendered":"<p><p>[photopress:EXPO_2015.JPG,thumb,alignleft] Milano ce l&#8217;ha fatta, a conquistare l&#8217;Expo Universale del 2015. Dicono &#8211; ed \u00e8 vero &#8211; che \u00e8 stata dura, durissima. Ma ha vinto il gioco di squadra, l&#8217;intesa fra le istituzioni. Nell&#8217;interesse di Milano, della Lombardia, dell&#8217;Italia. Arriveranno maxi investimenti, Milano potr\u00e0 ridisegnare il suo futuro ed esaltare la sua vocazione europea e internazionale. Ma la squadra che ha vinto ha avuto un leader. Che si chiama Letizia Moratti: il sindaco di Milano. La Lady di ferro che si \u00e8 trasformata in globetrotter della diplomazia e ha girato il mondo instancabilmente per la sua Milano. Una superdonna? Ma [&hellip;]<\/p>\n&nbsp;&nbsp;<div class=\"readmore\"><a href=\"https:\/\/blog.ilgiornale.it\/taliani\/2008\/04\/01\/lexpo-la-moratti-e-lorgoglio-della-milanesita\/\">Continua a leggere...<\/a><\/div><\/p>","protected":false},"author":7,"featured_media":0,"comment_status":"open","ping_status":"closed","sticky":false,"template":"","format":"standard","meta":[],"categories":[1],"tags":[],"_links":{"self":[{"href":"https:\/\/blog.ilgiornale.it\/taliani\/wp-json\/wp\/v2\/posts\/36"}],"collection":[{"href":"https:\/\/blog.ilgiornale.it\/taliani\/wp-json\/wp\/v2\/posts"}],"about":[{"href":"https:\/\/blog.ilgiornale.it\/taliani\/wp-json\/wp\/v2\/types\/post"}],"author":[{"embeddable":true,"href":"https:\/\/blog.ilgiornale.it\/taliani\/wp-json\/wp\/v2\/users\/7"}],"replies":[{"embeddable":true,"href":"https:\/\/blog.ilgiornale.it\/taliani\/wp-json\/wp\/v2\/comments?post=36"}],"version-history":[{"count":0,"href":"https:\/\/blog.ilgiornale.it\/taliani\/wp-json\/wp\/v2\/posts\/36\/revisions"}],"wp:attachment":[{"href":"https:\/\/blog.ilgiornale.it\/taliani\/wp-json\/wp\/v2\/media?parent=36"}],"wp:term":[{"taxonomy":"category","embeddable":true,"href":"https:\/\/blog.ilgiornale.it\/taliani\/wp-json\/wp\/v2\/categories?post=36"},{"taxonomy":"post_tag","embeddable":true,"href":"https:\/\/blog.ilgiornale.it\/taliani\/wp-json\/wp\/v2\/tags?post=36"}],"curies":[{"name":"wp","href":"https:\/\/api.w.org\/{rel}","templated":true}]}}