{"id":367,"date":"2011-06-21T11:36:00","date_gmt":"2011-06-21T10:36:00","guid":{"rendered":"https:\/\/blog.ilgiornale.it\/taliani\/?p=367"},"modified":"2011-06-23T09:50:17","modified_gmt":"2011-06-23T08:50:17","slug":"dalema-e-il-giovane-vendola","status":"publish","type":"post","link":"https:\/\/blog.ilgiornale.it\/taliani\/2011\/06\/21\/dalema-e-il-giovane-vendola\/","title":{"rendered":"D&#8217;Alema e il giovane Vendola&#8230;"},"content":{"rendered":"<p style=\"text-align: left\">[photopress:d__alema_2.jpg,thumb,alignleft]&#8221;Vorrei dire una cosa a Nichi: le primarie non le facciamo per scegliere il capo della sinistra, le facciamo per scegliere il candidato a governare l\u2019Italia. Perch\u00e8 in lui l\u2019ansia delle primarie risponde secondo me a un\u2019esigenza un p\u00f2 diversa: Nichi pensa, attraverso le primarie, di affermare una sua leadership personale&#8221;. Massimo D&#8217;Alema non le manda a dire, a Vendola. Impara a distingue tra premiership per guidare il Paese e leadership della sinistra: \u00e8 il messaggio netto. Come dire, caro Nichi tu fai un bella battaglia personalistica (ai tempi del Pci quella di &#8220;personalismo&#8221; era un&#8217;accusa gravissima), mentre noi con le primarie dobbiamo scegliere il premier che guider\u00e0 l&#8217;Italia in caso di vittoria elettorale&#8230;<\/p>\n<p>E cos\u00ec lo scontro \u00e8 ripartito, dopo il battibecco a distanza fra Bersani e Vendola sul tema\u00a0 dell&#8217;apertura o meno alla Lega in caso di rottura con il Pdl (dopo il &#8220;niet&#8221; vendoliano all&#8217;ipotesi, Bersani si \u00e8 affrettato a dire &#8220;non voglio fare alleanze con la lega&#8230;).\u00a0 Massimo D&#8217;Alema ha alzato un po&#8217; ironicamente il baffo ricordando quando la met\u00e0 degli anni Settanta, Vendola era uno dei suoi contestatori: &#8220;Io ero segretario della Fgci e lui ai congressi mi votava contro. Siccome erano in tre o in quattro, ci ho fatto amicizia sin da allora, perch\u00e9 sono sempre stato incuriosito dalla forza delle personalit\u00e0: a quel tempo ci voleva personalit\u00e0 per votare contro il segretario.\u00a0 \u00c8 molto intelligente ed \u00e8 persino furbo: perch\u00e9 lui si \u00e8 enormemente avvantaggiato della politica che abbiamo fatto noi. Lui non potrebbe governare la Puglia se non avesse un rapporto con l\u2019Udc che lui gestisce con estrema intelligenza e che in parte gli abbiamo costruito noi. E lui lo sa&#8221;.<\/p>\n<p>Chi vuol cogliere un velo d&#8217;ironia nella parole dalemiane lo faccia pure perch\u00e9 non \u00e8 peccato.\u00a0 Certo, anche D&#8217;Alema dice che le primarie vanno fatte, ma intanto fa capire che forse il buon Nichi \u00e8 inadatto a governare il Paese&#8230;<\/p>\n<p>Sul fronte di Sinistra ecologia libert\u00e0 (il Sel di Vendola),\u00a0 replica Gennaro Migliore: guarda che noi siamo d&#8217;accordo, facciamole le primarie, le chiediamo da un anno, &#8220;le abbiamo prima proposte e poi messe in pratica in tante citt\u00e0 italiane, dimostrando che sono la pi\u00f9 forte risorsa del centrosinistra per vincere. \u00c8 chiaro &#8211; insiste Migliore &#8211; a cosa servono, a battere il berlusconismo, il leghismo, e l\u2019immobilismo del centrosinistra. Visto, quindi, che siamo d\u2019accordo quando le facciamo?&#8221;. Punto e capo, insomma. Il messaggio di Sel resta lo stesso: vediamo chi le vince e poi discutiamo&#8230; Lo scontro continua, vediamo le prossime puntate.<\/p>\n<p>Intanto Follini avverte: con le primarie la politica viene democratizzata ma anche &#8220;leaderizzata&#8221;.\u00a0 Si carica tutto su una sola persona&#8230; Riflessione pi\u00f9 che legittima visto che da sinistra si \u00e8 sempre detto no alla &#8220;leaderizzazione&#8221; della politica incarnata dal Grande Nemico Berlusconi. Dice Follini: pensiamo al progetto, troviamo alleati affidabili e poi scegliamo il capo&#8230;<\/p>\n<p>E D&#8217;Alema detta le mosse: &#8220;Il Pd propone una larga alleanza democratica per ricostruire il Paese. Le elezioni hanno dimostrato che questa linea politica funziona benissimo&#8221;.\u00a0 Se \u00e8 il Pd a dirigere l&#8217;orchestra, ovviamente. Vendola \u00e8 avvertito, si adeguer\u00e0?<\/p>\n","protected":false},"excerpt":{"rendered":"<p><p>[photopress:d__alema_2.jpg,thumb,alignleft]&#8221;Vorrei dire una cosa a Nichi: le primarie non le facciamo per scegliere il capo della sinistra, le facciamo per scegliere il candidato a governare l\u2019Italia. Perch\u00e8 in lui l\u2019ansia delle primarie risponde secondo me a un\u2019esigenza un p\u00f2 diversa: Nichi pensa, attraverso le primarie, di affermare una sua leadership personale&#8221;. Massimo D&#8217;Alema non le manda a dire, a Vendola. Impara a distingue tra premiership per guidare il Paese e leadership della sinistra: \u00e8 il messaggio netto. Come dire, caro Nichi tu fai un bella battaglia personalistica (ai tempi del Pci quella di &#8220;personalismo&#8221; era un&#8217;accusa gravissima), mentre noi con [&hellip;]<\/p>\n&nbsp;&nbsp;<div class=\"readmore\"><a href=\"https:\/\/blog.ilgiornale.it\/taliani\/2011\/06\/21\/dalema-e-il-giovane-vendola\/\">Continua a leggere...<\/a><\/div><\/p>","protected":false},"author":7,"featured_media":0,"comment_status":"open","ping_status":"closed","sticky":false,"template":"","format":"standard","meta":[],"categories":[64],"tags":[256466,2907,2908,65,256467,2909,256468],"_links":{"self":[{"href":"https:\/\/blog.ilgiornale.it\/taliani\/wp-json\/wp\/v2\/posts\/367"}],"collection":[{"href":"https:\/\/blog.ilgiornale.it\/taliani\/wp-json\/wp\/v2\/posts"}],"about":[{"href":"https:\/\/blog.ilgiornale.it\/taliani\/wp-json\/wp\/v2\/types\/post"}],"author":[{"embeddable":true,"href":"https:\/\/blog.ilgiornale.it\/taliani\/wp-json\/wp\/v2\/users\/7"}],"replies":[{"embeddable":true,"href":"https:\/\/blog.ilgiornale.it\/taliani\/wp-json\/wp\/v2\/comments?post=367"}],"version-history":[{"count":8,"href":"https:\/\/blog.ilgiornale.it\/taliani\/wp-json\/wp\/v2\/posts\/367\/revisions"}],"predecessor-version":[{"id":377,"href":"https:\/\/blog.ilgiornale.it\/taliani\/wp-json\/wp\/v2\/posts\/367\/revisions\/377"}],"wp:attachment":[{"href":"https:\/\/blog.ilgiornale.it\/taliani\/wp-json\/wp\/v2\/media?parent=367"}],"wp:term":[{"taxonomy":"category","embeddable":true,"href":"https:\/\/blog.ilgiornale.it\/taliani\/wp-json\/wp\/v2\/categories?post=367"},{"taxonomy":"post_tag","embeddable":true,"href":"https:\/\/blog.ilgiornale.it\/taliani\/wp-json\/wp\/v2\/tags?post=367"}],"curies":[{"name":"wp","href":"https:\/\/api.w.org\/{rel}","templated":true}]}}