{"id":37,"date":"2008-04-07T10:58:21","date_gmt":"2008-04-07T09:58:21","guid":{"rendered":"https:\/\/blog.ilgiornale.it\/taliani\/2008\/04\/07\/lexpo-i-grattacieli-e-il-cemento\/"},"modified":"2008-04-10T14:53:14","modified_gmt":"2008-04-10T13:53:14","slug":"lexpo-i-grattacieli-e-il-cemento","status":"publish","type":"post","link":"https:\/\/blog.ilgiornale.it\/taliani\/2008\/04\/07\/lexpo-i-grattacieli-e-il-cemento\/","title":{"rendered":"Milano, l&#8217;Expo, i grattacieli e il cemento. S\u00ec o no? Sgarbi non li vuole e chiede un referendum: d\u00ec la tua"},"content":{"rendered":"<p>[photopress:Festa_Ex2.JPG,thumb,alignleft] Domenica Corso Buenos Aires a Milano, sembrava la New York durante una parata celebrativa. Duecentomila, ma c&#8217;\u00e8 chi dice di pi\u00f9, hanno festaggiato Milano citt\u00e0 dell&#8217;Expo 2015 e il sindaco Letizia Moratti: pullman rosso, piano rialzato aperto, Letizia con il presidente della Lombardia Formigoni, il vicesindaco De Corato a salutare la folla milanese. Strisce di carta colorate che volteggiano, palloncini, musica e festa grande. Milano se la merita. Il suo sindaco pure. Portare a casa un risultato del genere non \u00e8 cosa da poco. Anche alla festa, per\u00f2, sono riecheggiati i temi del dibattito sulla Milano che verr\u00e0, sulla capacit\u00e0 dell&#8217;occasione Expo, per dare un volto nuovo, moderno, pi\u00f9 internazionale alla capitale morale ed economica dell&#8217;Italia. Dibattito non da poco, ne ho parlato anche nel post precedente ed avete scritto in tantissimi e vi ringrazio ancora. Andr\u00f2 avanti, con voi, su questo terreno cos\u00ec cruciale. E torno sul tema &#8220;grattacieli&#8221; e cemento. Letizia Moratti ha detto: &#8220;Non sar\u00e0 l&#8217;Expo del cemento, migliorer\u00e0 la qualit\u00e0 di vita dei milanesi&#8221;. Poi ha aggiunto: &#8220;punteremo su verde e solidariet\u00e0, Milano sar\u00e0 pi\u00f9 accogliente e multiculturale&#8221;. Poi il sindaco ha ribadito che intende collaborare con l&#8217;opposizione. Risposta indiretta sulla questione grattacieli (Berlusconi torna alla carica, CityLife proprio non gli piace, cos&#8217;\u00ec com&#8217;\u00e8) : niente colate di cemento. Anche perch\u00e9, a onor del vero, le tre Torri al posto della vecchia Fiera portano la firma di un altro sindaco, Gabriele Albertini&#8230; Il dibattito sulla citt\u00e0 che verr\u00e0 dunque si allarga alla qualit\u00e0 della vita, al verde, alla riduzione di traffico e inquinamento, alla riqualificazione delle periferie, alla valorizazzione di cultura ed eccellenze. Ma il fronte del no si allarga, Sgarbi e la Lega si schierano con Berlusconi e criticano Libeskind, proponendo un un referendum civico.<br \/>\n<strong>Quali sono le vostre priorit\u00e0? Quale citt\u00e0 vorreste per il 2015? Grattacieli s\u00ec o no?<\/strong><\/p>\n","protected":false},"excerpt":{"rendered":"<p><p>[photopress:Festa_Ex2.JPG,thumb,alignleft] Domenica Corso Buenos Aires a Milano, sembrava la New York durante una parata celebrativa. Duecentomila, ma c&#8217;\u00e8 chi dice di pi\u00f9, hanno festaggiato Milano citt\u00e0 dell&#8217;Expo 2015 e il sindaco Letizia Moratti: pullman rosso, piano rialzato aperto, Letizia con il presidente della Lombardia Formigoni, il vicesindaco De Corato a salutare la folla milanese. Strisce di carta colorate che volteggiano, palloncini, musica e festa grande. Milano se la merita. Il suo sindaco pure. Portare a casa un risultato del genere non \u00e8 cosa da poco. Anche alla festa, per\u00f2, sono riecheggiati i temi del dibattito sulla Milano che verr\u00e0, sulla [&hellip;]<\/p>\n&nbsp;&nbsp;<div class=\"readmore\"><a href=\"https:\/\/blog.ilgiornale.it\/taliani\/2008\/04\/07\/lexpo-i-grattacieli-e-il-cemento\/\">Continua a leggere...<\/a><\/div><\/p>","protected":false},"author":7,"featured_media":0,"comment_status":"open","ping_status":"closed","sticky":false,"template":"","format":"standard","meta":[],"categories":[1],"tags":[],"_links":{"self":[{"href":"https:\/\/blog.ilgiornale.it\/taliani\/wp-json\/wp\/v2\/posts\/37"}],"collection":[{"href":"https:\/\/blog.ilgiornale.it\/taliani\/wp-json\/wp\/v2\/posts"}],"about":[{"href":"https:\/\/blog.ilgiornale.it\/taliani\/wp-json\/wp\/v2\/types\/post"}],"author":[{"embeddable":true,"href":"https:\/\/blog.ilgiornale.it\/taliani\/wp-json\/wp\/v2\/users\/7"}],"replies":[{"embeddable":true,"href":"https:\/\/blog.ilgiornale.it\/taliani\/wp-json\/wp\/v2\/comments?post=37"}],"version-history":[{"count":0,"href":"https:\/\/blog.ilgiornale.it\/taliani\/wp-json\/wp\/v2\/posts\/37\/revisions"}],"wp:attachment":[{"href":"https:\/\/blog.ilgiornale.it\/taliani\/wp-json\/wp\/v2\/media?parent=37"}],"wp:term":[{"taxonomy":"category","embeddable":true,"href":"https:\/\/blog.ilgiornale.it\/taliani\/wp-json\/wp\/v2\/categories?post=37"},{"taxonomy":"post_tag","embeddable":true,"href":"https:\/\/blog.ilgiornale.it\/taliani\/wp-json\/wp\/v2\/tags?post=37"}],"curies":[{"name":"wp","href":"https:\/\/api.w.org\/{rel}","templated":true}]}}