{"id":39,"date":"2008-04-21T10:34:32","date_gmt":"2008-04-21T09:34:32","guid":{"rendered":"https:\/\/blog.ilgiornale.it\/taliani\/2008\/04\/21\/veltroni-crozza-e-il-padano-allamatriciana\/"},"modified":"2008-04-21T17:00:54","modified_gmt":"2008-04-21T16:00:54","slug":"veltroni-crozza-e-il-padano-allamatriciana","status":"publish","type":"post","link":"https:\/\/blog.ilgiornale.it\/taliani\/2008\/04\/21\/veltroni-crozza-e-il-padano-allamatriciana\/","title":{"rendered":"Veltroni, Crozza e il &#8220;padano&#8221; all&#8217;amatriciana. D\u00ec la tua"},"content":{"rendered":"<p>[photopress:Veltroni.JPG,thumb,alignleft]<\/p>\n<p>Ieri sera su La7 Maurizio Crozza a &#8220;Crozza Italia Live&#8221;, ha fatto la parodia del leader del Pd, Walter Veltroni, parlando in una sorta di slang &#8220;padano&#8221;: &#8220;Amici, democratici, el risult\u2026 de i elesiun merita un\u2019attenta analisi, diciamo pure una riflesiun&#8221;. &#8220;Io penso, pacatament, serenament, che noi non abbiamo capito il Nord. Vedete, oggi i pi\u00f9 attenti analisti politici ci dicono nei loro editoriali che noi, noi democratici, em cap\u00ec un casu, ma propi nient&#8230; Ora, vedete, io lo dico con umilt\u2026, ma anche con un pizzico di franchezza, bisogner\u2026 tenere conto del risultato, lavorare sul territorio, costruire sempre di pi\u00f9 e sempre meglio&#8230; el parti demucratic&#8230; se p\u00f2 fa&#8230; grazie a tucc&#8230;\u00bb. Veltroni &#8220;padano&#8221;? Rincorsa alla Lega con il Pd del Nord? Chiss\u00e0. Tra il dire e il fare&#8230; Sul da farsi in realt\u00e0 \u00e8 gi\u00e0 scontro tra Prodi e Cofferati, ad esempio&#8230; Cofferati il realista che a Bologna ha scelto da tempo una linea dura sulla legalit\u00e0 ed \u00e8 andato allo scontro frontale con la sinistra in Comune. Certo che sul tema Veltroni dovr\u00e0 applicarsi e molto: partendo dal terreno della legalit\u00e0, dei clandestini, dei campi rom, della sicurezza. Perch\u00e9 come ha sottolineato Letizia Moratti, sindaco di Milano, proprio al &#8220;Giornale&#8221;, quando lei sollev\u00f2 in tempi non sospetti il tema della sicurezza, Walter al Viminale davanti agli altri sindaci le disse che non si poteva agitare il tema della sicurezza come come una bandiera politica&#8230; Salvo poi &#8211; nota la Moratti &#8211; pochi giorni dopo dire che siamo seduti su una polveriera. Come ha fatto in tv Crozza, il leader del Pd, non pu\u00f2 scegliere per convenienza il panettone, assaggiarlo e poi dire che sono meglio i bucatini all&#8217;amatriciana. O viceversa. Qual \u00e8 il Veltroni vero? Gli elettori l&#8217;hanno gi\u00e0 detto. Su temi come sicurezza e legalit\u00e0 non si scherza. Lo ha scritto anche il &#8220;Riformista&#8221; toccando il tema del ballottaggio a Roma: se il Pd e Rutelli perdono e diventa sindaco della Capitale Alemanno, Veltroni sar\u00e0 un leader dimezzato. &#8220;Con che faccia &#8211; scrive il giornale &#8211; andr\u00e0 a spiegare, a Milano come a Venezia, come si vince?&#8221;. Lo far\u00e0 parlando &#8220;padano&#8221; o &#8220;romano&#8221;?<\/p>\n<p><strong><a href=\"http:\/\/www.la7.it\/intrattenimento\/dettaglio.asp?prop=crozza&amp;video=11777\" target=\"_blank\">GUARDA IL VIDEO DI CROZZA-VELTRONI<\/a><\/strong><\/p>\n","protected":false},"excerpt":{"rendered":"<p><p>[photopress:Veltroni.JPG,thumb,alignleft] Ieri sera su La7 Maurizio Crozza a &#8220;Crozza Italia Live&#8221;, ha fatto la parodia del leader del Pd, Walter Veltroni, parlando in una sorta di slang &#8220;padano&#8221;: &#8220;Amici, democratici, el risult\u2026 de i elesiun merita un\u2019attenta analisi, diciamo pure una riflesiun&#8221;. &#8220;Io penso, pacatament, serenament, che noi non abbiamo capito il Nord. Vedete, oggi i pi\u00f9 attenti analisti politici ci dicono nei loro editoriali che noi, noi democratici, em cap\u00ec un casu, ma propi nient&#8230; Ora, vedete, io lo dico con umilt\u2026, ma anche con un pizzico di franchezza, bisogner\u2026 tenere conto del risultato, lavorare sul territorio, costruire sempre [&hellip;]<\/p>\n&nbsp;&nbsp;<div class=\"readmore\"><a href=\"https:\/\/blog.ilgiornale.it\/taliani\/2008\/04\/21\/veltroni-crozza-e-il-padano-allamatriciana\/\">Continua a leggere...<\/a><\/div><\/p>","protected":false},"author":7,"featured_media":0,"comment_status":"open","ping_status":"closed","sticky":false,"template":"","format":"standard","meta":[],"categories":[1],"tags":[],"_links":{"self":[{"href":"https:\/\/blog.ilgiornale.it\/taliani\/wp-json\/wp\/v2\/posts\/39"}],"collection":[{"href":"https:\/\/blog.ilgiornale.it\/taliani\/wp-json\/wp\/v2\/posts"}],"about":[{"href":"https:\/\/blog.ilgiornale.it\/taliani\/wp-json\/wp\/v2\/types\/post"}],"author":[{"embeddable":true,"href":"https:\/\/blog.ilgiornale.it\/taliani\/wp-json\/wp\/v2\/users\/7"}],"replies":[{"embeddable":true,"href":"https:\/\/blog.ilgiornale.it\/taliani\/wp-json\/wp\/v2\/comments?post=39"}],"version-history":[{"count":0,"href":"https:\/\/blog.ilgiornale.it\/taliani\/wp-json\/wp\/v2\/posts\/39\/revisions"}],"wp:attachment":[{"href":"https:\/\/blog.ilgiornale.it\/taliani\/wp-json\/wp\/v2\/media?parent=39"}],"wp:term":[{"taxonomy":"category","embeddable":true,"href":"https:\/\/blog.ilgiornale.it\/taliani\/wp-json\/wp\/v2\/categories?post=39"},{"taxonomy":"post_tag","embeddable":true,"href":"https:\/\/blog.ilgiornale.it\/taliani\/wp-json\/wp\/v2\/tags?post=39"}],"curies":[{"name":"wp","href":"https:\/\/api.w.org\/{rel}","templated":true}]}}