{"id":45,"date":"2008-05-09T18:00:26","date_gmt":"2008-05-09T17:00:26","guid":{"rendered":"https:\/\/blog.ilgiornale.it\/taliani\/2008\/05\/09\/e-walter-diventa-il-premier-ombra\/"},"modified":"2008-05-09T18:06:18","modified_gmt":"2008-05-09T17:06:18","slug":"e-walter-diventa-il-premier-ombra","status":"publish","type":"post","link":"https:\/\/blog.ilgiornale.it\/taliani\/2008\/05\/09\/e-walter-diventa-il-premier-ombra\/","title":{"rendered":"E Walter diventa il &#8220;premier ombra&#8221;"},"content":{"rendered":"<p>[photopress:VELTRONI_alema.jpg,thumb,alignleft]<\/p>\n<p>Dopo Occhetto (Pci poi Pds) nel 1989, Veltroni (Pci, Pds, Ds, Pd): la storia sembra ripetersi (ovviamente Veltroni spera in esiti migliori&#8230;) e torna il &#8220;governo ombra&#8221; <a href=\"http:\/https:\/\/www.ilgiornale.it\/a.pic1?ID=260388\"><strong>(leggi l&#8217;articolo)<\/strong><\/a>. Edizione rinnovata e aggiornata ai tempi di quella lontana esperienza partorita a Botteghe Oscure che &#8211; come ha ricordato Visco all&#8217;Unit\u00e0 &#8211; fu un fallimento e l&#8217;ex ministro ritiene che ci sar\u00e0 il bis). Veltroni diventa &#8220;premier ombra&#8221; del &#8220;governo dell&#8217;opposizione&#8221;: alla fine dopo trattative e incontri, divisioni e riavvicinamenti, no eccellenti (D&#8217;Alema e Parisi), tentennamenti divenuti alla fine un &#8220;s\u00ec accetto&#8221; (Bersani) ed entusiasti (Fassino, Franceschini)  il leader del Partito democratico ha varato lo &#8220;shadow cabinet&#8221; di stampo anglosassone. Per ora le analogie finiscono qui, inutile fare il processo alle intenzioni che sulla carta sono buone. Tanto che la lista dei ministri ombra \u00e8 stata presentata al presidente Napolitano (che fece parte &#8211; Esteri &#8211; della prima compagine occhettiana).<br \/>\nCerto \u00e8 sospetta la fretta con cui Walter si \u00e8 affrettato a dichiarare &#8220;con D&#8217;Alema nessun conflitto, perch\u00e9 bisognerebbe essere in due&#8230;&#8221;. Come dire: non sono io quello che polemizza e fa i distinguo. Insomma ponti d&#8217;oro al D&#8217;Alema portatore d&#8217;idee nel suo&#8221;ruolo importante che deve svolgere&#8221; alla fondazione ItalianiEuropei. Dopotutto il centralismo democratico non c&#8217;\u00e8 pi\u00f9 in casa degli ex-post e a-comunisti. Andare avanti, pensare subito alla direzione del Pd che sar\u00e0 partorita dall&#8217;assemblea costituente. Mentre sprisce il &#8220;caminetto&#8221; e nasce il coordinamento dei &#8220;nove&#8221; che affiancher\u00e0 il segretario piddino. Insomma, Veltroni riparte per tentare di rafforzare la sua non fortissima leadership. Vedremo se anche a sinistra nascer\u00e0 davvero il &#8220;partito di Veltroni&#8221;.<\/p>\n","protected":false},"excerpt":{"rendered":"<p><p>[photopress:VELTRONI_alema.jpg,thumb,alignleft] Dopo Occhetto (Pci poi Pds) nel 1989, Veltroni (Pci, Pds, Ds, Pd): la storia sembra ripetersi (ovviamente Veltroni spera in esiti migliori&#8230;) e torna il &#8220;governo ombra&#8221; (leggi l&#8217;articolo). Edizione rinnovata e aggiornata ai tempi di quella lontana esperienza partorita a Botteghe Oscure che &#8211; come ha ricordato Visco all&#8217;Unit\u00e0 &#8211; fu un fallimento e l&#8217;ex ministro ritiene che ci sar\u00e0 il bis). Veltroni diventa &#8220;premier ombra&#8221; del &#8220;governo dell&#8217;opposizione&#8221;: alla fine dopo trattative e incontri, divisioni e riavvicinamenti, no eccellenti (D&#8217;Alema e Parisi), tentennamenti divenuti alla fine un &#8220;s\u00ec accetto&#8221; (Bersani) ed entusiasti (Fassino, Franceschini) il leader del [&hellip;]<\/p>\n&nbsp;&nbsp;<div class=\"readmore\"><a href=\"https:\/\/blog.ilgiornale.it\/taliani\/2008\/05\/09\/e-walter-diventa-il-premier-ombra\/\">Continua a leggere...<\/a><\/div><\/p>","protected":false},"author":7,"featured_media":0,"comment_status":"open","ping_status":"closed","sticky":false,"template":"","format":"standard","meta":[],"categories":[1],"tags":[],"_links":{"self":[{"href":"https:\/\/blog.ilgiornale.it\/taliani\/wp-json\/wp\/v2\/posts\/45"}],"collection":[{"href":"https:\/\/blog.ilgiornale.it\/taliani\/wp-json\/wp\/v2\/posts"}],"about":[{"href":"https:\/\/blog.ilgiornale.it\/taliani\/wp-json\/wp\/v2\/types\/post"}],"author":[{"embeddable":true,"href":"https:\/\/blog.ilgiornale.it\/taliani\/wp-json\/wp\/v2\/users\/7"}],"replies":[{"embeddable":true,"href":"https:\/\/blog.ilgiornale.it\/taliani\/wp-json\/wp\/v2\/comments?post=45"}],"version-history":[{"count":0,"href":"https:\/\/blog.ilgiornale.it\/taliani\/wp-json\/wp\/v2\/posts\/45\/revisions"}],"wp:attachment":[{"href":"https:\/\/blog.ilgiornale.it\/taliani\/wp-json\/wp\/v2\/media?parent=45"}],"wp:term":[{"taxonomy":"category","embeddable":true,"href":"https:\/\/blog.ilgiornale.it\/taliani\/wp-json\/wp\/v2\/categories?post=45"},{"taxonomy":"post_tag","embeddable":true,"href":"https:\/\/blog.ilgiornale.it\/taliani\/wp-json\/wp\/v2\/tags?post=45"}],"curies":[{"name":"wp","href":"https:\/\/api.w.org\/{rel}","templated":true}]}}