{"id":46,"date":"2008-05-14T10:23:02","date_gmt":"2008-05-14T09:23:02","guid":{"rendered":"https:\/\/blog.ilgiornale.it\/taliani\/2008\/05\/14\/berlusconi-veltroni-e-i-nemici-del-dialogo\/"},"modified":"2008-05-14T12:29:54","modified_gmt":"2008-05-14T11:29:54","slug":"berlusconi-veltroni-e-i-nemici-del-dialogo","status":"publish","type":"post","link":"https:\/\/blog.ilgiornale.it\/taliani\/2008\/05\/14\/berlusconi-veltroni-e-i-nemici-del-dialogo\/","title":{"rendered":"Berlusconi, Veltroni e i nemici del dialogo"},"content":{"rendered":"<p>[photopress:PD_VELTR.jpg,thumb,alignleft]<\/p>\n<p>Il discorso di Silvio Berlusconi alla Camera <a href=\"https:\/\/www.ilgiornale.it\/a.pic1?ID=261305\" target=\"_blank\"><strong>(leggi il discorso del premier)<\/strong><\/a>, l&#8217;apertura unilaterale al dialogo  con l&#8217;opposizione (che \u00e8 seguita alla telefonata del premier a leder del Pd), sono i segnali pi\u00f9 evidenti che qualcosa sta davvero cambiando, nel Parlamento e nel Paese. Aggiungiamoci anche il discorso del presidente della Repubblica Giorgio Napolitano di alto profilo istituzionale e politico, come ha riconosciuto il presidente della Camera Gianfranco Fini. Insomma, molti saranno scettici, ma parlare di avvio di Terza Repubblica forse non \u00e8 azzardato. Basta rileggere le parole del premier, il   &#8220;s\u00ec&#8221; di Fassino a nome del Pd: l&#8217;asse Berlusconi-Veltroni si rinsalda, su questo punto cruciale, pur nella distinzione dei ruoli. Ma non sono tutte rose e fiori, anche Berlusconi e Veltroni devono fare come Fanfani qualche decennio fa: contare amici e nemici. E parare i colpi. Soprattutto Veltroni. Sconfitta alle urne la sinistra massimalista, resta da sconfiggere il partito &#8220;giacobino&#8221;, quei giustizialisti che sono ripartiti alla carica (vedi il caso Travaglio-Schifani) e faranno di tutto per mettere i bastoni fra le ruote proprio a Veltroni. E&#8217; lui l&#8217;anello &#8220;debole&#8221; che la sinistra giacobina vuole colpire fino a indebolirlo e condizionarlo. Una prova? La sceneggiata di Antonio Di Pietro alla Camera: \u00abNoi non abboccheremo, non intendiamo cadere nella tela del ragno. Abbiamo memoria e non intendiamo perderla. Conosciamo bene la sua storia personale e politica\u00bb. Cos\u00ec ha parlato Tonino, l&#8217;ex pm. Ma il bersaglio non \u00e8 il Cavaliere&#8230; No, lui ha una maggioranza solida, consegnatagli dal voto popolare. Il bersaglio \u00e8 Walter, e di Pietro non \u00e8 certo il suo solo nemico. C&#8217;\u00e8 un filo che lega il Santoro, Travaglio, Grillo&#8230; Tonino punta dritto su quel mondo e pensa alle Europee del 2009. Come ci pensa su un altro versante Massimo D&#8217;Alema, tornato gran manovratore dentro e fuori il Pd&#8230; Del resto, come racconta Augusto Minzolini sulla &#8220;Stampa&#8221;, alla cerimonia della consegna della Campanella usata per le riunioni del Consiglio dei ministri, Prodi ha detto a Berlusconi: &#8220;Tu sei un avversario, io i veri nemici li ho avuti qua dentro&#8230;&#8221;.  La battuta ora vale anche per Veltroni. A cosa serve un&#8217;opposizione parlamentare debole in una Paese normale? Peser\u00e0 di pi\u00f9 l&#8217;opposizione nelle piazze? L&#8217;apertura di Berlusconi (ma gi\u00e0 in campagna elettorale era stato chiaro) aiuta Veltroni, ma anche l&#8217;Italia. L&#8217;ha capito anche Walter: \u00abOccorre il riconoscimento della vittoria e della responsabilit\u00e0 da parte degli sconfitti ma anche l\u2019equilibrio dei vincitori, perci\u00f2 vi prendo in parola: siamo pronti da subito. Ma non pensate di avere il paese in mano\u00bb.<\/p>\n","protected":false},"excerpt":{"rendered":"<p><p>[photopress:PD_VELTR.jpg,thumb,alignleft] Il discorso di Silvio Berlusconi alla Camera (leggi il discorso del premier), l&#8217;apertura unilaterale al dialogo con l&#8217;opposizione (che \u00e8 seguita alla telefonata del premier a leder del Pd), sono i segnali pi\u00f9 evidenti che qualcosa sta davvero cambiando, nel Parlamento e nel Paese. Aggiungiamoci anche il discorso del presidente della Repubblica Giorgio Napolitano di alto profilo istituzionale e politico, come ha riconosciuto il presidente della Camera Gianfranco Fini. Insomma, molti saranno scettici, ma parlare di avvio di Terza Repubblica forse non \u00e8 azzardato. Basta rileggere le parole del premier, il &#8220;s\u00ec&#8221; di Fassino a nome del Pd: l&#8217;asse [&hellip;]<\/p>\n&nbsp;&nbsp;<div class=\"readmore\"><a href=\"https:\/\/blog.ilgiornale.it\/taliani\/2008\/05\/14\/berlusconi-veltroni-e-i-nemici-del-dialogo\/\">Continua a leggere...<\/a><\/div><\/p>","protected":false},"author":7,"featured_media":0,"comment_status":"open","ping_status":"closed","sticky":false,"template":"","format":"standard","meta":[],"categories":[1],"tags":[],"_links":{"self":[{"href":"https:\/\/blog.ilgiornale.it\/taliani\/wp-json\/wp\/v2\/posts\/46"}],"collection":[{"href":"https:\/\/blog.ilgiornale.it\/taliani\/wp-json\/wp\/v2\/posts"}],"about":[{"href":"https:\/\/blog.ilgiornale.it\/taliani\/wp-json\/wp\/v2\/types\/post"}],"author":[{"embeddable":true,"href":"https:\/\/blog.ilgiornale.it\/taliani\/wp-json\/wp\/v2\/users\/7"}],"replies":[{"embeddable":true,"href":"https:\/\/blog.ilgiornale.it\/taliani\/wp-json\/wp\/v2\/comments?post=46"}],"version-history":[{"count":0,"href":"https:\/\/blog.ilgiornale.it\/taliani\/wp-json\/wp\/v2\/posts\/46\/revisions"}],"wp:attachment":[{"href":"https:\/\/blog.ilgiornale.it\/taliani\/wp-json\/wp\/v2\/media?parent=46"}],"wp:term":[{"taxonomy":"category","embeddable":true,"href":"https:\/\/blog.ilgiornale.it\/taliani\/wp-json\/wp\/v2\/categories?post=46"},{"taxonomy":"post_tag","embeddable":true,"href":"https:\/\/blog.ilgiornale.it\/taliani\/wp-json\/wp\/v2\/tags?post=46"}],"curies":[{"name":"wp","href":"https:\/\/api.w.org\/{rel}","templated":true}]}}