{"id":47,"date":"2008-05-16T16:47:48","date_gmt":"2008-05-16T15:47:48","guid":{"rendered":"https:\/\/blog.ilgiornale.it\/taliani\/2008\/05\/16\/cosi-le-tecnologie-ci-cambiano-la-vita-di-la-tua\/"},"modified":"2008-05-16T17:03:02","modified_gmt":"2008-05-16T16:03:02","slug":"cosi-le-tecnologie-ci-cambiano-la-vita-di-la-tua","status":"publish","type":"post","link":"https:\/\/blog.ilgiornale.it\/taliani\/2008\/05\/16\/cosi-le-tecnologie-ci-cambiano-la-vita-di-la-tua\/","title":{"rendered":"Cos\u00ec le tecnologie ci cambiano la vita&#8230; D\u00ec la tua"},"content":{"rendered":"<p>[photopress:tecnologia.jpg,thumb,alignleft]<\/p>\n<p>Vi \u00e8 mai successo di dimenticare il cellulare a casa? E\u2019 facile immaginare la sensazione che avete provato, perch\u00e9 la maggioranza di noi l\u2019ha vissuta in prima persona. Ci si sente persi. Vulnerabili. Uno studio condotto da un gruppo di ricercatori britannici ha rilevato che \u00e8 una sensazione paragonabile alla &#8220;tremarella del giorno delle nozze&#8221; o alla paura di quando si va dal dentista. Addirittura \u00e8 stato coniato appositamente un termine medico. &#8220;Nomofobia&#8221;, cos\u00ec si chiama la paura di rimanere senza portatile (&#8220;nomo&#8221; \u00e8 l\u2019abbreviazione di <em>no mobile<\/em>).<\/p>\n<p><strong>Quale futuro?<\/strong> Non c\u2019\u00e8 niente da fare. Dobbiamo ammetterlo. La tecnologia fa parte di noi. Della nostra quotidianit\u00e0. Ma dove stiamo andando? Quali saranno i nuovi mezzi di comunicazione e quale ruolo ricopriranno in un futuro pi\u00f9 o meno vicino?<\/p>\n<p><strong>Possible&#8230; ou probable<\/strong> Il Gruppo Editis, una prestigiosa casa editrice francese, ha proposto il suo punto di vista attraverso la realizzazione di un cortometraggio intitolato \u201cPossible\u2026 ou probable\u201d. Il film, che ha ricevuto il <em>Laurier <\/em>di bronzo al festival di Creusot, si propone di fare un salto in avanti nel tempo. Nella vita di una giovane coppia nell\u2019era dell\u2019editoria digitale.<\/p>\n<p><strong>  Di&#8217; la tua<\/strong> Editis apre il dibattito. <em>Il Giornale.it<\/em>, in occasione del 17 maggio, giornata mondiale delle Telecomunicazioni e della Societ\u00e0 dell\u2019Informazione, segue lasciando a voi lo spazio per esprimere le vostre idee e le vostre riflessioni su quello che \u00e8 e che potr\u00e0 essere.<\/p>\n<p class=\"MsoNormal\"> <span><a href=\"https:\/\/www.ilgiornale.it\/video.pic1?ID=editoria_futuro\" target=\"_blank\"><strong>Guarda il cortometraggio<\/strong><\/a> (9 minuti) <\/span><\/p>\n","protected":false},"excerpt":{"rendered":"<p><p>[photopress:tecnologia.jpg,thumb,alignleft] Vi \u00e8 mai successo di dimenticare il cellulare a casa? E\u2019 facile immaginare la sensazione che avete provato, perch\u00e9 la maggioranza di noi l\u2019ha vissuta in prima persona. Ci si sente persi. Vulnerabili. Uno studio condotto da un gruppo di ricercatori britannici ha rilevato che \u00e8 una sensazione paragonabile alla &#8220;tremarella del giorno delle nozze&#8221; o alla paura di quando si va dal dentista. Addirittura \u00e8 stato coniato appositamente un termine medico. &#8220;Nomofobia&#8221;, cos\u00ec si chiama la paura di rimanere senza portatile (&#8220;nomo&#8221; \u00e8 l\u2019abbreviazione di no mobile). Quale futuro? Non c\u2019\u00e8 niente da fare. Dobbiamo ammetterlo. La tecnologia [&hellip;]<\/p>\n&nbsp;&nbsp;<div class=\"readmore\"><a href=\"https:\/\/blog.ilgiornale.it\/taliani\/2008\/05\/16\/cosi-le-tecnologie-ci-cambiano-la-vita-di-la-tua\/\">Continua a leggere...<\/a><\/div><\/p>","protected":false},"author":7,"featured_media":0,"comment_status":"open","ping_status":"closed","sticky":false,"template":"","format":"standard","meta":[],"categories":[1],"tags":[],"_links":{"self":[{"href":"https:\/\/blog.ilgiornale.it\/taliani\/wp-json\/wp\/v2\/posts\/47"}],"collection":[{"href":"https:\/\/blog.ilgiornale.it\/taliani\/wp-json\/wp\/v2\/posts"}],"about":[{"href":"https:\/\/blog.ilgiornale.it\/taliani\/wp-json\/wp\/v2\/types\/post"}],"author":[{"embeddable":true,"href":"https:\/\/blog.ilgiornale.it\/taliani\/wp-json\/wp\/v2\/users\/7"}],"replies":[{"embeddable":true,"href":"https:\/\/blog.ilgiornale.it\/taliani\/wp-json\/wp\/v2\/comments?post=47"}],"version-history":[{"count":0,"href":"https:\/\/blog.ilgiornale.it\/taliani\/wp-json\/wp\/v2\/posts\/47\/revisions"}],"wp:attachment":[{"href":"https:\/\/blog.ilgiornale.it\/taliani\/wp-json\/wp\/v2\/media?parent=47"}],"wp:term":[{"taxonomy":"category","embeddable":true,"href":"https:\/\/blog.ilgiornale.it\/taliani\/wp-json\/wp\/v2\/categories?post=47"},{"taxonomy":"post_tag","embeddable":true,"href":"https:\/\/blog.ilgiornale.it\/taliani\/wp-json\/wp\/v2\/tags?post=47"}],"curies":[{"name":"wp","href":"https:\/\/api.w.org\/{rel}","templated":true}]}}