{"id":48,"date":"2008-05-28T10:11:24","date_gmt":"2008-05-28T09:11:24","guid":{"rendered":"https:\/\/blog.ilgiornale.it\/taliani\/2008\/05\/28\/la-sapienza-e-il-rito-dellintolleranza\/"},"modified":"2008-05-28T14:23:21","modified_gmt":"2008-05-28T13:23:21","slug":"la-sapienza-e-il-rito-dellintolleranza","status":"publish","type":"post","link":"https:\/\/blog.ilgiornale.it\/taliani\/2008\/05\/28\/la-sapienza-e-il-rito-dellintolleranza\/","title":{"rendered":"La Sapienza e il rito dell&#8217;intolleranza"},"content":{"rendered":"<p>[photopress:RAID_A_L.JPG,thumb,alignleft] Prima il no dei Collettivi di sinistra a Papa Benedetto XVI, poi il no al dibattito sulle foibe: alla Sapienza di Roma l&#8217;intolleranza \u00e8 di casa in nome di una &#8220;tradizione democratica&#8221; che tenta di riproporre schemi antichi, quelli del &#8220;rituale antifascista&#8221; degli anni Settanta. Gi\u00e0, brutto periodo quello, nelle universit\u00e0 e nel Paese&#8230; con il corollario nel secondo caso dei manifesti di Forza Nuova strappati dai militanti dei Collettivi di sinistra, della rissa, degli arresti, delle polemiche e delle accuse. Salvo poi chiarire (rapporto della Digos) che l&#8217;aggressione \u00e8 partita da sinistra. Ma stabilire colpe e responsabilit\u00e0 spetta ai giudici. E&#8217; il tema dell&#8217;<strong><a href=\"https:\/\/www.ilgiornale.it\/a.pic1?ID=264688\" target=\"_blank\">intolleranza travestita da antifascismo, come scrive il nostro Mario Cervi<\/a><\/strong>, a preoccupare. E&#8217; il tentativo a questo punto nemmeno tanto mascherato di ricreare un clima di tensione, di scontro e di odio, a preoccupare.  E&#8217; il tentativo di tornare allo schema degli opposti estremismi, ad allarmare.  L&#8217;intolleranza si traveste, sbandiera ideali nobili, ma resta intolleranza: di parte e da parte di pochi. Bene ha fatto il sindaco di Roma Gianni Alemanno a dire: &#8220;Noi dobbiamo lanciare messaggi chiari, ovvero che questi episodi sono solati, estranei al contesto culturale e storico della nostra citt\u00e0 e della nostra nazione. Questo \u00e8 il messaggio che deve venire da tutti. Quando si costruiscono teoremi politici su una rissa tra giovani si comincia ad aprire un varco e armare le contrapposizioni ideologiche. Bisogna evitare questi schemi e queste persone vanno<br \/>\ntrattate come imbecilli fuori dalla storia e dal tempo&#8221;.  Veltroni invita la destra a &#8220;non minimizzare&#8221; e dice (giustamente) che le istituzioni devono stroncare subito l&#8217;insorgere della violenza. Ma quale? quella di una parte o di quella di tutte le parti? penso voglia dire quella di tutte&#8230; forse il &#8220;ma anche&#8221; stavolta ci sarebbe stato bene, per evitare fraintendimenti.<\/p>\n<p>Cosa che non fa Marco Ferrando, leader del Partito comunista dei lavoratori: &#8220;L&#8217;aggressione fascista a La Sapienza &#8211; sullo sfondo del nuovo quadro politico &#8211; ripropone il tema dell&#8217;autodifesa come diritto democratico elementare&#8230;E. E aggiunge il Ferrando: &#8220;E&#8217; necessario che ogni realt\u00e0 minacciata appronti strutture di autodifesa, democraticamente designate e controllate&#8221;. Parole gravi, le sue che ricordano proprio quegli anni di piombo che la maggioranza degli italiani vorrebbe consegnare agli archivi della storia.<\/p>\n<p>A chi giova strumentalizzare questi episodi per interessi di parte politica? A chi giova tornare a pescare nel torbido? Credo a nessuno, una democrazia \u00e8 tanto pi\u00f9 forte quanto \u00e8 capace di rifiutare l&#8217;intolleranza delle estreme politiche (&#8220;frange&#8221; si diceva una volta). Il &#8220;giustificazionismo ideologico&#8221; stavolta non pagherebbe, gli italiani hanno scelto un&#8217; altra strada. Il dibattito \u00e8 aperto.<\/p>\n","protected":false},"excerpt":{"rendered":"<p><p>[photopress:RAID_A_L.JPG,thumb,alignleft] Prima il no dei Collettivi di sinistra a Papa Benedetto XVI, poi il no al dibattito sulle foibe: alla Sapienza di Roma l&#8217;intolleranza \u00e8 di casa in nome di una &#8220;tradizione democratica&#8221; che tenta di riproporre schemi antichi, quelli del &#8220;rituale antifascista&#8221; degli anni Settanta. Gi\u00e0, brutto periodo quello, nelle universit\u00e0 e nel Paese&#8230; con il corollario nel secondo caso dei manifesti di Forza Nuova strappati dai militanti dei Collettivi di sinistra, della rissa, degli arresti, delle polemiche e delle accuse. Salvo poi chiarire (rapporto della Digos) che l&#8217;aggressione \u00e8 partita da sinistra. Ma stabilire colpe e responsabilit\u00e0 spetta [&hellip;]<\/p>\n&nbsp;&nbsp;<div class=\"readmore\"><a href=\"https:\/\/blog.ilgiornale.it\/taliani\/2008\/05\/28\/la-sapienza-e-il-rito-dellintolleranza\/\">Continua a leggere...<\/a><\/div><\/p>","protected":false},"author":7,"featured_media":0,"comment_status":"open","ping_status":"closed","sticky":false,"template":"","format":"standard","meta":[],"categories":[1],"tags":[],"_links":{"self":[{"href":"https:\/\/blog.ilgiornale.it\/taliani\/wp-json\/wp\/v2\/posts\/48"}],"collection":[{"href":"https:\/\/blog.ilgiornale.it\/taliani\/wp-json\/wp\/v2\/posts"}],"about":[{"href":"https:\/\/blog.ilgiornale.it\/taliani\/wp-json\/wp\/v2\/types\/post"}],"author":[{"embeddable":true,"href":"https:\/\/blog.ilgiornale.it\/taliani\/wp-json\/wp\/v2\/users\/7"}],"replies":[{"embeddable":true,"href":"https:\/\/blog.ilgiornale.it\/taliani\/wp-json\/wp\/v2\/comments?post=48"}],"version-history":[{"count":0,"href":"https:\/\/blog.ilgiornale.it\/taliani\/wp-json\/wp\/v2\/posts\/48\/revisions"}],"wp:attachment":[{"href":"https:\/\/blog.ilgiornale.it\/taliani\/wp-json\/wp\/v2\/media?parent=48"}],"wp:term":[{"taxonomy":"category","embeddable":true,"href":"https:\/\/blog.ilgiornale.it\/taliani\/wp-json\/wp\/v2\/categories?post=48"},{"taxonomy":"post_tag","embeddable":true,"href":"https:\/\/blog.ilgiornale.it\/taliani\/wp-json\/wp\/v2\/tags?post=48"}],"curies":[{"name":"wp","href":"https:\/\/api.w.org\/{rel}","templated":true}]}}