{"id":50,"date":"2008-06-20T11:10:32","date_gmt":"2008-06-20T10:10:32","guid":{"rendered":"https:\/\/blog.ilgiornale.it\/taliani\/2008\/06\/20\/lautunno-caldo-di-walter\/"},"modified":"2008-06-20T12:30:40","modified_gmt":"2008-06-20T11:30:40","slug":"lautunno-caldo-di-walter","status":"publish","type":"post","link":"https:\/\/blog.ilgiornale.it\/taliani\/2008\/06\/20\/lautunno-caldo-di-walter\/","title":{"rendered":"L&#8217;autunno caldo di Walter. D\u00ec la tua"},"content":{"rendered":"<p>[photopress:VELTRONI_RUTELLI.jpg,thumb,alignleft] Tanto tuon\u00f2 che piovve, sul Partito democratico e sul suo leader dimezzato Walter Veltroni. Gi\u00e0, perch\u00e9 le rese dei conti, nella sinistra&#8230; ma anche nel centrosinistra, si consumano con calma, secondo un rito vecchio che ha alle spalle decenni di scuola comunista e democristiana. Stretto fra l&#8217;offensiva di Massimo D&#8217;Alema e della sua fondazione (corrente?), tra l&#8217;idea di ritorni ulivisti (per alleanza allergate, acnora alla sinistra), tra il nodo delle elezioni Europee e niet preventivo della Bindi al tentativo di &#8220;abbraccio&#8221; con Casini e l&#8217;Udc, tra il secco e ribadito addio di Prodi alla presidenza del Pd e il nodo gordiano dell&#8217;adesione al Pse (D&#8217;Alema dice s\u00ec, gli ex Margherita dicono no, lui dice&#8230; andiamo oltre), Veltroni ora scopre il doppio binario: dialogo sulle riforme con Berlusconi ma anche opposizione pi\u00f9 &#8220;dura&#8221; per non perdere  consensi a vantaggio del vasto e diviso mondo della sinistra a cui guarda invece D&#8217;Alema.<br \/>\nCos\u00ec alla Costituente del Pd lancia la doppia sfida interna e esterna: no alle correnti personali (facile a dirsi ma&#8230;) e &#8220;autunno in piazza&#8221; (pi\u00f9 facile da fere e comodo): Walter &#8220;buonista&#8221;&#8230; ma anche &#8220;oppositore duro&#8221; di Berlusconi, quello che ha strappato la tela del dialogo.<br \/>\nDue volti dello stesso leader che vuol impedire che la sua moneta di fresco conio politico venga svalutata e rotoli via assieme al Pd. Perch\u00e8 il rischio c&#8217;\u00e8, e Veltroni lo sa bene: non c&#8217;\u00e8 solo l&#8217;ombra lunga di D&#8217;Alema, ma pure quelle di Prodi (che il segretario invita a restare ne l Pd). Tanto che, per fare un &#8216;esempio, Rutelli dice del Ppe: &#8220;Siamo pi\u00f9 innovatori noi dei socialdemocratici&#8221;. E spinge Veltroni a dire, in Europa: &#8220;Costruiamo un nuovo campo riformista&#8221;. Come dire, andiamo oltre il Ppe altrimenti per noi sono guai&#8230; Gi\u00e0, perch\u00e9 sul Ppe D&#8217;Alema e suoi, ma pare anch Fassino, la pensano in modo opposto&#8230; Insomma, la &#8220;guerra&#8221; \u00e8 solo agli inizi, con il voto alla Costituente si cominceranno a contare le truppe e la traversata nel deserto \u00e8 appena iniziata. Vedremo chi sopravviver\u00e0 alla guida dell&#8217;esercito perduto di Senofonte.<\/p>\n<p><strong>Parisi: &#8220;Se \u00e8 l\u2019Ulivo fatto partito, si \u00e8 fatto male&#8230;&#8221;<\/strong> E gli attacchi arrivano dal centrosinistra, impietoso il giusidizio dell&#8217;inventore dell&#8217;Ulivo. Arturo Parisi a margine dell\u2019assemblea del Pd, non risparmia una critica alla relazione di Walter eltroni che, tra l\u2019altro, ha fatto un esplicito riferimento all\u2019Ulivo. &#8220;Noi abbiamo sempre lavorato con l\u2019idea che &#8220;Ulivo avesse come obiettivo un bipolarismo a vocazione bipartitica ma con l\u2019unificazione di tutto il campo del entrosinistra&#8221;, ha spiegato Parisi. Pi\u00f9 in generale, l\u2019ex ministro della Difesa ha detto del discorso di Veltroni: \u00abuna comprensibile difesa del suo perato, purtroppo l\u2019unico giudizio sul nostro operato risulta essere quello degli elettori in casi come la Capitale o a Sicilia&#8221;.<\/p>\n","protected":false},"excerpt":{"rendered":"<p><p>[photopress:VELTRONI_RUTELLI.jpg,thumb,alignleft] Tanto tuon\u00f2 che piovve, sul Partito democratico e sul suo leader dimezzato Walter Veltroni. Gi\u00e0, perch\u00e9 le rese dei conti, nella sinistra&#8230; ma anche nel centrosinistra, si consumano con calma, secondo un rito vecchio che ha alle spalle decenni di scuola comunista e democristiana. Stretto fra l&#8217;offensiva di Massimo D&#8217;Alema e della sua fondazione (corrente?), tra l&#8217;idea di ritorni ulivisti (per alleanza allergate, acnora alla sinistra), tra il nodo delle elezioni Europee e niet preventivo della Bindi al tentativo di &#8220;abbraccio&#8221; con Casini e l&#8217;Udc, tra il secco e ribadito addio di Prodi alla presidenza del Pd e il [&hellip;]<\/p>\n&nbsp;&nbsp;<div class=\"readmore\"><a href=\"https:\/\/blog.ilgiornale.it\/taliani\/2008\/06\/20\/lautunno-caldo-di-walter\/\">Continua a leggere...<\/a><\/div><\/p>","protected":false},"author":7,"featured_media":0,"comment_status":"open","ping_status":"closed","sticky":false,"template":"","format":"standard","meta":[],"categories":[1],"tags":[],"_links":{"self":[{"href":"https:\/\/blog.ilgiornale.it\/taliani\/wp-json\/wp\/v2\/posts\/50"}],"collection":[{"href":"https:\/\/blog.ilgiornale.it\/taliani\/wp-json\/wp\/v2\/posts"}],"about":[{"href":"https:\/\/blog.ilgiornale.it\/taliani\/wp-json\/wp\/v2\/types\/post"}],"author":[{"embeddable":true,"href":"https:\/\/blog.ilgiornale.it\/taliani\/wp-json\/wp\/v2\/users\/7"}],"replies":[{"embeddable":true,"href":"https:\/\/blog.ilgiornale.it\/taliani\/wp-json\/wp\/v2\/comments?post=50"}],"version-history":[{"count":0,"href":"https:\/\/blog.ilgiornale.it\/taliani\/wp-json\/wp\/v2\/posts\/50\/revisions"}],"wp:attachment":[{"href":"https:\/\/blog.ilgiornale.it\/taliani\/wp-json\/wp\/v2\/media?parent=50"}],"wp:term":[{"taxonomy":"category","embeddable":true,"href":"https:\/\/blog.ilgiornale.it\/taliani\/wp-json\/wp\/v2\/categories?post=50"},{"taxonomy":"post_tag","embeddable":true,"href":"https:\/\/blog.ilgiornale.it\/taliani\/wp-json\/wp\/v2\/tags?post=50"}],"curies":[{"name":"wp","href":"https:\/\/api.w.org\/{rel}","templated":true}]}}