{"id":51,"date":"2008-06-23T08:24:29","date_gmt":"2008-06-23T07:24:29","guid":{"rendered":"https:\/\/blog.ilgiornale.it\/taliani\/2008\/06\/23\/per-walter-avviso-di-sfratto-resistera\/"},"modified":"2008-06-25T13:44:54","modified_gmt":"2008-06-25T12:44:54","slug":"per-walter-avviso-di-sfratto-resistera","status":"publish","type":"post","link":"https:\/\/blog.ilgiornale.it\/taliani\/2008\/06\/23\/per-walter-avviso-di-sfratto-resistera\/","title":{"rendered":"Per Walter avviso di sfratto. Resister\u00e0 all&#8217;assedio?"},"content":{"rendered":"<p>[photopress:veltronix.JPG,thumb,alignleft]\u00a0In politica tutti nodi vengono al pettine, dopo le sconfitte elettorali. Ma il sogno di Walter Veltroni, creare un grande partito di centrosinistra, scommettere sul bipolarimo, tagliare fuori la sinistra radicale (che \u00e8 riuscito a estromettere dal parlamento anche grazie al voto degli italiani) appare in questo momento davvero un sogno. La verit\u00e0 \u00e8 che Veltroni \u00e8 sotto assedio, e a circondare il fortilizio del loft sono proprio molti dei suoi: a cominciare da Massimo D&#8217;Alema per finire al &#8220;silente&#8221; (troppo&#8230;) Romano Prodi. E a dargli un avviso di sfratto di sfratto in modo diretto \u00e8 Arturo Parisi, l&#8217;inventore dell&#8217;Ulivo: &#8220;Cambiamo leader&#8221;, dice senza tanti giri di parole con un linguaggio che rifugge le liturgie del politichese vecchio stile (Pci, Dc). <strong><a target=\"_blank\" href=\"https:\/\/www.ilgiornale.it\/a.pic1?ID=271004\">Cos\u00ec, come scrive sul &#8220;Giornale&#8221; Paolo Guzzanti, la debolezza del segretario rid\u00e0 forza all&#8217;ala Furiosa (leggi l&#8217;articolo)<\/a><\/strong>, alla sinistra che fa dell&#8217;antiberlusconismo e del giustizialismo forcaiolo una ragion politica, una questione di sopravvivenza: unico programma , in mancanza di proposte serie per l&#8217;Italia, abbattere Berlusconi. Poi si vedr\u00e0&#8230; Del resto quando si \u00e8 aperto il dibattito su Veltrusconi, sul dialogo tra destra e sinistra, sulle grandi riforme condivise nell&#8217;interesse del Paese, le nubi dell&#8217;uragano si sono subito addensate sulla testa (da tagliare) del leader del Pd.<br \/>\nRiuscir\u00e0 Walter a resistere all&#8217;assedio? A contrattaccare? A conquistare una leadership vera alla guida di un&#8217;opposizione credibile e realmente alternativa? Ora tocca a lui non spezzare quell&#8217;idea di una sinistra moderna e non condizionata da quella radicale (e radical chic), a fare im modo che non resti solo un bel sogno.<\/p>\n<p><strong>E Parisi insiste:<\/strong> gi\u00e0, perch\u00e9 dopo essere uscito allo scoperto senza se e senza ma, l&#8217;ex ministro della Difesa vuol far uscire allo scoperto gli avversari di Veltroni, in particolare Massimo D&#8217;Alema, che ha lanciato &#8211; anche se lui dice che non cerca lo scontro &#8211; una sorta di partito-ombra che si chiama &#8220;Red&#8221; (Riformisti e democratici). Dice Parisi: \u00abSento D\u2019Alema avanzare proposta diversa da Veltroni, vorrei essere sicuro che lo faccia esplicitamente&#8230;\u00bb. Aspettiamo la prossima puntata.<\/p>\n","protected":false},"excerpt":{"rendered":"<p><p>[photopress:veltronix.JPG,thumb,alignleft]\u00a0In politica tutti nodi vengono al pettine, dopo le sconfitte elettorali. Ma il sogno di Walter Veltroni, creare un grande partito di centrosinistra, scommettere sul bipolarimo, tagliare fuori la sinistra radicale (che \u00e8 riuscito a estromettere dal parlamento anche grazie al voto degli italiani) appare in questo momento davvero un sogno. La verit\u00e0 \u00e8 che Veltroni \u00e8 sotto assedio, e a circondare il fortilizio del loft sono proprio molti dei suoi: a cominciare da Massimo D&#8217;Alema per finire al &#8220;silente&#8221; (troppo&#8230;) Romano Prodi. E a dargli un avviso di sfratto di sfratto in modo diretto \u00e8 Arturo Parisi, l&#8217;inventore dell&#8217;Ulivo: [&hellip;]<\/p>\n&nbsp;&nbsp;<div class=\"readmore\"><a href=\"https:\/\/blog.ilgiornale.it\/taliani\/2008\/06\/23\/per-walter-avviso-di-sfratto-resistera\/\">Continua a leggere...<\/a><\/div><\/p>","protected":false},"author":7,"featured_media":0,"comment_status":"open","ping_status":"closed","sticky":false,"template":"","format":"standard","meta":[],"categories":[1],"tags":[],"_links":{"self":[{"href":"https:\/\/blog.ilgiornale.it\/taliani\/wp-json\/wp\/v2\/posts\/51"}],"collection":[{"href":"https:\/\/blog.ilgiornale.it\/taliani\/wp-json\/wp\/v2\/posts"}],"about":[{"href":"https:\/\/blog.ilgiornale.it\/taliani\/wp-json\/wp\/v2\/types\/post"}],"author":[{"embeddable":true,"href":"https:\/\/blog.ilgiornale.it\/taliani\/wp-json\/wp\/v2\/users\/7"}],"replies":[{"embeddable":true,"href":"https:\/\/blog.ilgiornale.it\/taliani\/wp-json\/wp\/v2\/comments?post=51"}],"version-history":[{"count":0,"href":"https:\/\/blog.ilgiornale.it\/taliani\/wp-json\/wp\/v2\/posts\/51\/revisions"}],"wp:attachment":[{"href":"https:\/\/blog.ilgiornale.it\/taliani\/wp-json\/wp\/v2\/media?parent=51"}],"wp:term":[{"taxonomy":"category","embeddable":true,"href":"https:\/\/blog.ilgiornale.it\/taliani\/wp-json\/wp\/v2\/categories?post=51"},{"taxonomy":"post_tag","embeddable":true,"href":"https:\/\/blog.ilgiornale.it\/taliani\/wp-json\/wp\/v2\/tags?post=51"}],"curies":[{"name":"wp","href":"https:\/\/api.w.org\/{rel}","templated":true}]}}