{"id":53,"date":"2008-07-04T09:47:02","date_gmt":"2008-07-04T08:47:02","guid":{"rendered":"https:\/\/blog.ilgiornale.it\/taliani\/2008\/07\/04\/girotondo-attorno-a-walter\/"},"modified":"2008-07-08T10:43:20","modified_gmt":"2008-07-08T09:43:20","slug":"girotondo-attorno-a-walter","status":"publish","type":"post","link":"https:\/\/blog.ilgiornale.it\/taliani\/2008\/07\/04\/girotondo-attorno-a-walter\/","title":{"rendered":"Girotondo attorno a Walter"},"content":{"rendered":"<p>[photopress:zucchett.JPG,thumb,alignleft] Cos\u00ec Veltroni prova a sottrarsi all&#8217;abbraccio mortale di Tonino Di Pietro. Niente Pd (almeno quello ufficiale) in piazza Navona per manifestare contro il Cav. Di Pietro e i girotondini saranno l\u00ec, compagnia del teatrino della politica che mette in scena la (solita) recita a soggetto che gli italiani conoscono bene. Spiazzati da Napolitano, attaccato improvvidamente dall&#8217;ex pm leader dell&#8217;Idv, hanno messo un altro bersaglio grosso nel mirino: Veltroni. Pronti a scavare trincee da imbottire di esplosivo per far saltare le mura del<em> loft<\/em> assediato&#8230; Tanto che l&#8217;intellighenzia vicina da sempre alla sinistra giustizialista e movimentista (Paolo Flores d&#8217;Arcais e Furio Colombo) si sono affrettati a dire che no, la manifestazione non \u00e8 contro Walter&#8230; (ci vanno ma&#8230;). E se Rita Borsellino andr\u00e0 lo far\u00e0 turandosi il naso: Grillo (che si collegher\u00e0 con la piazza via etere) non ha progetto e diventa qualunquista e pericoloso.  E Nanni Moretti, il regista del &#8220;Caimano&#8221; e uomo simbolo del girotondismo d&#8217;antan? Niente piazza, a che serve? Retropensiero: sulla sua Vespa c&#8217;\u00e8 posto per Veltroni&#8230;<br \/>\nE Rifondazione? Ferrero ci sar\u00e0, Nichi Vendola no (entrambi vogliono guidare il partito dopo l&#8217;addio di Bertinotti): anche il governatore della Puglia prenda le distanze da Tonino la sua, dice,  &#8220;\u00e8 solo invettiva&#8221;. D&#8217;Alema e Cofferati sono per il no alla piazza senza se e senza ma. Insomma le &#8220;sinistre&#8221; si dividono su Tonino e sul Cav, mentre Parisi e altri (ex?) prodiani ci saranno: indovinate contro chi?<\/p>\n","protected":false},"excerpt":{"rendered":"<p><p>[photopress:zucchett.JPG,thumb,alignleft] Cos\u00ec Veltroni prova a sottrarsi all&#8217;abbraccio mortale di Tonino Di Pietro. Niente Pd (almeno quello ufficiale) in piazza Navona per manifestare contro il Cav. Di Pietro e i girotondini saranno l\u00ec, compagnia del teatrino della politica che mette in scena la (solita) recita a soggetto che gli italiani conoscono bene. Spiazzati da Napolitano, attaccato improvvidamente dall&#8217;ex pm leader dell&#8217;Idv, hanno messo un altro bersaglio grosso nel mirino: Veltroni. Pronti a scavare trincee da imbottire di esplosivo per far saltare le mura del loft assediato&#8230; Tanto che l&#8217;intellighenzia vicina da sempre alla sinistra giustizialista e movimentista (Paolo Flores d&#8217;Arcais e [&hellip;]<\/p>\n&nbsp;&nbsp;<div class=\"readmore\"><a href=\"https:\/\/blog.ilgiornale.it\/taliani\/2008\/07\/04\/girotondo-attorno-a-walter\/\">Continua a leggere...<\/a><\/div><\/p>","protected":false},"author":7,"featured_media":0,"comment_status":"open","ping_status":"closed","sticky":false,"template":"","format":"standard","meta":[],"categories":[1],"tags":[],"_links":{"self":[{"href":"https:\/\/blog.ilgiornale.it\/taliani\/wp-json\/wp\/v2\/posts\/53"}],"collection":[{"href":"https:\/\/blog.ilgiornale.it\/taliani\/wp-json\/wp\/v2\/posts"}],"about":[{"href":"https:\/\/blog.ilgiornale.it\/taliani\/wp-json\/wp\/v2\/types\/post"}],"author":[{"embeddable":true,"href":"https:\/\/blog.ilgiornale.it\/taliani\/wp-json\/wp\/v2\/users\/7"}],"replies":[{"embeddable":true,"href":"https:\/\/blog.ilgiornale.it\/taliani\/wp-json\/wp\/v2\/comments?post=53"}],"version-history":[{"count":0,"href":"https:\/\/blog.ilgiornale.it\/taliani\/wp-json\/wp\/v2\/posts\/53\/revisions"}],"wp:attachment":[{"href":"https:\/\/blog.ilgiornale.it\/taliani\/wp-json\/wp\/v2\/media?parent=53"}],"wp:term":[{"taxonomy":"category","embeddable":true,"href":"https:\/\/blog.ilgiornale.it\/taliani\/wp-json\/wp\/v2\/categories?post=53"},{"taxonomy":"post_tag","embeddable":true,"href":"https:\/\/blog.ilgiornale.it\/taliani\/wp-json\/wp\/v2\/tags?post=53"}],"curies":[{"name":"wp","href":"https:\/\/api.w.org\/{rel}","templated":true}]}}