{"id":55,"date":"2008-07-10T09:37:03","date_gmt":"2008-07-10T08:37:03","guid":{"rendered":"https:\/\/blog.ilgiornale.it\/taliani\/2008\/07\/10\/walter-fa-qualcosa-di-riformista\/"},"modified":"2008-07-11T10:49:05","modified_gmt":"2008-07-11T09:49:05","slug":"walter-fa-qualcosa-di-riformista","status":"publish","type":"post","link":"https:\/\/blog.ilgiornale.it\/taliani\/2008\/07\/10\/walter-fa-qualcosa-di-riformista\/","title":{"rendered":"Walter fa qualcosa di riformista&#8230; ma nel Pd \u00e8 diarchia"},"content":{"rendered":"<p>[photopress:_ROMA___v.JPG,thumb,alignleft]Il mio post di ieri terminava cos\u00ec: &#8220;Ora non resta che aspettare. Che cosa? Ma che Veltroni (definito da Grillo: \u201cTopo Gigio\u201d e su questo Tonino ha taciuto) finalmente invece di \u201cdire\u201d, \u201cfaccia\u201d, qualcosa di riformista: ha avuto 12 milioni di voti (e li ha chiesti) proprio per questo. O no? Faccia la sua parte perch\u00e9 questa eterna guerra (in)civile finisca una volta per tutte&#8221;.<\/p>\n<p>Non amo le autocitazioni, ma stavolta c&#8217;azzecca, visto che in serata Veltroni, dopo un&#8217;ultima chiamata-ultimatum (&#8220;Dica se sta con travaglio e Grillo o con il Pd&#8221;), ha deciso di varcare il Rubicone e rompere con Di Pietro dopo che il leader dell&#8217;Italia dei valori  gli ha mandato subito a dire: &#8220;Io non rinnego nulla di quella piazza&#8221;. Veltroni tira su il ponte levatoio del <em>Loft<\/em> e si prepara a difendersi dall&#8217;assalto del fronte interno. Gi\u00e0, perch\u00e9 dopo il &#8220;No Cav Day&#8221; a sinsitra scoppia l&#8217;ultima guerra civile <a href=\"https:\/\/www.ilgiornale.it\/a.pic1?ID=275110\" target=\"_blank\"><strong>(leggi l&#8217;articolo di Luca Telese)<\/strong><\/a>.  Si ripropone insomma, sia pure su toni e contenuti diversi, l&#8217;ennesimo scontro tra riformisti e massimalisti e in palio ci sono leadership e malloppo elettorale, i voti girotondini e movimentisti, la &#8220;chimata alle armi&#8221; dell&#8217;elettorato della sinistra sparito dal parlamento&#8230; le elezioni Europee a primavera. Di Pietro non fa, per ora, passi indietro perch\u00e9 ha capito bene che gli conviene nuotare nel mare magno delle pulsioni e delle tensioni di un elettorato di sinistra irriducibilmente antiberlusconiano e spera, in pi\u00f9, di raccogliere anche quel voto di protesta &#8220;a prescindere&#8221; che ama i toni populistico-giustizialisti e neo qualunquisti anche con venature di destra. Tonino-capopopolo \u00e8 riuscito a logorare Veltroni, a intaccarne leadership, a chiudere in un angolo il Pd (che al suo interno \u00e8 diviso fra correnti e gruppi: da &#8220;Red&#8221; di D&#8217;Alema ai Teodem, a Parisi &#8211; anche lui non rinnega la piazza &#8211; e alla pattuglia dei prodiani-ulivisti. A proposito, com&#8217;\u00e8 assordante il silenzio di Prodi su piazza Navona&#8230;).<\/p>\n<p>Insomma, per Veltroni la strada resta stretta: sul fronte moderato ci sono Casini e i socialisti, sulla giustizia i Radicali che non la pensano affatto come Di Pietro. Ci sar\u00e0 dialogo? Ci sar\u00e0 pi\u00f9 centro e meno sinistra? Una cosa \u00e8 certa. La guerra sar\u00e0 lunga e aspra, ed \u00e8 solo all&#8217;inizio. Vedremo come finir\u00e0. Walter ha fatto qualcosa di riformista, finalmente. In fondo, parafrasando Massimo D&#8217;Alema, un Paese normale ha bisogno di un&#8217;opposizione normale. Ma regger\u00e0 all&#8217;assalto? Gi\u00e0, perch\u00e9 qualcos&#8217;altro \u00e8 cambiato nel Pd, almeno io la ved\u00f2 in questo modo. Di fatto c&#8217;\u00e8 una diarchia D&#8217;Alema-Veltroni, confermato dall&#8217;apertura palese di Massimo nel dibattito alla Camera sul Lodo Alfano: un sono s\u00ec alle riforme condivise con la maggioranza. Apertura che segna l&#8217;inizio di una diarchia nel Partito democratico, con D&#8217;Alema che parte dettare la linea al partito in cerca d&#8217;identit\u00e0, di autorevolezza e soprattutto di alleati &#8211; al centro e a sinistra &#8211; sicuramente pi\u00f9 affidabili di Di Pietro. Grandi manovre in corso, dunque, se ne sapr\u00e0 di pi\u00f9 quando si terr\u00e0 il congresso.<\/p>\n","protected":false},"excerpt":{"rendered":"<p><p>[photopress:_ROMA___v.JPG,thumb,alignleft]Il mio post di ieri terminava cos\u00ec: &#8220;Ora non resta che aspettare. Che cosa? Ma che Veltroni (definito da Grillo: \u201cTopo Gigio\u201d e su questo Tonino ha taciuto) finalmente invece di \u201cdire\u201d, \u201cfaccia\u201d, qualcosa di riformista: ha avuto 12 milioni di voti (e li ha chiesti) proprio per questo. O no? Faccia la sua parte perch\u00e9 questa eterna guerra (in)civile finisca una volta per tutte&#8221;. Non amo le autocitazioni, ma stavolta c&#8217;azzecca, visto che in serata Veltroni, dopo un&#8217;ultima chiamata-ultimatum (&#8220;Dica se sta con travaglio e Grillo o con il Pd&#8221;), ha deciso di varcare il Rubicone e rompere con [&hellip;]<\/p>\n&nbsp;&nbsp;<div class=\"readmore\"><a href=\"https:\/\/blog.ilgiornale.it\/taliani\/2008\/07\/10\/walter-fa-qualcosa-di-riformista\/\">Continua a leggere...<\/a><\/div><\/p>","protected":false},"author":7,"featured_media":0,"comment_status":"open","ping_status":"closed","sticky":false,"template":"","format":"standard","meta":[],"categories":[1],"tags":[],"_links":{"self":[{"href":"https:\/\/blog.ilgiornale.it\/taliani\/wp-json\/wp\/v2\/posts\/55"}],"collection":[{"href":"https:\/\/blog.ilgiornale.it\/taliani\/wp-json\/wp\/v2\/posts"}],"about":[{"href":"https:\/\/blog.ilgiornale.it\/taliani\/wp-json\/wp\/v2\/types\/post"}],"author":[{"embeddable":true,"href":"https:\/\/blog.ilgiornale.it\/taliani\/wp-json\/wp\/v2\/users\/7"}],"replies":[{"embeddable":true,"href":"https:\/\/blog.ilgiornale.it\/taliani\/wp-json\/wp\/v2\/comments?post=55"}],"version-history":[{"count":0,"href":"https:\/\/blog.ilgiornale.it\/taliani\/wp-json\/wp\/v2\/posts\/55\/revisions"}],"wp:attachment":[{"href":"https:\/\/blog.ilgiornale.it\/taliani\/wp-json\/wp\/v2\/media?parent=55"}],"wp:term":[{"taxonomy":"category","embeddable":true,"href":"https:\/\/blog.ilgiornale.it\/taliani\/wp-json\/wp\/v2\/categories?post=55"},{"taxonomy":"post_tag","embeddable":true,"href":"https:\/\/blog.ilgiornale.it\/taliani\/wp-json\/wp\/v2\/tags?post=55"}],"curies":[{"name":"wp","href":"https:\/\/api.w.org\/{rel}","templated":true}]}}