{"id":553,"date":"2011-12-05T13:44:47","date_gmt":"2011-12-05T12:44:47","guid":{"rendered":"https:\/\/blog.ilgiornale.it\/taliani\/?p=553"},"modified":"2011-12-09T23:00:58","modified_gmt":"2011-12-09T22:00:58","slug":"monti-il-tassator-cortese","status":"publish","type":"post","link":"https:\/\/blog.ilgiornale.it\/taliani\/2011\/12\/05\/monti-il-tassator-cortese\/","title":{"rendered":"Monti, il tassator cortese&#8230;"},"content":{"rendered":"<p>[photopress:mario_monti.jpg,thumb,alignleft]\u00a0Cos\u00ec, prima delle feste di Natale, \u00e8 arrivata la finanziaria delle tasse e dei sacrifici. Mani in tasca agli italiani e alla via cos\u00ec, ha decretato il nuovo timoniere del governo &#8220;tecnico&#8221;. Ce n&#8217;\u00e8 per tutti, dai pensionati in s\u00f9, ma soprattutto per il solito ceto medio, la massa di italiani che le tasse le pagano gi\u00e0, e salate. Il &#8220;tassator cortese&#8221; &#8211; come \u00e8 nello stile del professore bocconiano &#8211; ha usato toni quasi felpati, ma la sostanza \u00e8 questa, pi\u00f9 che lacrime e sangue, lacrime e soldi.\u00a0 &#8220;Pi\u00f9 che equa \u00e8 una Finanziaria da Equitalia&#8221;, scrive nel titolo di apertura il <em>Giornale<\/em>. E in effetti nel &#8220;pacco dono&#8221; (&#8220;Chiamatelo decreto salva Italia&#8221;, ha detto il prof-premier) c&#8217;\u00e8 di tutto e per (quasi) tutte le tasche.<\/p>\n<p>Si va dalla <a title=\"Rivoluzione della previdenza\" href=\"https:\/\/www.ilgiornale.it\/interni\/rivoluzione_pensioni_contributivo_tutti_e_anzianita_prolungata_da_gennaio_donne_riposo_62_anni_e_2018_66_anni_come_uomini_inpdap_ed_enpals_accorpate_allinps\/05-12-2011\/articolo-id=560546-page=0-comments=1\" target=\"_blank\"><strong>rivoluzione delle pensioni<\/strong><\/a> all&#8217;<a title=\"aumento dell'Iva al 2 per cento\" href=\"https:\/\/www.ilgiornale.it\/interni\/monti_fa_retromarcia_sullaumento_irpef_ma_liva_salira_2\/05-12-2011\/articolo-id=560550-page=0-comments=1\" target=\"_blank\"><strong>aumento dell&#8217;Iva<\/strong><\/a>,\u00a0 e\u00a0 se Monti ha fatto retromarcia sull&#8217;aumento dell&#8217;Irpef, arriva per\u00f2 un inasprimento dell&#8217;addizionale regionale. Poi ci sono le tasse sul lusso e altro ancora.\u00a0<a title=\"Imu prima casa\" href=\"https:\/\/www.ilgiornale.it\/interni\/ecco_lici_travestita_conto_11_miliardi\/05-12-2011\/articolo-id=560638-page=0-comments=1\" target=\"_blank\"><strong> Ma ad essere finita nel mirino c&#8217;\u00e8 anche la casa<\/strong><\/a> con l&#8217;arrivo dell&#8217;Imu sulla prima casa che prende il posto dell&#8217;Ici, l&#8217;aumento sulle seconde case e il &#8220;giochetto&#8221; che far\u00e0 volare in alto l&#8217;imponibile sulle rendite catastali: 11 miliardi da incamerare (<a title=\"casa, cos\u00ec si pagher\u00e0 il 60 per cento in piu'\" href=\"https:\/\/www.ilgiornale.it\/interni\/ma_cosi_si_paghera_60_piu\/05-12-2011\/articolo-id=560552-page=0-comments=1\" target=\"_blank\"><strong>come scrive il presidente di Confediliza, cos\u00ec si pagher\u00e0 il 60% in pi\u00f9<\/strong><\/a>). Andando avanti si arriva all&#8217;aumento dell&#8217;imposta di bollo sui conti correnti bancari, sui titoli e sugli strumenti finanziari fino all&#8217;una tantum dell&#8217;1,5% sui capitali rientrati dall&#8217;estero con lo scudo fiscale (in questo caso pacta (non) conservandum sunt&#8230;) ai pagamenti in contanti vietati sopra i mille euro. Oggi pi\u00f9 che cittadini contribuente, siamo contribuenti-cittadini, questo \u00e8 il risultato della crisi dell&#8217;Euro.<\/p>\n<p>Insomma, cercando di dare un colpo al cerchio e uno alla botte, la &#8220;tosata&#8221; \u00e8 arrivata con una raffica di provvedimenti studiati per riuscire a superare le forche caudine del Parlamento, fra richieste del Pdl e del Pd, in particolare. Con i centristi del terzo Polo pare che problemi non ce ne siamo, Casini dixit, perch\u00e8 a loro sarebbe andato bene tutto quel avesse messo sul tavolo Mario Monti.<\/p>\n<p>Dal punto di vista politico c&#8217;\u00e8 da sottolineare che da un lato il Pdl ingoia alcuni bocconi amari, <a title=\"Bersani \u00e8 nell'angolo\" href=\"https:\/\/www.ilgiornale.it\/interni\/bersani_e_nellangolo_lappoggio_monti_costera_lelettorato\/05-12-2011\/articolo-id=560555-page=0-comments=1\" target=\"_blank\"><strong>ma il Pd \u00e8 costretto a mangiare una minestra salatissima<\/strong><\/a>: quella della riforma previdenziale che costringe Bersani a fare i conti in casa con la Cgil della Camusso a sua volta pressata dalla Fiom.\u00a0 Non solo, c&#8217;\u00e8 ancora sul tavolo l&#8217;altra questione che imbarazza e preoccupa il Pd: quella della riforma del lavoro che va a toccare articolo 8 e 18 e che la Ue e la Bce esigono. Su questo terreno la partita per il Pd si far\u00e0 ancora pi\u00f9 dura e dolorosa. C&#8217;\u00e8 il pericolo, per il centrosinistra, che il professor Monti, da &#8220;tassator cortese&#8221;, sia etichettato dalla piazza che si preannuncia, sia pure in modo sbagliato, ma uno slogan \u00e8 sempre un slogan, come il &#8220;licenziator cortese&#8221;. Non invidio Bersani. E nemmeno le tasche di chi \u00e8 di nuovo chiamato a pagare per salvare la patria perch\u00e9 <a title=\"Il ceto medio ha gi\u00e0 dato\" href=\"https:\/\/www.ilgiornale.it\/interni\/evitato_grave_errore_ceto_medio_ha_gia_dato\/05-12-2011\/articolo-id=560549-page=0-comments=1\" target=\"_blank\"><strong>quello sull&#8217;Irpef \u00e8 un &#8220;contentino&#8221;<\/strong><\/a>, mentre la stangata sul mattone \u00e8 un macigno&#8230;<\/p>\n<p>Per ora il governo poco ha detto su altri due temi: la crecita economica e lo sviluppo. Aspettiamo, evidentemente si va per gradi.\u00a0 Ma a colpire di questa manovra \u00e8 un&#8217;altra cosa che manca:\u00a0 i tagli ai costi della politica, alla casta. Dal Parlamento scendendo via via fino ai gradini pi\u00f9 bassi della scala delle pubbliche amministrazioni. Basta <a title=\"Sulle province cala la scure.\" href=\"https:\/\/www.ilgiornale.it\/interni\/scure_provinceeliminate_giunteconsiglieri_ridotti_10\/05-12-2011\/articolo-id=560637-page=0-comments=1\" target=\"_blank\"><strong>abolire le giunte provinciali lasciando solo dieci consiglieri?<\/strong><\/a> Direi proprio di no, forse sul tema il professor Monti e il suo governo dovrebbero applicarsi di pi\u00f9,\u00a0 in questo campo, come &#8220;tagliator cortese&#8221; sarebbe pi\u00f9 simpatico ai contribuenti-cittadini.<\/p>\n","protected":false},"excerpt":{"rendered":"<p><p>[photopress:mario_monti.jpg,thumb,alignleft]\u00a0Cos\u00ec, prima delle feste di Natale, \u00e8 arrivata la finanziaria delle tasse e dei sacrifici. Mani in tasca agli italiani e alla via cos\u00ec, ha decretato il nuovo timoniere del governo &#8220;tecnico&#8221;. Ce n&#8217;\u00e8 per tutti, dai pensionati in s\u00f9, ma soprattutto per il solito ceto medio, la massa di italiani che le tasse le pagano gi\u00e0, e salate. Il &#8220;tassator cortese&#8221; &#8211; come \u00e8 nello stile del professore bocconiano &#8211; ha usato toni quasi felpati, ma la sostanza \u00e8 questa, pi\u00f9 che lacrime e sangue, lacrime e soldi.\u00a0 &#8220;Pi\u00f9 che equa \u00e8 una Finanziaria da Equitalia&#8221;, scrive nel titolo [&hellip;]<\/p>\n&nbsp;&nbsp;<div class=\"readmore\"><a href=\"https:\/\/blog.ilgiornale.it\/taliani\/2011\/12\/05\/monti-il-tassator-cortese\/\">Continua a leggere...<\/a><\/div><\/p>","protected":false},"author":7,"featured_media":0,"comment_status":"open","ping_status":"closed","sticky":false,"template":"","format":"standard","meta":[],"categories":[64],"tags":[3819,837,127,6760,6755,6753,6752,256467,256464,5443,6756,6759,102,176],"_links":{"self":[{"href":"https:\/\/blog.ilgiornale.it\/taliani\/wp-json\/wp\/v2\/posts\/553"}],"collection":[{"href":"https:\/\/blog.ilgiornale.it\/taliani\/wp-json\/wp\/v2\/posts"}],"about":[{"href":"https:\/\/blog.ilgiornale.it\/taliani\/wp-json\/wp\/v2\/types\/post"}],"author":[{"embeddable":true,"href":"https:\/\/blog.ilgiornale.it\/taliani\/wp-json\/wp\/v2\/users\/7"}],"replies":[{"embeddable":true,"href":"https:\/\/blog.ilgiornale.it\/taliani\/wp-json\/wp\/v2\/comments?post=553"}],"version-history":[{"count":6,"href":"https:\/\/blog.ilgiornale.it\/taliani\/wp-json\/wp\/v2\/posts\/553\/revisions"}],"predecessor-version":[{"id":558,"href":"https:\/\/blog.ilgiornale.it\/taliani\/wp-json\/wp\/v2\/posts\/553\/revisions\/558"}],"wp:attachment":[{"href":"https:\/\/blog.ilgiornale.it\/taliani\/wp-json\/wp\/v2\/media?parent=553"}],"wp:term":[{"taxonomy":"category","embeddable":true,"href":"https:\/\/blog.ilgiornale.it\/taliani\/wp-json\/wp\/v2\/categories?post=553"},{"taxonomy":"post_tag","embeddable":true,"href":"https:\/\/blog.ilgiornale.it\/taliani\/wp-json\/wp\/v2\/tags?post=553"}],"curies":[{"name":"wp","href":"https:\/\/api.w.org\/{rel}","templated":true}]}}