{"id":56,"date":"2008-07-31T22:26:26","date_gmt":"2008-07-31T21:26:26","guid":{"rendered":"https:\/\/blog.ilgiornale.it\/taliani\/2008\/07\/31\/avviso-ai-bloggers-finalmente-in-vacanza\/"},"modified":"2008-07-31T22:26:26","modified_gmt":"2008-07-31T21:26:26","slug":"avviso-ai-bloggers-finalmente-in-vacanza","status":"publish","type":"post","link":"https:\/\/blog.ilgiornale.it\/taliani\/2008\/07\/31\/avviso-ai-bloggers-finalmente-in-vacanza\/","title":{"rendered":"Avviso ai bloggers, finalmente in vacanza"},"content":{"rendered":"<p><strong>Cari amici anche per me \u00e8 tempo di vacanze, linee permettendo cercher\u00f2 di fare qualche aggiornamento per mantenere il filo diretto con voi ma dove mi trovo ci sono problemi di collegamento. Far\u00f2 il possibile. Intanto auguro a tutti buone vacanze. Al mio ritorno il blog sar\u00e0 aggiornato con maggiore frequenza ed avr\u00e0 una visibilit\u00e0 maggiore sulla home page, questo per rafforzare il dialogo con voi e la vostra partecipazione. Per ora un grazie di cuore a tutti voi.<\/strong><\/p>\n","protected":false},"excerpt":{"rendered":"<p><p>Cari amici anche per me \u00e8 tempo di vacanze, linee permettendo cercher\u00f2 di fare qualche aggiornamento per mantenere il filo diretto con voi ma dove mi trovo ci sono problemi di collegamento. Far\u00f2 il possibile. Intanto auguro a tutti buone vacanze. Al mio ritorno il blog sar\u00e0 aggiornato con maggiore frequenza ed avr\u00e0 una visibilit\u00e0 maggiore sulla home page, questo per rafforzare il dialogo con voi e la vostra partecipazione. Per ora un grazie di cuore a tutti voi.<\/p>\n&nbsp;&nbsp;<div class=\"readmore\"><a href=\"https:\/\/blog.ilgiornale.it\/taliani\/2008\/07\/31\/avviso-ai-bloggers-finalmente-in-vacanza\/\">Continua a leggere...<\/a><\/div><\/p>","protected":false},"author":7,"featured_media":0,"comment_status":"open","ping_status":"closed","sticky":false,"template":"","format":"standard","meta":[],"categories":[1],"tags":[],"_links":{"self":[{"href":"https:\/\/blog.ilgiornale.it\/taliani\/wp-json\/wp\/v2\/posts\/56"}],"collection":[{"href":"https:\/\/blog.ilgiornale.it\/taliani\/wp-json\/wp\/v2\/posts"}],"about":[{"href":"https:\/\/blog.ilgiornale.it\/taliani\/wp-json\/wp\/v2\/types\/post"}],"author":[{"embeddable":true,"href":"https:\/\/blog.ilgiornale.it\/taliani\/wp-json\/wp\/v2\/users\/7"}],"replies":[{"embeddable":true,"href":"https:\/\/blog.ilgiornale.it\/taliani\/wp-json\/wp\/v2\/comments?post=56"}],"version-history":[{"count":0,"href":"https:\/\/blog.ilgiornale.it\/taliani\/wp-json\/wp\/v2\/posts\/56\/revisions"}],"wp:attachment":[{"href":"https:\/\/blog.ilgiornale.it\/taliani\/wp-json\/wp\/v2\/media?parent=56"}],"wp:term":[{"taxonomy":"category","embeddable":true,"href":"https:\/\/blog.ilgiornale.it\/taliani\/wp-json\/wp\/v2\/categories?post=56"},{"taxonomy":"post_tag","embeddable":true,"href":"https:\/\/blog.ilgiornale.it\/taliani\/wp-json\/wp\/v2\/tags?post=56"}],"curies":[{"name":"wp","href":"https:\/\/api.w.org\/{rel}","templated":true}]}}