{"id":560,"date":"2011-12-20T11:56:33","date_gmt":"2011-12-20T10:56:33","guid":{"rendered":"https:\/\/blog.ilgiornale.it\/taliani\/?p=560"},"modified":"2011-12-21T12:05:50","modified_gmt":"2011-12-21T11:05:50","slug":"bersani-e-i-niet-della-camusso","status":"publish","type":"post","link":"https:\/\/blog.ilgiornale.it\/taliani\/2011\/12\/20\/bersani-e-i-niet-della-camusso\/","title":{"rendered":"Bersani e i &#8220;niet&#8221; della Camusso"},"content":{"rendered":"<p>[photopress:camusso_bersani.jpg,thumb,alignleft]\u00a0Non bastava l&#8217;allungamemto dell&#8217;et\u00e0 pensionabile che in qualche modo il Pd \u00e8 riuscito a far digerire ai malpancisti &#8211; molto meno accettato lo stop delle indicizzazione delle pensioni che mina la capacit\u00e0 di spesa di milioni italiani perch\u00e9 si somma all&#8217;inflazione che cresce e all&#8217;aumento generalizzato di tasse e tariffe con pesanti ripercussioni sui consumi (scelta poco apprezzata anche dagli elettori del Pdl) &#8211; ora \u00e8 scoppiata l&#8217;altra vecchia &#8220;<strong>bolla politica&#8221;<\/strong>: la <strong>riforma dell&#8217;articolo 18<\/strong> e dello Statuto dei lavoratori. Problema sul tappeto da anni. Ver\u00f2 tab\u00f9 che ha sempre creato una montagna di guai e spaccature nel centrosinistra (ricordate le levate di scudi di <strong>Cofferati<\/strong> contro <strong>D&#8217;Alema<\/strong>?).<\/p>\n<p>Riforma che il ministro del Welfare <strong>Elsa Fornero<\/strong> e il premier <strong>Mario Monti<\/strong> sono decisi a mettere sul piatto delle cose indispensabili per ridisegnare e modernizzare il mercato del lavoro come chiede la Ue.\u00a0 <strong>Susanna Camusso<\/strong>, leader della <strong>Cgil<\/strong> ha subito alzato il ponte levatoio, il cislino <strong>Bonanni<\/strong> \u00e8 salito sulle barricate e il resto dei sindacati pure ed \u00e8 partita la controffensiva contro il ministro &#8220;autoritario&#8221; e contro la &#8220;maestrina&#8221;. Toni aspri, slogan e accuse che la Fornero ha definito &#8220;preoccupanti&#8221; perch\u00e9 &#8220;rimandano a un brutto passato&#8221;&#8230;<\/p>\n<p>E lo scontro ha subito coinvolto il Pd, perch\u00e9 la mossa della Fornero ha riaperto ferite mai rimarginate nel maggior partito della sinistra che in questo momento appoggia il governo Monti. Il segretario<strong> Bersani<\/strong> \u00e8 stato subito costretto alla difensiva, cercando di prendere tempo alzando le classiche cortine funogene per non farsi mettere sotto dai riformisti piddini (da <strong>Veltroni<\/strong> a <strong>Enrico Letta<\/strong>, da <strong>Franceschini<\/strong> a <strong>Ichino<\/strong>): fronte interno che conta una nutritissima pattuglia di deputati e senatori che da tempo sono su posizioni critiche verso la maggioranza bersaniana e che ha duramente attaccato le posizioni del responsabile economico del Pd, Stefano Fassina. La <strong>riforma del lavoro<\/strong> \u00e8 il nodo gordiano della tenuta del <strong>Pd<\/strong> &#8211; come ho pi\u00f9 volte scritto &#8211; tema che non si risolve con un semplice compromesso e che, se per scioglierlo fosse necessario tagliare, rischia di spaccare la &#8220;balena rosso-bianca&#8221; aprendo scenari e prospettive inedite per il panorama politico e per il mondo del centro sinistra. Avversari interni e avversari esterni, per Pierluigi Bersani, perch\u00e9 anche l&#8217;Idv di <strong>Di Pietro<\/strong> e il Sel di <strong>Vendola<\/strong> sono corsi in soccorso (o si sono accodati) alla Camusso e alla Cgil. Cos\u00ec a Bersani non \u00e8 rimasto altro, per adesso, che invocare un rinvio perch\u00e9 cos\u00ec il governo &#8220;complica tutto&#8221;. &#8220;Facciamoci il Natale e lasciamo stare l&#8217;articolo 18&#8221;, dice il segretario del Pd.<\/p>\n<p>Come se fosse facile.\u00a0 Con Monti che percorre una strada stretta che finora ha partorito una manovra lacrime e sangue fatta per l&#8217;85% di tasse e il problema della ripresa e dello sviluppo, gamba indispensabile per non agire solo in modo recessivo \u00e8 ancora tutto da definire. Per ora solo supertasse che colpiscono comuque i soliti noti, per niente bilanciate dai tagli ai costi della politica e agli sprechi del settore pubblico e amministrativo. Gi\u00e0, perch\u00e9 Monti per andare avanti deve dare un colpo a destra e uno a sinistra, ma se sbaglia una mossa rischia di far crollare tutto il castello che vuol costruire per rispondere efficacemente alla crisi. Castello che non pu\u00f2 fondarsi solo su nuove tasse e balzelli,\u00a0 ma ha bisogno di<strong> riforme strutturali<\/strong> (come quella delle pensioni) che ne rendano solide le fondamenta e le mura: dal lavoro a fisco (con annessa, reale, lotta all&#8217;evasione). E se<strong> Lega<\/strong> apertamente all&#8217;opposizione con tanto guerra all&#8217;<strong>Imu<\/strong> (la nuova tassa sulla casa), Idv e Sel giocano in funzione elettoralistica, il Pd \u00e8 costretto a definire in modo chiaro la ragione stessa del suo proclamarsi forza di governo responsabile, sgombrando il campo dai dualismi interni e dalle contraddizioni mai risolte fra vecchi ideologismi e nuovo riformismo. Altrimenti all&#8217;orizzonte ci saranno solo macerie e il Pd rischia di diventare la prima vera vittima politica eccellente del governo &#8220;tecnico&#8221; che appoggia. <strong>E&#8217; giusto riformare l&#8217;articolo 18 dando pi\u00f9 garanzie economiche? D\u00ec la tua.<\/strong><\/p>\n<p><a title=\"La Fornero resiste ai sindacati\" href=\"https:\/\/www.ilgiornale.it\/interni\/la_fornero_resiste_sindacati_licenziamenti_vado_avanti\/20-12-2011\/articolo-id=563311-page=0-comments=1\" target=\"_blank\"><strong>La Fornero resiste ai sindacati: sui licenziamenti vado avanti<\/strong><\/a> di <em>Antonio Signorini<\/em><\/p>\n<p><a title=\"la lezione spagnola: tagli e niente tasse\" href=\"https:\/\/www.ilgiornale.it\/interni\/elezioni_tagli_e_poche_tasse\/20-12-2011\/articolo-id=563294-page=0-comments=1\" target=\"_blank\"><strong>La lezione spagnola: tagli e niente tasse<\/strong> <\/a>di <em>Nicola Porro<\/em><\/p>\n","protected":false},"excerpt":{"rendered":"<p><p>[photopress:camusso_bersani.jpg,thumb,alignleft]\u00a0Non bastava l&#8217;allungamemto dell&#8217;et\u00e0 pensionabile che in qualche modo il Pd \u00e8 riuscito a far digerire ai malpancisti &#8211; molto meno accettato lo stop delle indicizzazione delle pensioni che mina la capacit\u00e0 di spesa di milioni italiani perch\u00e9 si somma all&#8217;inflazione che cresce e all&#8217;aumento generalizzato di tasse e tariffe con pesanti ripercussioni sui consumi (scelta poco apprezzata anche dagli elettori del Pdl) &#8211; ora \u00e8 scoppiata l&#8217;altra vecchia &#8220;bolla politica&#8221;: la riforma dell&#8217;articolo 18 e dello Statuto dei lavoratori. Problema sul tappeto da anni. Ver\u00f2 tab\u00f9 che ha sempre creato una montagna di guai e spaccature nel centrosinistra (ricordate [&hellip;]<\/p>\n&nbsp;&nbsp;<div class=\"readmore\"><a href=\"https:\/\/blog.ilgiornale.it\/taliani\/2011\/12\/20\/bersani-e-i-niet-della-camusso\/\">Continua a leggere...<\/a><\/div><\/p>","protected":false},"author":7,"featured_media":0,"comment_status":"open","ping_status":"closed","sticky":false,"template":"","format":"standard","meta":[],"categories":[64],"tags":[256466,6769,2903,6777,828,6767,6774,6772,6776,820,6749,6775,6765,256467,6764,46,6768,6773,256468,6766],"_links":{"self":[{"href":"https:\/\/blog.ilgiornale.it\/taliani\/wp-json\/wp\/v2\/posts\/560"}],"collection":[{"href":"https:\/\/blog.ilgiornale.it\/taliani\/wp-json\/wp\/v2\/posts"}],"about":[{"href":"https:\/\/blog.ilgiornale.it\/taliani\/wp-json\/wp\/v2\/types\/post"}],"author":[{"embeddable":true,"href":"https:\/\/blog.ilgiornale.it\/taliani\/wp-json\/wp\/v2\/users\/7"}],"replies":[{"embeddable":true,"href":"https:\/\/blog.ilgiornale.it\/taliani\/wp-json\/wp\/v2\/comments?post=560"}],"version-history":[{"count":5,"href":"https:\/\/blog.ilgiornale.it\/taliani\/wp-json\/wp\/v2\/posts\/560\/revisions"}],"predecessor-version":[{"id":566,"href":"https:\/\/blog.ilgiornale.it\/taliani\/wp-json\/wp\/v2\/posts\/560\/revisions\/566"}],"wp:attachment":[{"href":"https:\/\/blog.ilgiornale.it\/taliani\/wp-json\/wp\/v2\/media?parent=560"}],"wp:term":[{"taxonomy":"category","embeddable":true,"href":"https:\/\/blog.ilgiornale.it\/taliani\/wp-json\/wp\/v2\/categories?post=560"},{"taxonomy":"post_tag","embeddable":true,"href":"https:\/\/blog.ilgiornale.it\/taliani\/wp-json\/wp\/v2\/tags?post=560"}],"curies":[{"name":"wp","href":"https:\/\/api.w.org\/{rel}","templated":true}]}}