{"id":57,"date":"2008-09-02T10:43:03","date_gmt":"2008-09-02T09:43:03","guid":{"rendered":"https:\/\/blog.ilgiornale.it\/taliani\/2008\/09\/02\/veltroni-grande-lettore-degli-immigrati\/"},"modified":"2008-09-30T14:06:24","modified_gmt":"2008-09-30T13:06:24","slug":"veltroni-grande-lettore-degli-immigrati","status":"publish","type":"post","link":"https:\/\/blog.ilgiornale.it\/taliani\/2008\/09\/02\/veltroni-grande-lettore-degli-immigrati\/","title":{"rendered":"Veltroni &#8220;grande elettore&#8221; degli immigrati&#8230; e Fini apre"},"content":{"rendered":"<p>[photopress:immigrati111.jpg,thumb,alignleft] Finalmente si rivede, Walter Veltroni, riemerso dagli ozi agostani. E si ricorda, il leader del Pd, di dire qualcosa di sinistra: primo pensiero, il voto agli immigrati. Proprio cos\u00ec. E per farlo scrive al presidente della Camera, Gianfranco Fini per sollecitare l&#8217;iter parlamentare l&#8217;esame della proposta di legge per concedere il diritto di voto alle amministrative ai cittadini &#8220;non italiani&#8221; che vivono e lavorano nel nostro Paese, voto che non richiede dunque la cittadinanza. E ovviamente se si vota ci si pu\u00f2 anche candidare&#8230;. (basterebbe cambiare la Costituzione). Ricetta anti-xenofobia, insomma, per come la vede Walter. Peccato che, come ricorda la Lega, il diritto di voto sia collegato\u00a0 al requisito del possesso della cittadinanza italiana, come \u00e8 scritto nella Costituzione. E se Lega e Pdl bocciano la proposta (Cicchitto: la sinistra vuol cambiare il corpo elettorale a proprio piacimento), un no secco arriva anche da Antonio Di Pietro, alleato sempre pi\u00f9 ex del Pd, che introduce l&#8217;ennesimo elemento di scontro nel centrosinistra, dando un altro scossone al Pd. Di Pietro ormai \u00e8 in campagna elettorale continua e coglie una nuova occasione per &#8220;picconare&#8221; la traballante casa della sinistra riformista, quel Pd che anche Anna Finocchiaro definisce impietosamente &#8220;il partito che non c&#8217;\u00e8&#8221;. Solo Rifondazione comunista applaude l&#8217;uscita estemporanea di Veltroni. Ed \u00e8 tutto dire, se si considera che il premier Silvio Berlusconi \u00e8 impegnato sul fronte dell&#8217;immigrazione clandestina e ha appena chiuso con successo la &#8220;vertenza&#8221; annosa con la Libia che riguarda non solo petrolio e gas per l&#8217;Italia, ma anche impegno libico per fermare le partenze dei clandestini dalle coste di Tripoli, Bengasi e dintorni verso l&#8217;Italia. Il dubbio di Cicchitto sull&#8217;uscita veltroniana \u00e8 pi\u00f9 che legittimo, quello che sorprende \u00e8 l&#8217;uscita &#8220;intempestiva&#8221; (come dice Di Pietro) del leader Pd. Come se il problema principale dell&#8217;Italia\u00a0fosse quello di far votare gli immigrati equiparandoli agli elettori che hanno la cittadinanza&#8230;<\/p>\n<p><strong>Fini apre a Veltroni<\/strong> Walter ha battuto un colpo e il presidente della Camera va alla Festa del Pd a Firenze e apre all&#8217;idea: \u00abIl diritto di voto amministrativo per alcune categorie di stranieri residenti in modo regolare e da un certo numero di anni in Italia non va visto n\u00e9 come ipotesi sciagurata n\u00e9 come garanzia assoluta di integrazione\u00bb. Anche perch\u00e9, ha ricordato il presidente della Camera, da anni i cittadini comunitari residenti in Italia godono di questo diritto ma alcune gruppi etnici provenienti da Romania e Bulgaria \u00abnon hanno dimostrato una particolare volont\u00e0 di integrazione\u00bb. \u00abSe si riconosce il diritto di voto ad alcune categorie di stranieri residenti in Italia &#8211; ha precisato &#8211; bisogna per\u00f2 essere estremamente equilibrati a chiedere i doveri. Come non \u00e8 criminale chiedere il diritto di voto agli immigrati, non \u00e8 criminale l&#8217;obbligo di identit\u00e0 per i minori\u00bb. <strong>Poi arriva l&#8217;altol\u00e0 di Berlusconi<\/strong>: &#8220;Il voto agli immigrati non \u00e8 nel programma di governo&#8230;&#8221;<\/p>\n<p><strong>Cosa ne pensate<\/strong> della proposta di Veltroni e dell&#8217;apertura di Fini che lega il riconoscimento del voto al rispetto di precisi doveri da parte degli immigrati?\u00a0\u00a0E&#8217; giusto fa votare gli immigrati regolari (ma senza cittadinanza) per combattere la xenofobia e per garantire, come scrive Veltroni, &#8220;l&#8217;inclusione sociale e la sicurezza&#8221;? O le ricette sono altre?<\/p>\n","protected":false},"excerpt":{"rendered":"<p><p>[photopress:immigrati111.jpg,thumb,alignleft] Finalmente si rivede, Walter Veltroni, riemerso dagli ozi agostani. E si ricorda, il leader del Pd, di dire qualcosa di sinistra: primo pensiero, il voto agli immigrati. Proprio cos\u00ec. E per farlo scrive al presidente della Camera, Gianfranco Fini per sollecitare l&#8217;iter parlamentare l&#8217;esame della proposta di legge per concedere il diritto di voto alle amministrative ai cittadini &#8220;non italiani&#8221; che vivono e lavorano nel nostro Paese, voto che non richiede dunque la cittadinanza. E ovviamente se si vota ci si pu\u00f2 anche candidare&#8230;. (basterebbe cambiare la Costituzione). Ricetta anti-xenofobia, insomma, per come la vede Walter. Peccato che, come [&hellip;]<\/p>\n&nbsp;&nbsp;<div class=\"readmore\"><a href=\"https:\/\/blog.ilgiornale.it\/taliani\/2008\/09\/02\/veltroni-grande-lettore-degli-immigrati\/\">Continua a leggere...<\/a><\/div><\/p>","protected":false},"author":7,"featured_media":0,"comment_status":"open","ping_status":"closed","sticky":false,"template":"","format":"standard","meta":[],"categories":[1],"tags":[],"_links":{"self":[{"href":"https:\/\/blog.ilgiornale.it\/taliani\/wp-json\/wp\/v2\/posts\/57"}],"collection":[{"href":"https:\/\/blog.ilgiornale.it\/taliani\/wp-json\/wp\/v2\/posts"}],"about":[{"href":"https:\/\/blog.ilgiornale.it\/taliani\/wp-json\/wp\/v2\/types\/post"}],"author":[{"embeddable":true,"href":"https:\/\/blog.ilgiornale.it\/taliani\/wp-json\/wp\/v2\/users\/7"}],"replies":[{"embeddable":true,"href":"https:\/\/blog.ilgiornale.it\/taliani\/wp-json\/wp\/v2\/comments?post=57"}],"version-history":[{"count":0,"href":"https:\/\/blog.ilgiornale.it\/taliani\/wp-json\/wp\/v2\/posts\/57\/revisions"}],"wp:attachment":[{"href":"https:\/\/blog.ilgiornale.it\/taliani\/wp-json\/wp\/v2\/media?parent=57"}],"wp:term":[{"taxonomy":"category","embeddable":true,"href":"https:\/\/blog.ilgiornale.it\/taliani\/wp-json\/wp\/v2\/categories?post=57"},{"taxonomy":"post_tag","embeddable":true,"href":"https:\/\/blog.ilgiornale.it\/taliani\/wp-json\/wp\/v2\/tags?post=57"}],"curies":[{"name":"wp","href":"https:\/\/api.w.org\/{rel}","templated":true}]}}