{"id":60,"date":"2008-09-29T08:54:08","date_gmt":"2008-09-29T07:54:08","guid":{"rendered":"https:\/\/blog.ilgiornale.it\/taliani\/2008\/09\/29\/walter-neo-comunista-e-dalema-furioso\/"},"modified":"2008-09-29T11:27:59","modified_gmt":"2008-09-29T10:27:59","slug":"walter-neo-comunista-e-dalema-furioso","status":"publish","type":"post","link":"https:\/\/blog.ilgiornale.it\/taliani\/2008\/09\/29\/walter-neo-comunista-e-dalema-furioso\/","title":{"rendered":"Walter neo-comunista e D&#8217;Alema furioso"},"content":{"rendered":"<p>[photopress:VELTRONI_alema_1.jpg,thumb,alignleft]\u00a0 Il primo applauso per Walter Veltroni in versione neo-comunista \u00e8 arriva dal dipietrista Donadi: &#8220;Finalmente la pensa come noi&#8230;&#8221;. Applauso interessato e interessante che dice lunga sulla svolta veltroniana pronto a denunciare che l&#8217;Italia di oggi assomiglia alla Russia di Putin e che rischia una deriva autoritaria.\u00a0 Veltroni attacca a testa bassa con un linguaggio e con temi fondati sull&#8217;anti-berlusconismo di sempre, una remake della politica della sinistra (senza centro&#8230;) a cui siamo abituati e che lui, in campagna elettorale, aveva abiurato. Altro che Veltrusconi. Siamo al Veltrepifani, o se si preferisce siamo al cofferatismo, come scrive il <em>Riformista<\/em>&#8230; Gi\u00e0 perch\u00e9 Veltroni prepara il suo autunno caldo (all&#8217;altro, parallelo, ci sta pensando la Cgil di Epifani in una convergenza poco parallela perch\u00e9 siamo alla contiguit\u00e0 politica): scalda la piazza di sinistra, insomma, invista dell&#8217;anti Berlusconi Day del 25 ottobre. A Veltroni, del resto, la piazza serve e far\u00e0 e sta facendo di tutto perch\u00e9 non sia un flop. Nella piazza il segretario si gioca la leadership del Pd. O vince o perde. E allora avanti popolo, il nemico \u00e8 l\u00ec, quello di sempre. Alle ortiche il buonismo. Dialogo addio. Non importa se alle elezioni Berlusconi ha trionfato scacciando Prodi e Veltroni e rivendica il diritto-dovere di governare. La prova generale dell&#8217;accoppiata inedita ma non troppo Veltroni-Epifani \u00e8 stata l&#8217;Alitalia. Un copione svolto con diligenza dai due.<\/p>\n<p>Ma la svolta riaccende lo scontro nel Pd, proprio quando sembrava che tra Veltroni e Massimo D&#8217;Alema fosse stata siglata una tregua. Invece D&#8217;Alema, se da un lato ha critica il governo, dall&#8217;altro apre platealmente proprio sul terreno del dialogo con Berlusconi e su un tema non di poco contro: il presidenzialismo. &#8220;Se si arrivasse a un sistema presidenziale, Berlusconi potrebbe concorrere alla massima carica dello Stato perch\u00e8 ci sarebbero quei pesi e quei contrappesi che consentirebbero anche a lui di governare meglio il paese&#8221;, dice D\u2019Alema, in un colloquio con Bruno Vespa per il suo nuovo libro.<br \/>\n&#8220;Ci sono due modi per ricostruire il nostro sistema democratico &#8211; spiega l\u2019ex ministro degli Esteri &#8211; intorno alle persone o intorno ai partiti. Nel primo caso c\u2019\u00e8 il presidenzialismo, con i suoi pesi e contrappesi per garantire gli equilibri istituzionali. Nel secondo non si eliminano certo le persone, ma i partiti moderni vivono dell\u2019equilibrio tra leadership e struttura. Noi restiamo appesi tra un sistema presidenziale di fatto, senza regole e la logica delle coalizioni, con una erenne conflittualit\u00e0 interna che non porta a niente. Nessuno dei due sistemi funziona. Nessuno dei due produce buoni governi&#8221;. E il dalemiano Latorre (presidente del Pd) critica la Cgil che va avanti da sola e non ricerca l&#8217;unit\u00e0 sindacale (sbagliando) e poi affonda sul nodo veltroniano della deriva autoritaria: &#8220;La democrazia italiana \u00e8 solida, non \u00e8 la Russia&#8230;&#8221;. La contrapposizione, nel Pd, ormai \u00e8 scoperta. Scontro o dialogo con il governo?<br \/>\n<strong>Il dibattito \u00e8 aperto<\/strong>.<\/p>\n<p><a href=\"https:\/\/www.ilgiornale.it\/a.pic1?ID=294134\" target=\"_blank\"><strong>Leggi l&#8217;editoriale di Paolo Guzzanti sull&#8217;involuzione di Walter: &#8220;Uno strappo al contrario&#8221;<\/strong><\/a><\/p>\n","protected":false},"excerpt":{"rendered":"<p><p>[photopress:VELTRONI_alema_1.jpg,thumb,alignleft]\u00a0 Il primo applauso per Walter Veltroni in versione neo-comunista \u00e8 arriva dal dipietrista Donadi: &#8220;Finalmente la pensa come noi&#8230;&#8221;. Applauso interessato e interessante che dice lunga sulla svolta veltroniana pronto a denunciare che l&#8217;Italia di oggi assomiglia alla Russia di Putin e che rischia una deriva autoritaria.\u00a0 Veltroni attacca a testa bassa con un linguaggio e con temi fondati sull&#8217;anti-berlusconismo di sempre, una remake della politica della sinistra (senza centro&#8230;) a cui siamo abituati e che lui, in campagna elettorale, aveva abiurato. Altro che Veltrusconi. Siamo al Veltrepifani, o se si preferisce siamo al cofferatismo, come scrive il Riformista&#8230; [&hellip;]<\/p>\n&nbsp;&nbsp;<div class=\"readmore\"><a href=\"https:\/\/blog.ilgiornale.it\/taliani\/2008\/09\/29\/walter-neo-comunista-e-dalema-furioso\/\">Continua a leggere...<\/a><\/div><\/p>","protected":false},"author":7,"featured_media":0,"comment_status":"open","ping_status":"closed","sticky":false,"template":"","format":"standard","meta":[],"categories":[1],"tags":[],"_links":{"self":[{"href":"https:\/\/blog.ilgiornale.it\/taliani\/wp-json\/wp\/v2\/posts\/60"}],"collection":[{"href":"https:\/\/blog.ilgiornale.it\/taliani\/wp-json\/wp\/v2\/posts"}],"about":[{"href":"https:\/\/blog.ilgiornale.it\/taliani\/wp-json\/wp\/v2\/types\/post"}],"author":[{"embeddable":true,"href":"https:\/\/blog.ilgiornale.it\/taliani\/wp-json\/wp\/v2\/users\/7"}],"replies":[{"embeddable":true,"href":"https:\/\/blog.ilgiornale.it\/taliani\/wp-json\/wp\/v2\/comments?post=60"}],"version-history":[{"count":0,"href":"https:\/\/blog.ilgiornale.it\/taliani\/wp-json\/wp\/v2\/posts\/60\/revisions"}],"wp:attachment":[{"href":"https:\/\/blog.ilgiornale.it\/taliani\/wp-json\/wp\/v2\/media?parent=60"}],"wp:term":[{"taxonomy":"category","embeddable":true,"href":"https:\/\/blog.ilgiornale.it\/taliani\/wp-json\/wp\/v2\/categories?post=60"},{"taxonomy":"post_tag","embeddable":true,"href":"https:\/\/blog.ilgiornale.it\/taliani\/wp-json\/wp\/v2\/tags?post=60"}],"curies":[{"name":"wp","href":"https:\/\/api.w.org\/{rel}","templated":true}]}}