{"id":601,"date":"2012-01-31T12:39:53","date_gmt":"2012-01-31T11:39:53","guid":{"rendered":"https:\/\/blog.ilgiornale.it\/taliani\/?p=601"},"modified":"2012-02-02T12:54:53","modified_gmt":"2012-02-02T11:54:53","slug":"finti-tagli-e-ticket-veri","status":"publish","type":"post","link":"https:\/\/blog.ilgiornale.it\/taliani\/2012\/01\/31\/finti-tagli-e-ticket-veri\/","title":{"rendered":"Finti tagli e ticket veri&#8230;"},"content":{"rendered":"<p>Nell&#8217;era dei professor <strong>Mario Monti<\/strong> e dei &#8220;tecnici&#8221; al governo fra nuove tasse, riforme <em>stop and go<\/em>, forconi e partiti in caduta di consensi, l&#8217;idea di trasformare gli italiani in spioni fiscali, delatori a pagamento (<strong><a title=\"spioni fiscali\" href=\"https:\/\/www.ilgiornale.it\/interni\/se_passa_premio_delatori_litalia_diventa_germania_est\/01-02-2012\/articolo-id=569828-page=0-comments=1\" target=\"_blank\">leggi l&#8217;articolo di Claudio Borghi<\/a><\/strong>), mi hanno colpito altre due &#8220;cosucce&#8221;. La prima \u00e8 quella del &#8220;taglio&#8221; con il trucco dello stipendio dei deputati che in realt\u00e0 mantengono lo stesso emolumento ma hanno cassato l&#8217;aumento che avrebbero dovuto percepire, rinunciando a 700 euro in pi\u00f9 (1.300 netti), che a questo punto ha davvero poco anche di simbolico, visto che alla fin fine diventa una sorta di partita di giro come spiega Emanuela Fontana (<a title=\"I tagli col trucco dei politici\" href=\"https:\/\/www.ilgiornale.it\/interni\/i_tagli_trucco_politici_si_tolgono_1300_euro_ma_paga_resta_uguale\/31-01-2012\/articolo-id=569637-page=0-comments=1\" target=\"_blank\"><strong>leggi l&#8217;articolo<\/strong><\/a>) e viene percepita come tale dagli italiani e che contribuisce ad alimentare i sentimenti anti casta (per non parlare della vicenda dell&#8217; <strong>ex tesoriere della Margherita<\/strong> Lusi, ora senatore del pd, che ha <a href=\"https:\/\/www.ilgiornale.it\/interni\/margherita_alex_tesorieretredici_milioni_partito\/tesoriere-luigi_lusi-appropriazione_indebita-margherita-indagine-pd\/31-01-2012\/articolo-id=569782-page=0-comments=1\" target=\"_blank\"><strong>&#8220;imbucato&#8221; 13 milioni di euro di rimborsi elettorali della Margherita<\/strong><\/a> imbarazzando Bersani, Rutelli ed ex compagni di partito e che il Pd ha espulso dal gruppo di Palazzo Madama) . La seconda, di pochi giorni fa, alla quale ho fatto cenno in una risposta nel post precedente, riguarda invece l&#8217;<strong>ipotesi di imporre nuovi ticket sulla sanit\u00e0<\/strong> per far fronte ai buchi senza fine.\u00a0 Ovviamente &#8211; come per le nuove tasse ammantate di equit\u00e0, l&#8217;operazione &#8220;avanti con i ticket&#8221; compare all&#8217;interno di un &#8220;<strong>Patto per la Salute<\/strong>&#8221; di durata biennale che dovrebbe essere sottoscritto da <strong>governo<\/strong> e <strong>Regioni<\/strong>.<\/p>\n<p>Insomma, dopo l&#8217;arrivo\u00a0 dei ticket delle manovre precedenti con la solita facoltativit\u00e0 o meno lasciata alle Regioni che in realt\u00e0 non hanno fatto rinunce in merito&#8230;, la Commissione salute delle suddette ha elaborato una serie di proposte\u00a0 che prevedono &#8211; se andranno in porto &#8211;\u00a0 <strong>ticket<\/strong> su: pannoloni e ossigeno terapeutico a domicilio, su prodotti per i diabetici, su cibi per chi \u00e8 celiaco e pure sulle protesi. L&#8217;ipotesi &#8211; sar\u00e0 discussa l&#8217;8 febbraio &#8211; prevede di introdurre quindi altri costi aggiuntivi per i soliti noti. Si pensa a una sorta di &#8220;<strong>sanitometro<\/strong>&#8221; per questi <strong>malati cronici<\/strong>, modulando la tassa che aggraverebbe ancor di pi\u00f9 i bilanci familiari (ancora b\u00f2tte al ceto medio) e tra le ipotesi in ballo c&#8217;\u00e8 pure quella di <strong>innalzare l&#8217;et\u00e0 per le esenzioni dei ticket da 65 a 70 anni<\/strong>. Manca la tassa sui ricoveri, ma anche questa forse \u00e8 allo studio. Peggio per chi ha la sfortuna di essere colpito da una malattia invalidante&#8230; (dall&#8217;alzhaimer al diabete e via elencando). Gi\u00e0, perch\u00e9 il pozzo senza fondo della sanit\u00e0 italiana gestita dalle Regioni continua a ingoiare risorse, quindi&#8230; Vedremo come finir\u00e0, mentre il presidente della Conferenza delle regioni, <strong>Vasco Errani<\/strong> si affretta a precisare &#8211; anche il relazioni all&#8217;<strong>abbassamento dell&#8217;et\u00e0 pediatrica<\/strong> da 14 a 6 anni &#8211; che &#8220;le ipotesi circolate sono dunque diverse opzioni predisposte a livello tecnico ed istruttorio che non hanno avuto neanche un primo vaglio da parte degli Assessori alla Salute, n\u00e8 tantomeno hanno rappresentato la base della discussione all\u2019interno della Conferenza delle Regioni&#8221;.<\/p>\n<p>E se \u00e8 vero, come dice il presidente <strong>Napolitano<\/strong>, che l&#8217;Italia deve uscire dalla crisi pi\u00f9 &#8220;sobria e pi\u00f9 giusta&#8221;, \u00e8 anche vero che sulla strada della sobriet\u00e0 e della giustizia deve ancora essere fatta molta strada e serve pi\u00f9 coraggio, come ha ribadito il Capo dello Stato: &#8220;C\u2019\u00e8 molto conservatorismo e molta continuit\u00e0. Siamo alle prese con una riforma del Parlamento, si parla del superamento del bicameralismo perfetto, e non sar\u00e0 facile venirne fuori nonostante appelli e sollecitazioni&#8221;. Che ha aggiunto: &#8220;Anche dal <strong>livello regionale<\/strong> in gi\u00f9\u00a0 ci sono entit\u00e0 che si sono sovrapposte e accavallate, c\u2019\u00e8 molto ritardo nell\u2019affrontare questa situazione. C\u2019\u00e8 il tema delle<strong> Province<\/strong>: occorre fare un punto e scegliere una strada. Forse avremmo fatto bene a sceglierla 42 anni fa quando vennero eletti i Consigli regionali, quello era il momento per rivedere altre questioni istituzionali, ora bisogna mettere bene a fuoco il problema e risolverlo con razionalit\u00e0&#8221;. Gi\u00e0 perch\u00e9 il debito pubblico <em>monstre<\/em> non si riduce solo a colpi di ticket.<\/p>\n","protected":false},"excerpt":{"rendered":"<p><p>Nell&#8217;era dei professor Mario Monti e dei &#8220;tecnici&#8221; al governo fra nuove tasse, riforme stop and go, forconi e partiti in caduta di consensi, l&#8217;idea di trasformare gli italiani in spioni fiscali, delatori a pagamento (leggi l&#8217;articolo di Claudio Borghi), mi hanno colpito altre due &#8220;cosucce&#8221;. La prima \u00e8 quella del &#8220;taglio&#8221; con il trucco dello stipendio dei deputati che in realt\u00e0 mantengono lo stesso emolumento ma hanno cassato l&#8217;aumento che avrebbero dovuto percepire, rinunciando a 700 euro in pi\u00f9 (1.300 netti), che a questo punto ha davvero poco anche di simbolico, visto che alla fin fine diventa una sorta [&hellip;]<\/p>\n&nbsp;&nbsp;<div class=\"readmore\"><a href=\"https:\/\/blog.ilgiornale.it\/taliani\/2012\/01\/31\/finti-tagli-e-ticket-veri\/\">Continua a leggere...<\/a><\/div><\/p>","protected":false},"author":7,"featured_media":0,"comment_status":"open","ping_status":"closed","sticky":false,"template":"","format":"standard","meta":[],"categories":[64],"tags":[7988,256466,7983,7989,752,7987,5753,6749,7992,7986,7993,7990,2911,139,2886,7981,7994,7979,7985,7980,7991],"_links":{"self":[{"href":"https:\/\/blog.ilgiornale.it\/taliani\/wp-json\/wp\/v2\/posts\/601"}],"collection":[{"href":"https:\/\/blog.ilgiornale.it\/taliani\/wp-json\/wp\/v2\/posts"}],"about":[{"href":"https:\/\/blog.ilgiornale.it\/taliani\/wp-json\/wp\/v2\/types\/post"}],"author":[{"embeddable":true,"href":"https:\/\/blog.ilgiornale.it\/taliani\/wp-json\/wp\/v2\/users\/7"}],"replies":[{"embeddable":true,"href":"https:\/\/blog.ilgiornale.it\/taliani\/wp-json\/wp\/v2\/comments?post=601"}],"version-history":[{"count":17,"href":"https:\/\/blog.ilgiornale.it\/taliani\/wp-json\/wp\/v2\/posts\/601\/revisions"}],"predecessor-version":[{"id":619,"href":"https:\/\/blog.ilgiornale.it\/taliani\/wp-json\/wp\/v2\/posts\/601\/revisions\/619"}],"wp:attachment":[{"href":"https:\/\/blog.ilgiornale.it\/taliani\/wp-json\/wp\/v2\/media?parent=601"}],"wp:term":[{"taxonomy":"category","embeddable":true,"href":"https:\/\/blog.ilgiornale.it\/taliani\/wp-json\/wp\/v2\/categories?post=601"},{"taxonomy":"post_tag","embeddable":true,"href":"https:\/\/blog.ilgiornale.it\/taliani\/wp-json\/wp\/v2\/tags?post=601"}],"curies":[{"name":"wp","href":"https:\/\/api.w.org\/{rel}","templated":true}]}}