{"id":620,"date":"2012-02-07T14:09:26","date_gmt":"2012-02-07T13:09:26","guid":{"rendered":"https:\/\/blog.ilgiornale.it\/taliani\/?p=620"},"modified":"2012-02-08T23:37:54","modified_gmt":"2012-02-08T22:37:54","slug":"nichi-va-alla-guerra-di-classe","status":"publish","type":"post","link":"https:\/\/blog.ilgiornale.it\/taliani\/2012\/02\/07\/nichi-va-alla-guerra-di-classe\/","title":{"rendered":"Nichi va alla guerra (di classe)"},"content":{"rendered":"<p>[photopress:vendola_bersani.jpg,thumb,alignleft]\u00a0Mentre infuria la polemica sui mammoni e sull\u2019illusione del <a title=\"governo e illusione del posto fisso\" href=\"https:\/\/www.ilgiornale.it\/interni\/addio_posto_fisso_e_vicino_casa_nuova_scossa_governo_lavoro\/07-02-2012\/articolo-id=570835-page=0-comments=1\" target=\"_blank\"><strong>posto fisso<\/strong><\/a> garantito (<em>copyright<\/em> ministri Cancellieri e Fornero) che scandisce, con qualche preoccupazione da parte del premier Mario Monti, la marcia di avvicinamento alla riforma del lavoro che nelle intenzioni del governo dovr\u00e0 portare pi\u00f9 flessibilit\u00e0 in entrata, riduzioni dei contratti atipici, del precariato figlio dell\u2019articolo 18, e introdurre la flessibilit\u00e0 in uscita, si alza il livello di guardia nella sinistra e inevitabilmente, nel Pd.<\/p>\n<p>Il partito di <strong>Bersani<\/strong> infatti \u00e8 diviso: chi sta con il governo, chi con la Cgil\u00a0 (la <strong>Camusso<\/strong> \u00e8 ferma sul punto, <strong>Cisl<\/strong> e <strong>Uil<\/strong> vogliono comunque discutere o meglio &#8220;concertare&#8221;). E quando si arriver\u00e0 al voto in Parlamento non sar\u00e0 una passeggiata, perch\u00e9 anche i piddini si conteranno e potr\u00e0 succedere di tutto. Cos\u00ec Bersani dice a <em>Repubblica<\/em>: &#8220;I partiti non possono permettersi di accendere fuochi. <strong>Noi stiamo zitti e non interferiamo su questo tema<\/strong>. C\u2019\u00e8 un tavolo del governo con le parti sociali. Accetteremo qualunque accordo nato in quella sede. Abbiamo le nostre proposte innovative che non toccano l\u2019articolo 18. Ma non escludiamo perfezionamenti nella sua gestione a cominciare dai percorsi giurisdizionali. Vorremmo rivoltare l\u2019agenda partendo dalla domanda: come si crea un po\u2019 di lavoro?&#8221;.<\/p>\n<p>Ma da sinistra-sinistra arriva <strong>Nichi Vendola<\/strong> che sventola come fosse una clava la bandiera rossa in stile bertinottiano (ricordate la battaglia di Rifondazione sulle 35 ore?) e avverte: &#8220;<strong>L\u2019idea di modificare l\u2019articolo 18 equivale a una dichiarazione di guerra di classe<\/strong>&#8220;. Nichi spiega infatti, intervistato dal free press<em> Pocket<\/em>: &#8220;Le risposte di Monti non sono molto diverse da quelle di Tremonti, se non in termini di stile. E dunque avanti con l\u2019attacco ai ceti medio-bassi, col razionamento delle risorse del welfare, con una gigantesca opera di propaganda che spaccia il topolino delle liberalizzazioni come la montagna in grado di invertire la decrescita economica&#8221;. Poi rispolvera la foto del &#8220;patto di Vasto&#8221; che pare sempre pi\u00f9 ingiallita: &#8220;Non vogliamo porre veti aprioristici a una qualche forma di accordo con i moderati. Ma se accordo vuol dire suicidio per i progressisti e incoronazione dei moderati, allora \u00e8 inutile anche parlarne. Non ci tengo a morire democristiano&#8221;.<\/p>\n<p>E rincara la dose: &#8220;Il popolo (non i partiti) hanno cambiato Milano e Napoli, \u00e8 il popolo che con il referendum e le amministrative ha dato una risposta inequivocabile alle culture liberiste&#8230; In Europa dalla terza via di Blair, a Schroeder, al socialismo mediterraneo, <strong>la sinistra \u00e8 slittata sul terreno di un neo-liberismo temperato<\/strong>. Ma questa opzione \u00e8 fallita: la sinistra che governava il 90% dei Paesi europei produce l\u2019Europa di oggi che al 90% \u00e8 governata dalla destra&#8221;.<\/p>\n<p>Parole chiarissime per chi ha orecchi per ascoltare, nel Pd. Rivolte all\u2019ala del partito malpancista che vede come il fumo negli occhi\u00a0<strong>neo-montiani<\/strong> alla Letta e riformisti e per ora tiene sulla linea del patto Bersani-Camusso sulla riforma del lavoro (<a title=\"Art. 18: Cgil e Pd tentati dalla piazza\" href=\"https:\/\/www.ilgiornale.it\/interni\/articolo_18_cgil_e_pd_tentati_piazza\/07-02-2012\/articolo-id=570838-page=0-comments=1\" target=\"_blank\"><strong>leggi: Cgil e Pd tentati dalla piazza<\/strong><\/a>). E rivolti all&#8217;ala massimalista del <strong>Fiom<\/strong>\u2026 Vendola gioca le sue carte, pronto a raccoglie delusi e disullusi nella braccia del <strong>Quarto Polo<\/strong> che vuol mettere in piedi con <strong>Di Pietro<\/strong>. Pronto a guidare la nuova lotta di classe e a forzare la mano al Pd anche perch\u00e9 teme che passi una <strong>riforma elettorale<\/strong> in grado di rafforzare il bipolarismo e tagliare di fatto le unghie a partiti minori ( che sul fronte opposto vede impegnata nel fuoco di sbarramento anche la Lega). Vendola non solo non vuole morire democristiano, ma a quanto pare nemmeno piddino. Bersani \u00e8 avvertito.<\/p>\n<p><a title=\"Il Wsj: art. 18 relitto degli anni Settanta, aumenta la disoccupazione\" href=\"https:\/\/www.ilgiornale.it\/interni\/il_wsj_sularticolo_18e_relitto_anni_70aumenta_disoccupazione\/wall_street_journal-minaccia-crescita_economica-articolo_18-ministro_elsa_fornero-sindacati\/07-02-2012\/articolo-id=570970-page=0-comments=1\" target=\"_blank\"><strong>Il Wall Street Journal: l&#8217;art. 18 relitto degli anni &#8217;70, aumenta la disoccupazione<\/strong><\/a> di <em>Domenico Ferrara<\/em><\/p>\n<p><a title=\"video: lacrime e dichirazioni choc dei tecnici al governo\" href=\"https:\/\/www.ilgiornale.it\/video\/tecnici_sopra_righe\/id=governo_polemiche?\" target=\"_blank\"><strong>VIDEO \/ I tecnici sopra le righe: lacrime, dichiarazioni e polemiche<\/strong><\/a><\/p>\n","protected":false},"excerpt":{"rendered":"<p><p>[photopress:vendola_bersani.jpg,thumb,alignleft]\u00a0Mentre infuria la polemica sui mammoni e sull\u2019illusione del posto fisso garantito (copyright ministri Cancellieri e Fornero) che scandisce, con qualche preoccupazione da parte del premier Mario Monti, la marcia di avvicinamento alla riforma del lavoro che nelle intenzioni del governo dovr\u00e0 portare pi\u00f9 flessibilit\u00e0 in entrata, riduzioni dei contratti atipici, del precariato figlio dell\u2019articolo 18, e introdurre la flessibilit\u00e0 in uscita, si alza il livello di guardia nella sinistra e inevitabilmente, nel Pd. Il partito di Bersani infatti \u00e8 diviso: chi sta con il governo, chi con la Cgil\u00a0 (la Camusso \u00e8 ferma sul punto, Cisl e Uil vogliono [&hellip;]<\/p>\n&nbsp;&nbsp;<div class=\"readmore\"><a href=\"https:\/\/blog.ilgiornale.it\/taliani\/2012\/02\/07\/nichi-va-alla-guerra-di-classe\/\">Continua a leggere...<\/a><\/div><\/p>","protected":false},"author":7,"featured_media":0,"comment_status":"open","ping_status":"closed","sticky":false,"template":"","format":"standard","meta":[],"categories":[5465,106,5706,7998,7997,6918,64,827],"tags":[8157,256466,256469,5705,828,65,8000,6752,8156,6788,7999,2909,88,256468],"_links":{"self":[{"href":"https:\/\/blog.ilgiornale.it\/taliani\/wp-json\/wp\/v2\/posts\/620"}],"collection":[{"href":"https:\/\/blog.ilgiornale.it\/taliani\/wp-json\/wp\/v2\/posts"}],"about":[{"href":"https:\/\/blog.ilgiornale.it\/taliani\/wp-json\/wp\/v2\/types\/post"}],"author":[{"embeddable":true,"href":"https:\/\/blog.ilgiornale.it\/taliani\/wp-json\/wp\/v2\/users\/7"}],"replies":[{"embeddable":true,"href":"https:\/\/blog.ilgiornale.it\/taliani\/wp-json\/wp\/v2\/comments?post=620"}],"version-history":[{"count":11,"href":"https:\/\/blog.ilgiornale.it\/taliani\/wp-json\/wp\/v2\/posts\/620\/revisions"}],"predecessor-version":[{"id":632,"href":"https:\/\/blog.ilgiornale.it\/taliani\/wp-json\/wp\/v2\/posts\/620\/revisions\/632"}],"wp:attachment":[{"href":"https:\/\/blog.ilgiornale.it\/taliani\/wp-json\/wp\/v2\/media?parent=620"}],"wp:term":[{"taxonomy":"category","embeddable":true,"href":"https:\/\/blog.ilgiornale.it\/taliani\/wp-json\/wp\/v2\/categories?post=620"},{"taxonomy":"post_tag","embeddable":true,"href":"https:\/\/blog.ilgiornale.it\/taliani\/wp-json\/wp\/v2\/tags?post=620"}],"curies":[{"name":"wp","href":"https:\/\/api.w.org\/{rel}","templated":true}]}}