{"id":64,"date":"2008-11-14T15:30:08","date_gmt":"2008-11-14T14:30:08","guid":{"rendered":"https:\/\/blog.ilgiornale.it\/taliani\/2008\/11\/14\/quellonda-che-non-travolge-le-gelmini\/"},"modified":"2008-11-14T20:09:56","modified_gmt":"2008-11-14T19:09:56","slug":"quellonda-che-non-travolge-le-gelmini","status":"publish","type":"post","link":"https:\/\/blog.ilgiornale.it\/taliani\/2008\/11\/14\/quellonda-che-non-travolge-le-gelmini\/","title":{"rendered":"Quell&#8217;Onda che non travolge le Gelmini"},"content":{"rendered":"<p>[photopress:UNIVERSI.JPG,thumb,alignleft]\u00a0Ancora in piazza, ancora contro il governo e il ministro dell&#8217;Istruzione Mariastella Gelmini. Studenti e sindacati (non tutti per la verit\u00e0, visto che la Cisl e Snals Confsal si sono sfilati dalla protesta). Il copione di &#8220;protesta continua&#8221; si ripete, compreso quello del &#8220;siamo in&#8230;.&#8221;. Anche se quanti sono non conta molto, in realt\u00e0. Bisognerebbe contare quanti studenti e quanti insegnanti sono rimasti in aula&#8230; ma questo non si pu\u00f2, non \u00e8 politicamente corretto, soprattutto visto da sinistra.\u00a0 Non marciano in piazza? Non contano niente, peggio per loro.<br \/>\nInfatti il segretario della Cgil Gugliemo Epifani grida tranquillamente dal palco &#8220;chi non \u00e8 qui sbaglia&#8221;. Ma \u00e8 davvero cos\u00ec? Non \u00e8 che a sbagliare, qualche volta (non sempre per carit\u00e0) si proprio Epifani? Bisognerebbe chiederlo a chi non era in piazza a Roma, a chi non condivide la protesta, la sua politicizzazione, la politica del &#8220;no&#8221; ad ogni pi\u00e8 sospinto. Ma tant&#8217;\u00e8, ai rituali ci si abitua. L&#8217;Onda deve fare il suo corso, magari trasformandosi come si augurano molti manifestanti, in uno tsunami politico. Poco importa se si protesta contro la riforma universitaria che non in realt\u00e0 ancora non c&#8217;\u00e8. Poco importa se si \u00e8 posto mano alle regole dei concorsi. L&#8217;importante \u00e8 dire no. E in piazza.<br \/>\nPoi si scopre che magari la Gelmini qualcosa di giusto lo sta facendo e che non sar\u00e0 travolta dall&#8217;Onda. &#8220;Onore al merito di chi cerca di rivalutare il merito&#8221; ha scritto sul <em>Corriere<\/em> il professor Giovanni Sartori. Che promuove il maestro unico, il ritorno al voto e al voto in condotta e se la prende con i tantissimi &#8220;baroncini&#8221; in cattedra troppo speso non all&#8217;altezza di ci\u00f2 che dovrebbero insegnare.<br \/>\nE che dire dell&#8217;<em>Economist<\/em>? Torna ancora sull&#8217;argomento (ma come, si schiera dalla parte del governo berlusconi?) e scrive sull&#8217;ultimo numero che la riforma della Gelmini, &#8220;merita di trovare udienza&#8221;. Il settimanale d\u00e0 giudizi abbastanza pesanti sullo stato dell\u2019universit\u00e0 italiana, prigioniera di &#8220;baroni&#8221; che hanno &#8220;potere di vita e morte accademica&#8221; e contribuiscono a alimentare i fenomeni &#8220;diffusi&#8221; del &#8220;nepotismo e del favoritismo&#8221;. &#8220;Lo schema pi\u00f9 comune \u00e8 quello di uniforme mediocrit\u00e0&#8221;, scrive l\u2019<em>Economist<\/em>, il quale fa notare che &#8220;nessuna istituzione italiana \u00e8 nelle 100 migliori universit\u00e0 del 2008&#8221;. Negli ultimi anni i baroni, si continua, hanno esercitato &#8220;un\u2019influenza notevole sui governi, in particolare quelli di centro-sinistra, e sono riusciti a seppellire molti tentativi di riforma&#8221;.<br \/>\nMa ora, con &#8220;cinque universit\u00e0 in bancarotta&#8221; il &#8220;bisogno di cambiamento \u00e8 pressante&#8221;,\u00a0 il progetto della Gelmini\u00a0 punta alla modifica del processo di selezione dei docenti universitari e dei ricercatori, a &#8220;evitare abusi&#8221; e alla &#8220;creazione di finanziamenti per sussidi agli studenti e per gli alloggi&#8221;. &#8220;Dovrebbe essere una buona notizia per gli studenti e gli insegnanti, ma gli studenti hanno dato vita a proteste in tutto il Paese&#8221;.<br \/>\nMa no, anche il professor Sartori e l&#8217;<em>Economist<\/em> sbagliano, naturalmente. Come va fatta la riforma dell&#8217;universit\u00e0 dovrebbero chiederlo a Epifani e ai sindacalisti in prima fila in piazza e negli istituti. Loro, di scuola, s\u00ec che se ne intendono. E i risultati in questi anni si sono visti. Senza ironia, per carit\u00e0. A proposito: perch\u00e9 sul decreto 180 del governo\u00a0 che tratta di diritto allo studio, premio al merito, lotta ai baronati neanche una parola?<\/p>\n<p><a href=\"https:\/\/www.ilgiornale.it\/a.pic1?ID=306118\" target=\"_blank\"><strong>COME FUNZIONA L&#8217;UNIVERSITA&#8217; IN GERMANIA, GRAN BRETAGNA E FRANCIA<\/strong><\/a><\/p>\n","protected":false},"excerpt":{"rendered":"<p><p>[photopress:UNIVERSI.JPG,thumb,alignleft]\u00a0Ancora in piazza, ancora contro il governo e il ministro dell&#8217;Istruzione Mariastella Gelmini. Studenti e sindacati (non tutti per la verit\u00e0, visto che la Cisl e Snals Confsal si sono sfilati dalla protesta). Il copione di &#8220;protesta continua&#8221; si ripete, compreso quello del &#8220;siamo in&#8230;.&#8221;. Anche se quanti sono non conta molto, in realt\u00e0. Bisognerebbe contare quanti studenti e quanti insegnanti sono rimasti in aula&#8230; ma questo non si pu\u00f2, non \u00e8 politicamente corretto, soprattutto visto da sinistra.\u00a0 Non marciano in piazza? Non contano niente, peggio per loro. Infatti il segretario della Cgil Gugliemo Epifani grida tranquillamente dal palco &#8220;chi [&hellip;]<\/p>\n&nbsp;&nbsp;<div class=\"readmore\"><a href=\"https:\/\/blog.ilgiornale.it\/taliani\/2008\/11\/14\/quellonda-che-non-travolge-le-gelmini\/\">Continua a leggere...<\/a><\/div><\/p>","protected":false},"author":7,"featured_media":0,"comment_status":"open","ping_status":"closed","sticky":false,"template":"","format":"standard","meta":[],"categories":[1],"tags":[],"_links":{"self":[{"href":"https:\/\/blog.ilgiornale.it\/taliani\/wp-json\/wp\/v2\/posts\/64"}],"collection":[{"href":"https:\/\/blog.ilgiornale.it\/taliani\/wp-json\/wp\/v2\/posts"}],"about":[{"href":"https:\/\/blog.ilgiornale.it\/taliani\/wp-json\/wp\/v2\/types\/post"}],"author":[{"embeddable":true,"href":"https:\/\/blog.ilgiornale.it\/taliani\/wp-json\/wp\/v2\/users\/7"}],"replies":[{"embeddable":true,"href":"https:\/\/blog.ilgiornale.it\/taliani\/wp-json\/wp\/v2\/comments?post=64"}],"version-history":[{"count":0,"href":"https:\/\/blog.ilgiornale.it\/taliani\/wp-json\/wp\/v2\/posts\/64\/revisions"}],"wp:attachment":[{"href":"https:\/\/blog.ilgiornale.it\/taliani\/wp-json\/wp\/v2\/media?parent=64"}],"wp:term":[{"taxonomy":"category","embeddable":true,"href":"https:\/\/blog.ilgiornale.it\/taliani\/wp-json\/wp\/v2\/categories?post=64"},{"taxonomy":"post_tag","embeddable":true,"href":"https:\/\/blog.ilgiornale.it\/taliani\/wp-json\/wp\/v2\/tags?post=64"}],"curies":[{"name":"wp","href":"https:\/\/api.w.org\/{rel}","templated":true}]}}