{"id":654,"date":"2012-02-15T01:47:56","date_gmt":"2012-02-15T00:47:56","guid":{"rendered":"https:\/\/blog.ilgiornale.it\/taliani\/?p=654"},"modified":"2012-02-19T12:09:19","modified_gmt":"2012-02-19T11:09:19","slug":"sanremo-no-e-il-festival-di-adriano-il-predicatore","status":"publish","type":"post","link":"https:\/\/blog.ilgiornale.it\/taliani\/2012\/02\/15\/sanremo-no-e-il-festival-di-adriano-il-predicatore\/","title":{"rendered":"Sanremo? No. E&#8217; il Festival di Adriano il Predicatore&#8230;"},"content":{"rendered":"<p>[photopress:adriano_celentano.jpg,thumb,alignleft]Adriano Celentano &#8220;occupa&#8221; il Festival di Sanremo per un&#8217;ora, &#8220;molleggia&#8221; con le parole e sparacchia contro tutto e tutti perch\u00e9 questo \u00e8 il bello della diretta su Rai Uno, televisione di Stato. Ma Adriano non \u00e8 rock, stavolta, piuttosto \u00e8 lento con quel tono messianico, impegnato nel recitare il copione dell&#8217;invettiva.<\/p>\n<p>Quel lungo sermone sull&#8217;ex palco dei garofani e delle canzonette \u00e8 una girandola di attacchi, fra un sorso d&#8217;acqua e l&#8217;altro, avanti e indietro con il bicchiere in mano: ai preti e ai frati che non parlano del Paradiso, all&#8217;<em>Avvenire<\/em> e a <em>Famiglia Cristiana<\/em> che sono da chiudere (evidentemente vuol dare il suo contibuto ai tagli all&#8217;editoria), alla Corte Costituzionale per il no al referendum elettorale, al governo Monti che definisce &#8220;materiale di ottima resistenza, apparentemente indipendente, facile all&#8217;ossido dei partiti&#8221;. E via con le &#8220;celentanate&#8221; varie, incluso l&#8217;attacco ad personam contro il critico tv del <em>Corriere<\/em> Aldo Grasso e al dg della Rai Lorenza Lei con la difesa &#8220;politicamente corretta&#8221; di Santoro&#8230;.<\/p>\n<p>Su Rai Uno, sul quel palco simbolo dello spettacolo nazional-popolare \u00e8 andata in scena una strana riedizione di Jesus Christ Superstar (l&#8217;Adriano medesimo) de noantri, fra politica e antipolitica. Il gospel del Re degli Ignoranti. Che ha fatto il giro di internet: da facebook a twitter fino ai commenti agli articoli dei siti. E il popolo del web ha bocciato Celentano. Una web giuria a cui quel sermone proprio non \u00e8 andato gi\u00f9. Leggere per credere. Poi sul palco arrivano la Canalis e Belen, si tira il fiato, era ora&#8230; Ma per favore, non chiamatelo Festival di Sanremo, altrimenti Adriano si potrebbe arrabbiare, lui \u00e8 un one show man, il festival \u00e8 suo. <strong>E voi cosa ne pensate?<\/strong><\/p>\n<p><strong>Post-festival.<\/strong> Un piccolo aggiornamento. Le luci di Sanremo si sono spente, Emma a vinto (per forza, era il festival della canzonetta) e Adriano non si \u00e8 scusato con i vescovi ma ha insistito, beccandosi pure i fischi. E&#8217; il bello della diretta. Inutile prendersela &#8220;qualunquemente&#8221; con i media ostili, meno male che Celentano ha risparmiato chi l&#8217;ha criticato sulla rete (non quella Rai): il vero verdetto sulla telepredica \u00e8 arrivato dal popolo web e l\u00ec c&#8217;\u00e8 poco da invocare chiusure&#8230;<\/p>\n<p><a href=\"https:\/\/www.ilgiornale.it\/sanremo_2012\/sanremo_ascolti_boom_prima_seratagli_attacchi_celentano_scatenano_putiferio\/famiglia_cristiana-celentano-festival-sanremo-avvenire\/15-02-2012\/articolo-id=572291-page=0-comments=1\" target=\"_blank\"><strong>I vescovi: &#8220;Si dovrebbe scusare&#8230;&#8221;<\/strong><\/a><\/p>\n","protected":false},"excerpt":{"rendered":"<p><p>[photopress:adriano_celentano.jpg,thumb,alignleft]Adriano Celentano &#8220;occupa&#8221; il Festival di Sanremo per un&#8217;ora, &#8220;molleggia&#8221; con le parole e sparacchia contro tutto e tutti perch\u00e9 questo \u00e8 il bello della diretta su Rai Uno, televisione di Stato. Ma Adriano non \u00e8 rock, stavolta, piuttosto \u00e8 lento con quel tono messianico, impegnato nel recitare il copione dell&#8217;invettiva. Quel lungo sermone sull&#8217;ex palco dei garofani e delle canzonette \u00e8 una girandola di attacchi, fra un sorso d&#8217;acqua e l&#8217;altro, avanti e indietro con il bicchiere in mano: ai preti e ai frati che non parlano del Paradiso, all&#8217;Avvenire e a Famiglia Cristiana che sono da chiudere (evidentemente [&hellip;]<\/p>\n&nbsp;&nbsp;<div class=\"readmore\"><a href=\"https:\/\/blog.ilgiornale.it\/taliani\/2012\/02\/15\/sanremo-no-e-il-festival-di-adriano-il-predicatore\/\">Continua a leggere...<\/a><\/div><\/p>","protected":false},"author":7,"featured_media":0,"comment_status":"open","ping_status":"closed","sticky":false,"template":"","format":"standard","meta":[],"categories":[9134],"tags":[9135,9147,9145,9141,9142,9143,9136,9137,6749,6752,9148,9139,9138,9146,3392,9144],"_links":{"self":[{"href":"https:\/\/blog.ilgiornale.it\/taliani\/wp-json\/wp\/v2\/posts\/654"}],"collection":[{"href":"https:\/\/blog.ilgiornale.it\/taliani\/wp-json\/wp\/v2\/posts"}],"about":[{"href":"https:\/\/blog.ilgiornale.it\/taliani\/wp-json\/wp\/v2\/types\/post"}],"author":[{"embeddable":true,"href":"https:\/\/blog.ilgiornale.it\/taliani\/wp-json\/wp\/v2\/users\/7"}],"replies":[{"embeddable":true,"href":"https:\/\/blog.ilgiornale.it\/taliani\/wp-json\/wp\/v2\/comments?post=654"}],"version-history":[{"count":14,"href":"https:\/\/blog.ilgiornale.it\/taliani\/wp-json\/wp\/v2\/posts\/654\/revisions"}],"predecessor-version":[{"id":659,"href":"https:\/\/blog.ilgiornale.it\/taliani\/wp-json\/wp\/v2\/posts\/654\/revisions\/659"}],"wp:attachment":[{"href":"https:\/\/blog.ilgiornale.it\/taliani\/wp-json\/wp\/v2\/media?parent=654"}],"wp:term":[{"taxonomy":"category","embeddable":true,"href":"https:\/\/blog.ilgiornale.it\/taliani\/wp-json\/wp\/v2\/categories?post=654"},{"taxonomy":"post_tag","embeddable":true,"href":"https:\/\/blog.ilgiornale.it\/taliani\/wp-json\/wp\/v2\/tags?post=654"}],"curies":[{"name":"wp","href":"https:\/\/api.w.org\/{rel}","templated":true}]}}