{"id":690,"date":"2012-02-24T11:09:43","date_gmt":"2012-02-24T10:09:43","guid":{"rendered":"https:\/\/blog.ilgiornale.it\/taliani\/?p=690"},"modified":"2012-02-28T14:49:45","modified_gmt":"2012-02-28T13:49:45","slug":"bersani-stretta-e-la-via","status":"publish","type":"post","link":"https:\/\/blog.ilgiornale.it\/taliani\/2012\/02\/24\/bersani-stretta-e-la-via\/","title":{"rendered":"Bersani, stretta \u00e8 la via&#8230;"},"content":{"rendered":"<p>[photopress:bersani_monti.jpg,thumb,alignleft]Forse non c&#8217;\u00e8 immagine pi\u00f9 evocativa di quella foto del segretario del Pd <strong>Bersani<\/strong> seduto, solitario e pensoso, al tavolo di un&#8217;osteria davanti a una birra per capire le difficolt\u00e0 che attanagliano &#8211; e lacerano &#8211; i Democratici. Partito che appoggia il <strong>governo Monti<\/strong> fra malumori, opposizioni interne e scontri, strapazzato da una parte all&#8217;altra con il segretario che fa la parte del pollo di Renzo. Il Partito Disunito infatti \u00e8 alle prese con il convitato di pietra riforma del welfare &#8211; articolo 18. Il patto con la <strong>Camusso<\/strong>, segretaria della Cgil, il balletto dei\u00a0 si &#8211; no &#8211; ma&#8230; alla partecipazione di esponenti piddini allo sciopero proclamato dalla Fiom, l&#8217;uscita di <strong>Veltroni<\/strong> e dei <strong>Monti-boys<\/strong> democratici sul tab\u00f9 dell&#8217;art.18 da abbattere, stanno tracciando un solco di divisioni che si fa sempre pi\u00f9 ampio.<\/p>\n<p>Dire s\u00ec al Professore bocconiano e alla<strong> Fornero<\/strong> spalanca le porte, a sinistra, al Quarto Polo di <strong>Vendola<\/strong> e <strong>Di Pietro<\/strong> sul fronte della<strong> Cgil<\/strong>. Dire no alla riforma del lavoro significherebbe invece tornare a innalzare la foto del <strong>Patto di Vasto<\/strong>&#8230; Dire &#8220;ni&#8221; (ovvero astenersi) servirebbe solo a guadagnare tempo prima della resa dei conti interni nel partito fra l&#8217;ala liberal e riformista e quella massimalista. &#8220;Se salta il tavolo si rischia il liberi tutti&#8221;, ha detto Bersani incontrando Monti (che ha elogiato la riforma del lavoro spagnola). Gi\u00e0, perch\u00e9 anche nel Pd si andrebbe al liberi tutti, aggiungo. Nella stretta tra sindacati e Monti boys in cui \u00e8 stato chiuso, la via che Bersani deve percorre \u00e8 davvero stretta&#8230; <strong>Franceschini<\/strong> ammonisce che il Pd non pu\u00f2 tenere il governo a bagnomaria e <strong>Fioroni<\/strong> avverte che il partito sta diventando un &#8220;complicatore&#8221; e non un &#8220;facilitatore&#8221; dell&#8217;intesa sulla riforma di lavoro e welfare tra sindacati e governo.<\/p>\n<p>Insomma, Bersani \u00e8 un <strong>leader sotto assedio<\/strong> e la sua leadership \u00e8 continuamente messa in discussione sotto la spada di Damocle di una scissione che potrebbe partire dall&#8217;ala riformista ma anche da quella &#8220;gauchista&#8221;. Quel sostegno al governo che i Monti boys vogliono &#8220;senza ombre&#8221; pesa come un macigno.\u00a0 &#8221; <strong>Fare ogni sforzo per trovare l&#8217;accordo<\/strong>&#8220;, ripete il segretario che non ha certo intenzione di spaccare la maggioranza che appoggia i &#8220;tecnici&#8221; a Palazzo Chigi ma ammonisce: &#8220;Attenti a parlare di intesa senza le parti sociali&#8221;. Mentre il presidente<strong> Giorgio Napolitano<\/strong> insiste sulle riforme e il governatore della Bce <strong>Mario Draghi<\/strong> da Bruxelles ribadisce:<strong><\/strong> &#8220;<strong>Subito la riforma del lavoro. Il welfare europeo \u00e8 morto<\/strong>&#8220;.<br \/>\nBaster\u00e0 la mossa di Bersani a non far morire anche il Pd? Stretta \u00e8 la via&#8230; Che ne pensate?<\/p>\n<p><a title=\"veltroni, atr 18 e primarie pd\" href=\"https:\/\/www.ilgiornale.it\/interni\/veltroni_articolo_18questione_non_decisivapoi_rilancia_primarie\/riforme_lavoro-articolo_18-veltroni-pd-primarie\/26-02-2012\/articolo-id=574305-page=0-comments=1\"><strong>Veltroni, l&#8217;art. 18 e le primarie del Pd&#8230;<\/strong><\/a><\/p>\n<p><a title=\"Bersani ha il cappio al collo\" href=\"https:\/\/www.ilgiornale.it\/interni\/ora_bersani_ha_cappio_collo\/24-02-2012\/articolo-id=573768-page=0-comments=1\" target=\"_blank\"><strong>Adesso Bersani ha il cappio al collo<\/strong><\/a> di <em>Fabrizio Rondolino<\/em><\/p>\n","protected":false},"excerpt":{"rendered":"<p><p>[photopress:bersani_monti.jpg,thumb,alignleft]Forse non c&#8217;\u00e8 immagine pi\u00f9 evocativa di quella foto del segretario del Pd Bersani seduto, solitario e pensoso, al tavolo di un&#8217;osteria davanti a una birra per capire le difficolt\u00e0 che attanagliano &#8211; e lacerano &#8211; i Democratici. Partito che appoggia il governo Monti fra malumori, opposizioni interne e scontri, strapazzato da una parte all&#8217;altra con il segretario che fa la parte del pollo di Renzo. Il Partito Disunito infatti \u00e8 alle prese con il convitato di pietra riforma del welfare &#8211; articolo 18. Il patto con la Camusso, segretaria della Cgil, il balletto dei\u00a0 si &#8211; no &#8211; ma&#8230; [&hellip;]<\/p>\n&nbsp;&nbsp;<div class=\"readmore\"><a href=\"https:\/\/blog.ilgiornale.it\/taliani\/2012\/02\/24\/bersani-stretta-e-la-via\/\">Continua a leggere...<\/a><\/div><\/p>","protected":false},"author":7,"featured_media":0,"comment_status":"open","ping_status":"closed","sticky":false,"template":"","format":"standard","meta":[],"categories":[64],"tags":[6794,837,256466,256469,2903,5705,828,6767,7978,5753,99,9154,6752,5718,9155,59,256467,46,6768,5719,6773,256468,6766],"_links":{"self":[{"href":"https:\/\/blog.ilgiornale.it\/taliani\/wp-json\/wp\/v2\/posts\/690"}],"collection":[{"href":"https:\/\/blog.ilgiornale.it\/taliani\/wp-json\/wp\/v2\/posts"}],"about":[{"href":"https:\/\/blog.ilgiornale.it\/taliani\/wp-json\/wp\/v2\/types\/post"}],"author":[{"embeddable":true,"href":"https:\/\/blog.ilgiornale.it\/taliani\/wp-json\/wp\/v2\/users\/7"}],"replies":[{"embeddable":true,"href":"https:\/\/blog.ilgiornale.it\/taliani\/wp-json\/wp\/v2\/comments?post=690"}],"version-history":[{"count":18,"href":"https:\/\/blog.ilgiornale.it\/taliani\/wp-json\/wp\/v2\/posts\/690\/revisions"}],"predecessor-version":[{"id":709,"href":"https:\/\/blog.ilgiornale.it\/taliani\/wp-json\/wp\/v2\/posts\/690\/revisions\/709"}],"wp:attachment":[{"href":"https:\/\/blog.ilgiornale.it\/taliani\/wp-json\/wp\/v2\/media?parent=690"}],"wp:term":[{"taxonomy":"category","embeddable":true,"href":"https:\/\/blog.ilgiornale.it\/taliani\/wp-json\/wp\/v2\/categories?post=690"},{"taxonomy":"post_tag","embeddable":true,"href":"https:\/\/blog.ilgiornale.it\/taliani\/wp-json\/wp\/v2\/tags?post=690"}],"curies":[{"name":"wp","href":"https:\/\/api.w.org\/{rel}","templated":true}]}}