{"id":710,"date":"2012-02-28T18:08:01","date_gmt":"2012-02-28T17:08:01","guid":{"rendered":"https:\/\/blog.ilgiornale.it\/taliani\/?p=710"},"modified":"2012-03-04T19:34:06","modified_gmt":"2012-03-04T18:34:06","slug":"veltroni-vendola-ceramo-tanto-amati","status":"publish","type":"post","link":"https:\/\/blog.ilgiornale.it\/taliani\/2012\/02\/28\/veltroni-vendola-ceramo-tanto-amati\/","title":{"rendered":"Veltroni &amp; Vendola, c&#8217;eravamo tanto amati&#8230;"},"content":{"rendered":"<p>[photopress:walter_veltroni.jpg,thumb,alignleft]Chi \u00e8 di destra e chi \u00e8 di sinistra, a sinistra&#8230; Sembra una battuta ma in realt\u00e0 \u00e8 un siparietto velenoso fra accuse, scomuniche e richiesta di scuse tra <strong>Walter Veltroni<\/strong> e <strong>Nichi Vendola<\/strong>, una sorta di <em>remake<\/em> politico della serie &#8220;c&#8217;eravamo tanto amati&#8230; (ma non troppo)&#8221;.\u00a0 Gi\u00e0 perch\u00e9 al buon Walter, non \u00e8 andata gi\u00f9 l&#8217;ultima accusa lanciatagli dal pupillo di <strong>Fausto Bertinotti<\/strong>,\u00a0 ora leader del Sel e tessitore del Quarto Polo con <strong>Di Pietro<\/strong>, che ha definito le idee dell&#8217;ex segretario del Pd &#8211; <a title=\"Veltroni strappa la tela del Pd. E per Vendola \u00e8 di destra...\" href=\"https:\/\/blog.ilgiornale.it\/taliani\/2012\/02\/20\/veltroni-strappa-la-tela-di-bersani\/\" target=\"_blank\"><strong>in particolare sull&#8217;articolo 18<\/strong> <\/a>&#8211; come quelle di una &#8220;<strong>destra in loden<\/strong>&#8220;,\u00a0 con un ruolo di &#8220;stampella&#8221; del governo Monti che a Nichi proprio non va gi\u00f9.<\/p>\n<p>Cos\u00ec il Veltroni furioso definisce &#8220;inaccettabile, un vecchio e pericoloso vizio dare etichette a chi la pensa in modo diverso. La sinistra \u00e8 la parola chiave della mia vita e <strong>non posso sopportare di essere definito un traditore<\/strong>&#8220;.\u00a0 E&#8217; indignato, Walter&#8230; almeno Nichi gli avesse dato dell&#8217; <strong>a-comunista<\/strong> o <strong>mai-comunista<\/strong>&#8230;\u00a0 Cos\u00ec ha convocato una conferenza stampa per rispondere all&#8217;uomo che sfida e spesso batte il Pd alle primarie, con grande imbarazzo di molti <em>democrat<\/em> e del segretario<strong> Bersani<\/strong>. &#8220;Era dal 2009 &#8211; dice Veltroni &#8211; che non facevo una conferenza stampa, non ho titoli ma voglio rispondere perch\u00e9 non riguarda solo me. <strong>Gradirei Vendola si scusasse<\/strong>&#8220;.<\/p>\n<p>&#8220;Io non mi permetter\u00f2 mai di dire che era di destra chi, uno ad uno, <strong>vot\u00f2 nel \u201998 per far cadere Prodi<\/strong>. Combattei la scelta ma non ho mai dato patenti di traditori.\u00a0 Per una certa sinistra &#8211; sostiene Veltroni &#8211; \u00e8 traditore chi ha idee diverse magari anticipatrici, successe a <strong>Berlinguer<\/strong>, a <strong>Lama<\/strong>, a <strong>Trentin<\/strong>. \u00c8 legittimo avere idee diverse anche critiche ma non si pu\u00f2 dare patenti. Spero sia stato un incidente e che Nichi abbia la bont\u00e0 di dire che gli sia sfuggita. <strong>Non posso pensare che sia una linea politica<\/strong> altrimenti bisognerebbe discutere seriamente&#8221;&#8230;<\/p>\n<p>&#8220;Sull\u2019articolo 18 ho detto quanto hanno detto tutti gli esponenti del Pd, a partire da Bersani. Per questo se Vendola pensa veramente che io sia di destra, c\u2019\u00e8 un problema perch\u00e9 <strong>quel che dico io corrisponde alla linea del Pd<\/strong>&#8220;, \u00e8 l&#8217;altro affondo. Cos\u00ec \u00e8 definitivamente strappata, almeno per Veltroni e &#8211; aggiungo &#8211; per il partito dei <strong>Monti-boys<\/strong> nel Pd, quella foto di Vasto che voleva celebrare il <strong>Nuovo Ulivo<\/strong> della <strong>triade Bersani &#8211; Vendola &#8211; Di Pietro<\/strong>. Con la sottintesa richiesta che il Pd &#8220;difenda&#8221; Veltroni medesimo da Nichi, direi, visto l&#8217;accusa non \u00e8 di quelle da lasciar cadere per chi geneticamente \u00e8 cresciuto alla scuola del vecchio Pci e insomma, non \u00e8 che si sia vista molto, questa &#8220;difesa&#8221;. Tanto che <strong>D&#8217;Alema<\/strong> mostra di aver capito al volo il messaggio indiretto e dice, compassato e pure senza grandi afflati: &#8220;Certamente Veltroni non \u00e8 di destra&#8221;&#8230;<\/p>\n<p>Fra scontri sulle primarie di coalizione\u00a0 e primarie per la leadership, fra sogni e realt\u00e0, si consuma l&#8217;ennesimo scontro a sinistra. Altro che alleanze date per certe, tanto pi\u00f9 che Veltroni aggiunge: &#8220;<strong>Il governo Monti sta corrispondendo a sfide come neanche i governi di centrosinistra sono riusciti a fare<\/strong>&#8220;. E questo non \u00e8 certo un giudizio caro al Vendola-pensiero. Ecco come risponde <strong>Fabio Mussi,<\/strong> presidente della direzione di Sel, a Veltroni: &#8220;S\u00ec, caro Walter, brutta cosa appiccicare etichette. Come quelle che nel 2008 portarono all\u2019esclusione della sinistra &#8216;per definizione&#8217; solo e sempre &#8216;radicale&#8217;, e a una drammatica sconfitta elettorale del centrosinistra. O come quella che ogni giorno mette d\u2019autorit\u00e0 fuori dal campo &#8216;riformismo&#8217; chiunque non canti nel coro della sterminata maggioranza economica, politica e mediatica che sostiene il governo in carica&#8230; Chi, come te rivendica una vita a sinistra, dovrebbe pensare piuttosto al posto della sinistra nel futuro dell\u2019Italia. A meno che, naturalmente non si sia voluto parlare a nuora&#8221;. Che anche Fabio Mussi si riferisca all&#8217;eterno\u00a0 scontro tutto interno al Pd?<\/p>\n<p><strong>E Vendola? Rincara la dose<\/strong>: &#8220;Mi sento a mio agio quando parlano i laburisti inglesi e i socialisti francesi. Non mi sento a mio agio quando parla Veltroni che dice cose che Prodi ha definito agghiaccianti. Non mi interessa parlare di Veltroni ma di cosa vuole fare il centrosinistra. Metta al centro il riscatto del mondo del lavoro. Se pensa di genuflettersi al verbo di Marchionne, voglio essere informato. In questo caso non mi interessa questo centrosinistra&#8221;.\u00a0 <strong>Ma il riferimento a Prodi non piace al Professore<\/strong> che tramite ufficio stampa prende le distanze: &#8220;Non \u00e8 corretto che Nichi Vendola usi strumentalmente parole del presidente Prodi per attaccare Walter Veltroni. Non solo perch\u00e9 non \u00e8 giusto tirare in ballo il presidente in una polemica politica che lo vede estraneo ma soprattutto perch\u00e9, come \u00e8 noto, l&#8217;espressione &#8216;agghiacciante&#8221; era frutto di un equivoco gi\u00e0 ampiamente chiarito con lo stesso Veltroni nei giorni scorsi&#8221;. Cos\u00ec <strong>Nichi fa una imbarazzata retromarcia<\/strong> (ma non su Veltroni in loden, altro che scuse, il problema diventa politico: &#8220;Non ho definito agghiacciante n\u00e9 Romano Prodi, n\u00e9 Veltroni. La stagione del gelo ci ha gi\u00e0 funestato abbastanza. Stiamo al merito dei problemi. Le baruffe non mi interessano&#8221;. Eppure in un video sembra proprio che quella parola l&#8217;abbia pronunciata&#8230;<\/p>\n<p><a href=\"https:\/\/www.ilgiornale.it\/interni\/tutti_contro_tuttiil_manicomio_pd\/pd\/29-02-2012\/articolo-id=574802-page=0-comments=1\" target=\"_blank\"><strong>Tutti contro tutti. Il manicomio Pd<\/strong><\/a> di <em>Salvatore Tramontano<\/em><\/p>\n","protected":false},"excerpt":{"rendered":"<p><p>[photopress:walter_veltroni.jpg,thumb,alignleft]Chi \u00e8 di destra e chi \u00e8 di sinistra, a sinistra&#8230; Sembra una battuta ma in realt\u00e0 \u00e8 un siparietto velenoso fra accuse, scomuniche e richiesta di scuse tra Walter Veltroni e Nichi Vendola, una sorta di remake politico della serie &#8220;c&#8217;eravamo tanto amati&#8230; (ma non troppo)&#8221;.\u00a0 Gi\u00e0 perch\u00e9 al buon Walter, non \u00e8 andata gi\u00f9 l&#8217;ultima accusa lanciatagli dal pupillo di Fausto Bertinotti,\u00a0 ora leader del Sel e tessitore del Quarto Polo con Di Pietro, che ha definito le idee dell&#8217;ex segretario del Pd &#8211; in particolare sull&#8217;articolo 18 &#8211; come quelle di una &#8220;destra in loden&#8220;,\u00a0 con un [&hellip;]<\/p>\n&nbsp;&nbsp;<div class=\"readmore\"><a href=\"https:\/\/blog.ilgiornale.it\/taliani\/2012\/02\/28\/veltroni-vendola-ceramo-tanto-amati\/\">Continua a leggere...<\/a><\/div><\/p>","protected":false},"author":7,"featured_media":0,"comment_status":"open","ping_status":"closed","sticky":false,"template":"","format":"standard","meta":[],"categories":[5465,64],"tags":[5722,6794,256466,2907,6749,5718,59,256467,5746,5717,9159,2909,9158,9157,256468,9156],"_links":{"self":[{"href":"https:\/\/blog.ilgiornale.it\/taliani\/wp-json\/wp\/v2\/posts\/710"}],"collection":[{"href":"https:\/\/blog.ilgiornale.it\/taliani\/wp-json\/wp\/v2\/posts"}],"about":[{"href":"https:\/\/blog.ilgiornale.it\/taliani\/wp-json\/wp\/v2\/types\/post"}],"author":[{"embeddable":true,"href":"https:\/\/blog.ilgiornale.it\/taliani\/wp-json\/wp\/v2\/users\/7"}],"replies":[{"embeddable":true,"href":"https:\/\/blog.ilgiornale.it\/taliani\/wp-json\/wp\/v2\/comments?post=710"}],"version-history":[{"count":14,"href":"https:\/\/blog.ilgiornale.it\/taliani\/wp-json\/wp\/v2\/posts\/710\/revisions"}],"predecessor-version":[{"id":724,"href":"https:\/\/blog.ilgiornale.it\/taliani\/wp-json\/wp\/v2\/posts\/710\/revisions\/724"}],"wp:attachment":[{"href":"https:\/\/blog.ilgiornale.it\/taliani\/wp-json\/wp\/v2\/media?parent=710"}],"wp:term":[{"taxonomy":"category","embeddable":true,"href":"https:\/\/blog.ilgiornale.it\/taliani\/wp-json\/wp\/v2\/categories?post=710"},{"taxonomy":"post_tag","embeddable":true,"href":"https:\/\/blog.ilgiornale.it\/taliani\/wp-json\/wp\/v2\/tags?post=710"}],"curies":[{"name":"wp","href":"https:\/\/api.w.org\/{rel}","templated":true}]}}