{"id":75,"date":"2009-03-11T16:02:04","date_gmt":"2009-03-11T15:02:04","guid":{"rendered":"https:\/\/blog.ilgiornale.it\/taliani\/2009\/03\/11\/se-il-cemento-e-di-sinistra\/"},"modified":"2009-03-23T10:09:54","modified_gmt":"2009-03-23T09:09:54","slug":"se-il-cemento-e-di-sinistra","status":"publish","type":"post","link":"https:\/\/blog.ilgiornale.it\/taliani\/2009\/03\/11\/se-il-cemento-e-di-sinistra\/","title":{"rendered":"Se il cemento \u00e8 di sinistra"},"content":{"rendered":"<p>[photopress:genova.jpg,thumb,alignleft]\u00a0Il governo prepara il piano casa e subito il segretario del Pd Dario Franceschini pronuncia il pi\u00f9 ovvio dei no. Come dire: dove sta la notizia? Gi\u00e0, avesse detto s\u00ec, invece. Nulla di nuovo sul fronte dell&#8217;opposizione, parafrando Remarque. Eppure il rilancio dell&#8217;edilizia (privata e pubblica) \u00e8 uno dei pi\u00f9 classici volani dell&#8217;economia perch\u00e9 muove, tra l&#8217;altro, un indotto enorme: dall&#8217;industria all&#8217;artigianato al terziario ai servizi. Ma quello che mi ha colpito nella politica esplosa attorno al piano casa \u00e8 il grido di dolore (politicamente iprocrita) che si \u00e8 levato dagli pseudo-neo ambientalisti dela centro sinistra: cos\u00ec il governo cementifica l&#8217;Italia, \u00e8 in arrivo un nuovo sacco del territorio, sar\u00e0 speculazione selvaggia&#8230; Se non fosse vero non ci crederei. <strong>E bene fa Vittorio Sgarbi a denunciare gli architetti-Attila che hanno cementificato il Belpaese<\/strong> e ora protestano (<a target=\"_blank\" href=\"https:\/\/www.ilgiornale.it\/a.pic1?ID=334816\"><strong>leggi l&#8217;articolo<\/strong><\/a>). E bene fa chi ricorda\u00a0 il partito del cemento delle regioni rosse (qualcuno deve pur ricordarlo a Franceschini).<\/p>\n<p>La polemica sul cemento assomiglia a quella sugli euromissili ai tempi di Craxi e Berlinguer. Ricordate? Per la sinistra i missili dell&#8217;Urss erano &#8220;buoni&#8221;, quelli degli americani &#8220;cattivi&#8221;. Per il cemento \u00e8 lo stesso: quello &#8220;rosso&#8221; \u00e8 buono, buonissimo e fa bene all&#8217;ambiente e al paesaggio. Vallo a spiegare ad Alberto Asor Rosa parlando di vicende edilizie nella rossa Toscana, recenti e passate. Certo, l&#8217;ombra della speculazioni \u00e8 sempre in agguato, per non parlare dell&#8217;abusivismo dei singoli. Piccolo aneddoto personale: &#8220;Signor x &#8211; chiedo a un residente di un comune amministrato dalla sinistra (ma poteva anche essere la destra) &#8211; ma perch\u00e9 ha rialzato abusivamente la casa nel centro storico, proprio a due passi dal comune?&#8221; Risposta: &#8220;Tanto siamo in campagna elettorale, nessuno interverr\u00e0&#8230;&#8221;. Alle successive amministrative il signor x ha poi fatto qualche altro &#8220;lavoretto&#8221;. Insomma, non ci sono solo gli eco-mostri, la materia \u00e8 complicatissima e se ne sono viste di tutti i colori in giro per l&#8217;Italia.\u00a0 Ma pensare di snellire le pratiche burocratiche infinite, costose, defatiganti per aprire i cantiere, poter ampliare la casa d&#8217;abitazione, riqualificare periferie e zone industriali inasprendo le pene per gl iabusi e senza deroghe ai vincoli ambientali e paesaggisti non significa automaticamente voler cementificare il Belpaese.<\/p>\n<p><strong>E le nuove tasse pure&#8230;<\/strong> Stavolta mi sembra che Francheschini e chi lo segue abbiano fatto un autogol. Del resto anche Dario, checch\u00e8 ne dica D&#8217;Alema, veltroneggia guardando a Obama e riparte con le tasse, proprio cos\u00ec, tasse: una bella una tantum da prelevare dalle tasche dei &#8220;ricchi&#8221; per darla ai poveri, altro che capitalismo compassionevole, era l&#8217;idea di Rifondazione quando era al governo assieme a Prodi. Come se le tasse in Italia non fossero gi\u00e0 alte anzi, altissime, soprattutto per chi ha la busta paga (anche da 120mila e pi\u00f9 euro lordi all&#8217;anno)&#8230; Bossi dice che se ne pu\u00f2 discutere. Mah. Prodi ha perso una campagna elettorale proprio sul punto, Berlusconi l&#8217;ha vinta. Qualcosa vorr\u00e0 pur dire.<\/p>\n<p>Il Giornale (luned\u00ec 23 marzo)<strong> <\/strong><a target=\"_blank\" href=\"https:\/\/www.ilgiornale.it\/a.pic1?ID=338254\"><strong>Dietrofront del pd sul piano casa: si pu\u00f2 fare<\/strong><\/a><strong>\/<\/strong><em>di Gian Maria De Francesco<\/em><\/p>\n","protected":false},"excerpt":{"rendered":"<p><p>[photopress:genova.jpg,thumb,alignleft]\u00a0Il governo prepara il piano casa e subito il segretario del Pd Dario Franceschini pronuncia il pi\u00f9 ovvio dei no. Come dire: dove sta la notizia? Gi\u00e0, avesse detto s\u00ec, invece. Nulla di nuovo sul fronte dell&#8217;opposizione, parafrando Remarque. Eppure il rilancio dell&#8217;edilizia (privata e pubblica) \u00e8 uno dei pi\u00f9 classici volani dell&#8217;economia perch\u00e9 muove, tra l&#8217;altro, un indotto enorme: dall&#8217;industria all&#8217;artigianato al terziario ai servizi. Ma quello che mi ha colpito nella politica esplosa attorno al piano casa \u00e8 il grido di dolore (politicamente iprocrita) che si \u00e8 levato dagli pseudo-neo ambientalisti dela centro sinistra: cos\u00ec il governo cementifica [&hellip;]<\/p>\n&nbsp;&nbsp;<div class=\"readmore\"><a href=\"https:\/\/blog.ilgiornale.it\/taliani\/2009\/03\/11\/se-il-cemento-e-di-sinistra\/\">Continua a leggere...<\/a><\/div><\/p>","protected":false},"author":7,"featured_media":0,"comment_status":"open","ping_status":"closed","sticky":false,"template":"","format":"standard","meta":[],"categories":[1],"tags":[],"_links":{"self":[{"href":"https:\/\/blog.ilgiornale.it\/taliani\/wp-json\/wp\/v2\/posts\/75"}],"collection":[{"href":"https:\/\/blog.ilgiornale.it\/taliani\/wp-json\/wp\/v2\/posts"}],"about":[{"href":"https:\/\/blog.ilgiornale.it\/taliani\/wp-json\/wp\/v2\/types\/post"}],"author":[{"embeddable":true,"href":"https:\/\/blog.ilgiornale.it\/taliani\/wp-json\/wp\/v2\/users\/7"}],"replies":[{"embeddable":true,"href":"https:\/\/blog.ilgiornale.it\/taliani\/wp-json\/wp\/v2\/comments?post=75"}],"version-history":[{"count":0,"href":"https:\/\/blog.ilgiornale.it\/taliani\/wp-json\/wp\/v2\/posts\/75\/revisions"}],"wp:attachment":[{"href":"https:\/\/blog.ilgiornale.it\/taliani\/wp-json\/wp\/v2\/media?parent=75"}],"wp:term":[{"taxonomy":"category","embeddable":true,"href":"https:\/\/blog.ilgiornale.it\/taliani\/wp-json\/wp\/v2\/categories?post=75"},{"taxonomy":"post_tag","embeddable":true,"href":"https:\/\/blog.ilgiornale.it\/taliani\/wp-json\/wp\/v2\/tags?post=75"}],"curies":[{"name":"wp","href":"https:\/\/api.w.org\/{rel}","templated":true}]}}