{"id":754,"date":"2012-03-12T12:34:45","date_gmt":"2012-03-12T11:34:45","guid":{"rendered":"https:\/\/blog.ilgiornale.it\/taliani\/?p=754"},"modified":"2012-03-12T23:39:20","modified_gmt":"2012-03-12T22:39:20","slug":"bossi-si-slega-e-poi","status":"publish","type":"post","link":"https:\/\/blog.ilgiornale.it\/taliani\/2012\/03\/12\/bossi-si-slega-e-poi\/","title":{"rendered":"Bossi si (s)lega. E poi?"},"content":{"rendered":"<p>[photopress:cota_bossi2.jpg,thumb,alignleft]Sar\u00e0 l&#8217;effetto dell&#8217;antipolitica che ha fatto precipitare la credibilit\u00e0 dei partiti in tempi di crisi e di recessione, sar\u00e0 l&#8217;effetto delle tante, troppe tasse, piovute come una maledizione biblica sugli italiani, sar\u00e0 l&#8217;effetto dello scontro interno che attanaglia e divide la <strong>Lega<\/strong> (con<strong> Bobo Maroni<\/strong>) che avanza) e arriva fino al limite dell&#8217;anatema o forse tutte queste cose assieme, sta di fatto che Umberto Bossi ha slegato la Lega dal <strong>Pdl<\/strong>. Il Carroccio \u00e8 all&#8217;opposizione, <strong>Monti<\/strong> \u00e8 il nemico da combattere e da abbattere, inclusa la &#8220;strana&#8221; maggioranza che lo sostiene, e sul territorio tiene le mani libere. Cos\u00ec Bossi, con il solito e conosciuto fuoco di fila di frasi a effetto, attacchi e qualche &#8220;dimenticanza&#8221; (casualmente il discorso di rottura con il Pdl lo ha tenuto a Collegno&#8230; ricordate lo smemorato?) ha varcato il suo personale Rubicone. La Lega <strong>corre da sola, alle elezioni amministrative<\/strong> (salvo eccezioni autorizzate solo dal capo), la premiata ditta Bossi &amp; Berlusconi perde un socio e alla via cos\u00ec&#8230; Ma verso quale approdo, mi chiedo? Arroccarsi in difesa dell&#8217;interesse di bottega (voti) come invece hanno fatto Pdl e Pd dove e a cosa porter\u00e0? Contrapporre l&#8217;accentuazione localistica del partito alla visione che ingloba l&#8217;interesse generale del Paese \u00e8 una partita che pare persa in partenza. Come arriver\u00e0 la Lega all&#8217;appuntamento pi\u00f9 importante: le elezioni politiche del 2013? E al voto sar\u00e0 la stessa Lega di oggi o assisteremo a una diaspora? Il partito padano \u00e8 ammaccato fra accuse di &#8220;romanizzazione&#8221;, divaricazione fra parte del gruppo dirigente e periferia (leggi sindaci, a partire da<strong> Flavio Tosi<\/strong> a Verona a cui ha vietato la lista personale).<\/p>\n<p>L&#8217;appoggio di Berlusconi al governo Monti per ora pare un confine insuperabile, se si guarda al presente. Ma se si guarda avanti, al dopo governo tecnico, cala la nebbia, come accade nelle battaglie quando un generale non riesce a capire che cosa sta facendo l&#8217;avversario e magari si finisce in una trappola. Al momento la prospettiva di arroccarsi sulla linea padana regalando un po&#8217; di comuni alla sinistra (cosa che accadr\u00e0 senza accordi con il Pdl) salvando forse il proprio core business elettorale pare di corto respiro. La splendida solitudine, l&#8217; isolamento attendista, il ritorno alla Lega di lotta dai toni secessionisti, porteranno fieno nella cascina padana, ammesso che queste parole d&#8217;ordine siano ancora credibili? Oppure in prospettiva favorir\u00e0 il rassemblement dei moderati (da Casini a chi nel Pd \u00e8 insofferente verso la linea di Bersani), al quale molti lavorano da tempo in particolare quelli che, divisi in Italia, sono per\u00f2 uniti in Europa nel Ppe?<\/p>\n<p><a title=\"Bossi suicida la Lega\" href=\"https:\/\/www.ilgiornale.it\/interni\/bossi_suicida_lega\/terzo_polo-pdl-umberto_bossi-udc-lega_nord-casini\/12-03-2012\/articolo-id=576964-page=0-comments=1\" target=\"_blank\"><strong>BOSSI SUICIDA LA LEGA<\/strong><\/a> di <em>Vittorio Feltri<\/em><\/p>\n","protected":false},"excerpt":{"rendered":"<p><p>[photopress:cota_bossi2.jpg,thumb,alignleft]Sar\u00e0 l&#8217;effetto dell&#8217;antipolitica che ha fatto precipitare la credibilit\u00e0 dei partiti in tempi di crisi e di recessione, sar\u00e0 l&#8217;effetto delle tante, troppe tasse, piovute come una maledizione biblica sugli italiani, sar\u00e0 l&#8217;effetto dello scontro interno che attanaglia e divide la Lega (con Bobo Maroni) che avanza) e arriva fino al limite dell&#8217;anatema o forse tutte queste cose assieme, sta di fatto che Umberto Bossi ha slegato la Lega dal Pdl. Il Carroccio \u00e8 all&#8217;opposizione, Monti \u00e8 il nemico da combattere e da abbattere, inclusa la &#8220;strana&#8221; maggioranza che lo sostiene, e sul territorio tiene le mani libere. Cos\u00ec Bossi, [&hellip;]<\/p>\n&nbsp;&nbsp;<div class=\"readmore\"><a href=\"https:\/\/blog.ilgiornale.it\/taliani\/2012\/03\/12\/bossi-si-slega-e-poi\/\">Continua a leggere...<\/a><\/div><\/p>","protected":false},"author":7,"featured_media":0,"comment_status":"open","ping_status":"closed","sticky":false,"template":"","format":"standard","meta":[],"categories":[64],"tags":[9189,256466,937,9188,2883,9184,9191,65,9186,9185,93,9187,184,256467,256464,9190,2914],"_links":{"self":[{"href":"https:\/\/blog.ilgiornale.it\/taliani\/wp-json\/wp\/v2\/posts\/754"}],"collection":[{"href":"https:\/\/blog.ilgiornale.it\/taliani\/wp-json\/wp\/v2\/posts"}],"about":[{"href":"https:\/\/blog.ilgiornale.it\/taliani\/wp-json\/wp\/v2\/types\/post"}],"author":[{"embeddable":true,"href":"https:\/\/blog.ilgiornale.it\/taliani\/wp-json\/wp\/v2\/users\/7"}],"replies":[{"embeddable":true,"href":"https:\/\/blog.ilgiornale.it\/taliani\/wp-json\/wp\/v2\/comments?post=754"}],"version-history":[{"count":5,"href":"https:\/\/blog.ilgiornale.it\/taliani\/wp-json\/wp\/v2\/posts\/754\/revisions"}],"predecessor-version":[{"id":760,"href":"https:\/\/blog.ilgiornale.it\/taliani\/wp-json\/wp\/v2\/posts\/754\/revisions\/760"}],"wp:attachment":[{"href":"https:\/\/blog.ilgiornale.it\/taliani\/wp-json\/wp\/v2\/media?parent=754"}],"wp:term":[{"taxonomy":"category","embeddable":true,"href":"https:\/\/blog.ilgiornale.it\/taliani\/wp-json\/wp\/v2\/categories?post=754"},{"taxonomy":"post_tag","embeddable":true,"href":"https:\/\/blog.ilgiornale.it\/taliani\/wp-json\/wp\/v2\/tags?post=754"}],"curies":[{"name":"wp","href":"https:\/\/api.w.org\/{rel}","templated":true}]}}